{"id":538346,"date":"2025-11-16T15:19:19","date_gmt":"2025-11-16T15:19:19","guid":{"rendered":"https:\/\/www.europesays.com\/fr\/538346\/"},"modified":"2025-11-16T15:19:19","modified_gmt":"2025-11-16T15:19:19","slug":"le-film-numero-3-de-netflix-seduit-les-abonnes","status":"publish","type":"post","link":"https:\/\/www.europesays.com\/fr\/538346\/","title":{"rendered":"Le film num\u00e9ro 3 de Netflix s\u00e9duit les abonn\u00e9s"},"content":{"rendered":"<p>La m\u00e9t\u00e9o pluvieuse ne vous donne aucunement envie de sortir, mais plut\u00f4t de vous emmitoufler sous un plaid et de regarder un bon film bien au chaud ? \u00c7a tombe bien pour les abonn\u00e9s \u00e0 Netflix, la plateforme de streaming avait tout pr\u00e9vu ! Le g\u00e9ant am\u00e9ricain n\u2019a pas l\u00e9sin\u00e9 sur le budget pour proposer \u00e0 ses abonn\u00e9s <a href=\"https:\/\/www.programme-tv.net\/news\/series-tv\/314930-netflix-toutes-les-dates-de-sortie-de-vos-series-preferees-de-2023\/\" data-api-deeplink=\"teleloisirs:\/\/news\/314930\" target=\"_blank\" rel=\"noopener\">un catalogue bien fourni<\/a> ! <a href=\"https:\/\/www.programme-tv.net\/news\/cinema\/391653-frankenstein-netflix-a-quoi-ressemble-jacob-elordi-qui-joue-la-creature-sans-les-effets-speciaux-photo\/\" data-api-deeplink=\"teleloisirs:\/\/news\/391653\" target=\"_blank\" rel=\"noopener\">Le Frankenstein de Guillermo del Toro<\/a> a su s\u00e9duire les amoureux des blockbusters et est directement entr\u00e9 dans le top d\u00e8s sa sortie le 7 novembre dernier. Pour ceux qui pr\u00e9f\u00e8rent quelque chose de plus feel good, une com\u00e9die romantique remporte actuellement tous les suffrages ! Mango, sorti \u00e9galement le 7 novembre, se place num\u00e9ro 3 dans le top des films les plus regard\u00e9s en ce moment sur Netflix, juste derri\u00e8re le chef-d&rsquo;\u0153uvre de del Toro et le dessin anim\u00e9 Dans tes r\u00eaves. Mieux encore, il a int\u00e9gr\u00e9 le top 10 dans presque 50 pays depuis sa sortie. Pour ceux qui ne lui auraient pas encore donn\u00e9 sa chance, on vous explique la recette de son succ\u00e8s, histoire de vous convaincre vous aussi !<\/p>\n<p>                        De quoi parle Mango, la com\u00e9die romantique qui se hisse \u00e0 la troisi\u00e8me place des films les plus vus sur Netflix ?<\/p>\n<p>Prenez un homme et une femme au pass\u00e9 tragique, que tout semble opposer et laissez-les tomber amoureux dans un environnement digne des plus belles cartes postales. Voil\u00e0 comment r\u00e9sumer bri\u00e8vement Mango, le nouveau film du r\u00e9alisateur danois Mehdi Avaz qui d\u00e9cha\u00eene tant les passions sur Netflix. Si vous avez besoin d\u2019un peu plus de d\u00e9tails afin de vous projeter, voici ce que vous devriez savoir avant d\u2019appuyer sur \u00ab\u00a0play\u00a0\u00bb. L\u00e6rke, jou\u00e9e par Jos\u00e9phine Park, une directrice d\u2019h\u00f4tel danoise tr\u00e8s ambitieuse, re\u00e7oit pour mission d\u2019ouvrir un complexe h\u00f4telier de luxe en plein milieu d\u2019une plantation de manguiers, \u00e0 Malaga, en Espagne. Probl\u00e8me : le terrain appartient \u00e0 Alex, interpr\u00e9t\u00e9 par Dar Salim, un ancien avocat devenu cultivateur, qui refuse de vendre \u00e0 cause d\u2019un pass\u00e9 douloureux. L\u00e6rke d\u00e9cide alors de se d\u00e9placer jusqu\u2019en Espagne, accompagn\u00e9e de sa fille Agnes, incarn\u00e9e par Josephine H\u00f8jbjerg, avec l\u2019id\u00e9e de r\u00e9soudre ce litige, mais aussi dans l\u2019espoir que ce s\u00e9jour sera l\u2019occasion de se rapprocher de sa fille. Si au d\u00e9part il y a beaucoup de frictions entre L\u00e6rke et Alex, des sentiments inattendus finissent par na\u00eetre. Tout cela, bien s\u00fbr, dans de magnifiques paysages entre terre et mer, \u00e0 base de balades en quad et de f\u00eates de village. Avec un pitch pareil, il n\u2019est pas \u00e9tonnant que Mango s\u00e9duise tout le monde : c\u2019est exactement la dose de r\u00e9confort dont on a tous besoin en ce moment !<\/p>\n<p>            \u00ab\u00a0Tr\u00e8s bon film\u00a0\u00bb : les internautes accros \u00e0 Mango, la nouvelle com\u00e9die romantique aux airs de vacances de Netflix<\/p>\n<p>Si Mango s\u2019est rapidement hiss\u00e9 en haut du classement des films les plus visionn\u00e9s sur Netflix, ce n\u2019est pas un hasard, les abonn\u00e9s tombent les uns apr\u00e8s les autres sous le charme de l\u2019histoire d\u2019amour m\u00e9diterran\u00e9enne entre L\u00e6rke et Alex ! \u00ab\u00a0Bien aim\u00e9, moi, \u00e7a change\u00a0\u00bb, \u00ab\u00a0super beau\u00a0\u00bb, \u00ab\u00a0moi aussi, j\u2019ai ador\u00e9 !!! Une histoire sympathique\u00a0\u00bb ou encore \u00ab\u00a0Tr\u00e8s bon film\u00a0\u00bb, peut-on lire comme retour sur la page Facebook de Netflix France g\u00e9r\u00e9e par T\u00e9l\u00e9-Loisirs. Un v\u00e9ritable succ\u00e8s !<\/p>\n","protected":false},"excerpt":{"rendered":"La m\u00e9t\u00e9o pluvieuse ne vous donne aucunement envie de sortir, mais plut\u00f4t de vous emmitoufler sous un plaid&hellip;\n","protected":false},"author":2,"featured_media":538347,"comment_status":"","ping_status":"","sticky":false,"template":"","format":"standard","meta":{"footnotes":""},"categories":[1354],"tags":[2083,244,58,59,6214,1346,1011,27,48905,64215,1360,127,1722,129],"class_list":{"0":"post-538346","1":"post","2":"type-post","3":"status-publish","4":"format-standard","5":"has-post-thumbnail","7":"category-films","8":"tag-bandes-annonces","9":"tag-commentaire","10":"tag-divertissement","11":"tag-entertainment","12":"tag-film-netflix","13":"tag-films","14":"tag-fr","15":"tag-france","16":"tag-mango","17":"tag-mango-1565990958","18":"tag-movies","19":"tag-netflix","20":"tag-pub-streaming-netflix","21":"tag-svod"},"share_on_mastodon":{"url":"https:\/\/pubeurope.com\/@fr\/115560052631339161","error":""},"_links":{"self":[{"href":"https:\/\/www.europesays.com\/fr\/wp-json\/wp\/v2\/posts\/538346","targetHints":{"allow":["GET"]}}],"collection":[{"href":"https:\/\/www.europesays.com\/fr\/wp-json\/wp\/v2\/posts"}],"about":[{"href":"https:\/\/www.europesays.com\/fr\/wp-json\/wp\/v2\/types\/post"}],"author":[{"embeddable":true,"href":"https:\/\/www.europesays.com\/fr\/wp-json\/wp\/v2\/users\/2"}],"replies":[{"embeddable":true,"href":"https:\/\/www.europesays.com\/fr\/wp-json\/wp\/v2\/comments?post=538346"}],"version-history":[{"count":0,"href":"https:\/\/www.europesays.com\/fr\/wp-json\/wp\/v2\/posts\/538346\/revisions"}],"wp:featuredmedia":[{"embeddable":true,"href":"https:\/\/www.europesays.com\/fr\/wp-json\/wp\/v2\/media\/538347"}],"wp:attachment":[{"href":"https:\/\/www.europesays.com\/fr\/wp-json\/wp\/v2\/media?parent=538346"}],"wp:term":[{"taxonomy":"category","embeddable":true,"href":"https:\/\/www.europesays.com\/fr\/wp-json\/wp\/v2\/categories?post=538346"},{"taxonomy":"post_tag","embeddable":true,"href":"https:\/\/www.europesays.com\/fr\/wp-json\/wp\/v2\/tags?post=538346"}],"curies":[{"name":"wp","href":"https:\/\/api.w.org\/{rel}","templated":true}]}}