{"id":538350,"date":"2025-11-16T15:21:19","date_gmt":"2025-11-16T15:21:19","guid":{"rendered":"https:\/\/www.europesays.com\/fr\/538350\/"},"modified":"2025-11-16T15:21:19","modified_gmt":"2025-11-16T15:21:19","slug":"ebbe-bordeaux-la-composition-dequipe-des-girondins-pour-le-7e-coupe-de-france","status":"publish","type":"post","link":"https:\/\/www.europesays.com\/fr\/538350\/","title":{"rendered":"EBBE-Bordeaux : la composition d&rsquo;\u00e9quipe des Girondins pour le 7e Coupe de France"},"content":{"rendered":"<p><img decoding=\"async\" src=\"https:\/\/www.europesays.com\/fr\/wp-content\/uploads\/2025\/07\/671_863837160a59bd9ed8da66ea9f54a1da.png\" alt=\"EBBE-Bordeaux : la composition d'\u00e9quipe des Girondins pour le 7e Coupe de France\" class=\"img-responsive mt-3\"\/><\/p>\n<p class=\"text-center mb-3\" style=\"font-size: 14px\">\u00a9 Iconsport<\/p>\n<p>      <strong>Le 11 de d\u00e9part des Girondins de Bordeaux face \u00e0 l&rsquo;Entente-Bo\u00e9-Bon-Encontre<\/strong><\/p>\n<p>Le <a href=\"https:\/\/www.webgirondins.com\/actualite-girondins-ebbe-bordeaux-le-groupe-des-girondins-pour-le-7e-tour-de-coupe-de-france-avec-etienne-beugre-131156\" target=\"_blank\" rel=\"noopener\">groupe des Girondins est disponible ici<\/a>.<\/p>\n<p>La composition d&rsquo;\u00e9quipe officielle des Girondins\u00a0 :<\/p>\n<p><img decoding=\"async\" src=\"https:\/\/www.europesays.com\/fr\/wp-content\/uploads\/2025\/11\/4-4-2 (64)-1.jpg\" alt=\"4-4-2 (64)-1.jpg (78 KB)\" style=\"width:700px;max-width:100%;\"\/><\/p>\n<p>Le banc : Hoekstra, Besse, Jousselin, Odru, Beugre, Rizaldos.<\/p>\n<p>Le coup d&rsquo;envoi du match est \u00e0 15h45.<\/p>\n<p>Suivre notre <a href=\"https:\/\/www.youtube.com\/watch?v=gsntpZRDoqI\" target=\"_blank\" rel=\"noopener\">\u00e9mission Bord terrain \u00e0 15h05 en duplex du Stade Armandie d&rsquo;Agen<\/a>.<\/p>\n<p>Ce navigateur ne supporte pas les iframes<\/p>\n<p>\u00c0 lire &gt;&gt; <strong><a href=\"https:\/\/www.webgirondins.com\/actualite-girondins-coupe-de-france-combien-d-argent-peuvent-gagner-les-girondins-de-bordeaux-131148\" target=\"_blank\" rel=\"noopener\">Coupe de France : combien d&rsquo;argent peuvent gagner les Girondins de Bordeaux ?<\/a><\/strong><\/p>\n<p>Notre podcast court sur l&rsquo;actualit\u00e9 des Girondins :<\/p>\n<p>\u00a0<\/p>\n","protected":false},"excerpt":{"rendered":"\u00a9 Iconsport Le 11 de d\u00e9part des Girondins de Bordeaux face \u00e0 l&rsquo;Entente-Bo\u00e9-Bon-Encontre Le groupe des Girondins est&hellip;\n","protected":false},"author":2,"featured_media":284514,"comment_status":"","ping_status":"","sticky":false,"template":"","format":"standard","meta":{"footnotes":""},"categories":[9],"tags":[1997,3984,615,3474,3985,6664,65725,65090,18131,2263,2823,1011,27,1987,471,60,3584],"class_list":{"0":"post-538350","1":"post","2":"type-post","3":"status-publish","4":"format-standard","5":"has-post-thumbnail","7":"category-sports","8":"tag-bordeaux","9":"tag-composition","10":"tag-coupe","11":"tag-decouvrez","12":"tag-depart","13":"tag-dimanche","14":"tag-ebbe","15":"tag-encontre","16":"tag-entente","17":"tag-equipe","18":"tag-face","19":"tag-fr","20":"tag-france","21":"tag-girondins","22":"tag-pour","23":"tag-sports","24":"tag-tour"},"share_on_mastodon":{"url":"https:\/\/pubeurope.com\/@fr\/115560060500187324","error":""},"_links":{"self":[{"href":"https:\/\/www.europesays.com\/fr\/wp-json\/wp\/v2\/posts\/538350","targetHints":{"allow":["GET"]}}],"collection":[{"href":"https:\/\/www.europesays.com\/fr\/wp-json\/wp\/v2\/posts"}],"about":[{"href":"https:\/\/www.europesays.com\/fr\/wp-json\/wp\/v2\/types\/post"}],"author":[{"embeddable":true,"href":"https:\/\/www.europesays.com\/fr\/wp-json\/wp\/v2\/users\/2"}],"replies":[{"embeddable":true,"href":"https:\/\/www.europesays.com\/fr\/wp-json\/wp\/v2\/comments?post=538350"}],"version-history":[{"count":0,"href":"https:\/\/www.europesays.com\/fr\/wp-json\/wp\/v2\/posts\/538350\/revisions"}],"wp:featuredmedia":[{"embeddable":true,"href":"https:\/\/www.europesays.com\/fr\/wp-json\/wp\/v2\/media\/284514"}],"wp:attachment":[{"href":"https:\/\/www.europesays.com\/fr\/wp-json\/wp\/v2\/media?parent=538350"}],"wp:term":[{"taxonomy":"category","embeddable":true,"href":"https:\/\/www.europesays.com\/fr\/wp-json\/wp\/v2\/categories?post=538350"},{"taxonomy":"post_tag","embeddable":true,"href":"https:\/\/www.europesays.com\/fr\/wp-json\/wp\/v2\/tags?post=538350"}],"curies":[{"name":"wp","href":"https:\/\/api.w.org\/{rel}","templated":true}]}}