{"id":538351,"date":"2025-11-16T15:22:14","date_gmt":"2025-11-16T15:22:14","guid":{"rendered":"https:\/\/www.europesays.com\/fr\/538351\/"},"modified":"2025-11-16T15:22:14","modified_gmt":"2025-11-16T15:22:14","slug":"audrey-crespo-mara-deprogrammee-pourquoi-vous-ne-la-reverrez-pas-avant-plusieurs-jours","status":"publish","type":"post","link":"https:\/\/www.europesays.com\/fr\/538351\/","title":{"rendered":"Audrey Crespo-Mara d\u00e9programm\u00e9e, pourquoi vous ne la reverrez pas avant plusieurs jours"},"content":{"rendered":"<p>Chaque dimanche, les t\u00e9l\u00e9spectateurs de TF1 ont rendez-vous avec<br \/>\nSept \u00e0 huit, le magazine phare pilot\u00e9 par <strong>Harry<br \/>\nRoselmack<\/strong> et rythm\u00e9 par <a href=\"https:\/\/www.closermag.fr\/people\/il-ma-laissee-finir-ma-vie-sans-lui-echange-tres-emouvant-entre-audrey-crespo-mara-et-marina-fois-3581104\" target=\"_blank\" rel=\"noopener\"><br \/>\nLe portrait de la semaine d\u2019Audrey Crespo-Mara<\/a>. Mais<br \/>\nce 16 novembre 2025, les fid\u00e8les du programme devront revoir leurs<br \/>\nhabitudes. Le magazine d\u2019information est tout simplement<br \/>\n<strong>d\u00e9programm\u00e9<\/strong>. Une <strong>absence<\/strong><br \/>\ninhabituelle pour l\u2019\u00e9mission qui r\u00e9unit chaque semaine des<br \/>\nreportages sur l\u2019actualit\u00e9 internationale, politique et<br \/>\nsoci\u00e9tale.<\/p>\n<p>Cette fois, <strong>l\u2019interruption<\/strong> n\u2019a rien d\u2019un<br \/>\nmyst\u00e8re \u00e9ditorial. La cha\u00eene a choisi de<br \/>\n<strong>bouleverser<\/strong> sa grille, privant les t\u00e9l\u00e9spectateurs<br \/>\ndu rendez-vous dominical. Pourquoi TF1<br \/>\n<strong>renonce<\/strong>-t-elle \u00e0 diffuser l\u2019un de ses<br \/>\n<strong>magazines les plus suivis<\/strong> ? Et surtout, quel<br \/>\nprogramme prendra la <strong>place<\/strong> de Sept \u00e0 huit<br \/>\ndans la case habituelle de fin d\u2019apr\u00e8s-midi ?<\/p>\n<p>Entre t\u00e9l\u00e9vision et vie personnelle boulevers\u00e9e par la mort de<br \/>\nThierry Ardisson<\/p>\n<p>L\u2019absence de la journaliste \u00e0 l\u2019antenne intervient alors<br \/>\nqu\u2019Audrey Crespo-Mara continue de susciter<br \/>\n<strong>l\u2019int\u00e9r\u00eat<\/strong> du public notamment depuis la <a href=\"https:\/\/www.closermag.fr\/people\/audrey-crespo-mara-a-besoin-devacuer-un-mois-apres-la-mort-de-thierry-ardisson-son-dur-retour-aux-affaires-3571292\" target=\"_blank\" rel=\"noopener\"><br \/>\ndisparition de son mari, Thierry Ardisson<\/a>, le 14 juillet 2025.<br \/>\nDans une interview accord\u00e9e \u00e0 Gala, elle \u00e9voquait<br \/>\nr\u00e9cemment le <strong>secret de leur amour,<\/strong> un lien qui<br \/>\naura dur\u00e9 plus de <strong>quinze ans.<\/strong> \u2018\u2018On est tout le<br \/>\ntemps <strong>l\u2019un chez l\u2019autre<\/strong>, je pense que nous passons<br \/>\n<strong>beaucoup plus de temps ensemble<\/strong> qu\u2019un couple qui a<br \/>\nune vie de bureau.\u2019\u2019 Une complicit\u00e9 n\u00e9e en<br \/>\n<strong>2009<\/strong>, lors de leur rencontre dans la matinale de<br \/>\nLCI, que Thierry Ardisson qualifiait lui-m\u00eame de<br \/>\n\u2018\u2018<strong>coup de foudre<\/strong>.\u2019\u2019<\/p>\n<p>Cette histoire, marqu\u00e9e par la <strong>passion<\/strong> et un<br \/>\nquotidien <strong>fusionnel<\/strong>, continue d\u2019\u00e9mouvoir.<br \/>\n\u2018\u2018Nous sommes <strong>heureux<\/strong>. On<br \/>\n<strong>s\u2019aime<\/strong> comme des <strong>fous<\/strong>.\u2019\u2019<br \/>\nd\u00e9clarait encore l\u2019animateur en 2023, dix ans apr\u00e8s leur mariage.<br \/>\nLeur relation aura travers\u00e9 les <strong>ann\u00e9es<\/strong> et les<br \/>\n<strong>\u00e9preuves<\/strong> jusqu\u2019\u00e0 la <strong>disparition de l\u2019homme<br \/>\nde t\u00e9l\u00e9vision<\/strong>, emport\u00e9 par un <strong>cancer du<br \/>\nfoie.<\/strong> Une page intime qui se tourne, pendant que la<br \/>\njournaliste poursuit, avec discr\u00e9tion et professionnalisme, ses<br \/>\n<strong>engagements sur TF1.<\/strong><\/p>\n<p>Audrey Crespo-Mara d\u00e9programm\u00e9e par<br \/>\nTF1<\/p>\n<p>Si <a href=\"https:\/\/www.closermag.fr\/people\/audrey-crespo-mara-belle-rentree-a-tous-cette-nouvelle-encourageante-apres-un-ete-endeuille-3574751\" target=\"_blank\" rel=\"noopener\"><br \/>\nHarry Roselmack et Audrey Crespo-Mara<\/a> seront aux abonn\u00e9s<br \/>\n<strong>absents<\/strong>, ce n\u2019est pas par choix. TF1 consacre<br \/>\ncette case strat\u00e9gique au <strong>sport<\/strong>. La cha\u00eene<br \/>\nretransmet le <strong>match Azerba\u00efdjan \/ France<\/strong> dans le<br \/>\ncadre des \u00e9liminatoires de la prochaine Coupe du monde. Une<br \/>\nrencontre <strong>sans v\u00e9ritable enjeu<\/strong> pour <strong>les<br \/>\nBleus,<\/strong> d\u00e9j\u00e0 <strong>qualifi\u00e9s<\/strong> apr\u00e8s leur victoire<br \/>\n4\u20130 face \u00e0 l\u2019Ukraine quelques jours plus t\u00f4t. Cons\u00e9quence directe :<br \/>\nSept \u00e0 huit <strong>dispara\u00eet pour un dimanche<br \/>\nseulement.<\/strong><\/p>\n<p>Une d\u00e9cision qui s\u2019explique par l\u2019importance des<br \/>\n<strong>comp\u00e9titions internationales pour TF1<\/strong> qui n\u2019h\u00e9site<br \/>\npas \u00e0 <strong>r\u00e9organiser<\/strong> sa grille lorsqu\u2019un match de<br \/>\nl\u2019\u00e9quipe de France est programm\u00e9. Le magazine d\u2019information<br \/>\nreviendra d\u00e8s <strong>dimanche prochain, \u00e0 partir de 17h15, \u00e0 son<br \/>\nhoraire habituel.<\/strong><\/p>\n","protected":false},"excerpt":{"rendered":"Chaque dimanche, les t\u00e9l\u00e9spectateurs de TF1 ont rendez-vous avec Sept \u00e0 huit, le magazine phare pilot\u00e9 par Harry&hellip;\n","protected":false},"author":2,"featured_media":538352,"comment_status":"","ping_status":"","sticky":false,"template":"","format":"standard","meta":{"footnotes":""},"categories":[8],"tags":[17979,58,59,1011,27,45253,17978],"class_list":{"0":"post-538351","1":"post","2":"type-post","3":"status-publish","4":"format-standard","5":"has-post-thumbnail","7":"category-divertissement","8":"tag-audrey-crespo-mara","9":"tag-divertissement","10":"tag-entertainment","11":"tag-fr","12":"tag-france","13":"tag-harry-roselmack","14":"tag-sept-a-huit"},"share_on_mastodon":{"url":"https:\/\/pubeurope.com\/@fr\/115560065077145984","error":""},"_links":{"self":[{"href":"https:\/\/www.europesays.com\/fr\/wp-json\/wp\/v2\/posts\/538351","targetHints":{"allow":["GET"]}}],"collection":[{"href":"https:\/\/www.europesays.com\/fr\/wp-json\/wp\/v2\/posts"}],"about":[{"href":"https:\/\/www.europesays.com\/fr\/wp-json\/wp\/v2\/types\/post"}],"author":[{"embeddable":true,"href":"https:\/\/www.europesays.com\/fr\/wp-json\/wp\/v2\/users\/2"}],"replies":[{"embeddable":true,"href":"https:\/\/www.europesays.com\/fr\/wp-json\/wp\/v2\/comments?post=538351"}],"version-history":[{"count":0,"href":"https:\/\/www.europesays.com\/fr\/wp-json\/wp\/v2\/posts\/538351\/revisions"}],"wp:featuredmedia":[{"embeddable":true,"href":"https:\/\/www.europesays.com\/fr\/wp-json\/wp\/v2\/media\/538352"}],"wp:attachment":[{"href":"https:\/\/www.europesays.com\/fr\/wp-json\/wp\/v2\/media?parent=538351"}],"wp:term":[{"taxonomy":"category","embeddable":true,"href":"https:\/\/www.europesays.com\/fr\/wp-json\/wp\/v2\/categories?post=538351"},{"taxonomy":"post_tag","embeddable":true,"href":"https:\/\/www.europesays.com\/fr\/wp-json\/wp\/v2\/tags?post=538351"}],"curies":[{"name":"wp","href":"https:\/\/api.w.org\/{rel}","templated":true}]}}