{"id":538361,"date":"2025-11-16T15:28:21","date_gmt":"2025-11-16T15:28:21","guid":{"rendered":"https:\/\/www.europesays.com\/fr\/538361\/"},"modified":"2025-11-16T15:28:21","modified_gmt":"2025-11-16T15:28:21","slug":"monica-bellucci-cate-blanchett-le-pape-convoque-les-plus-grandes-stars-voici-les-10-images-a-ne-pas-louper-de-la-visite","status":"publish","type":"post","link":"https:\/\/www.europesays.com\/fr\/538361\/","title":{"rendered":"Monica Bellucci, Cate Blanchett\u2026 Le Pape convoque les plus grandes stars, voici les 10 images \u00e0 ne pas louper de la visite"},"content":{"rendered":"<p>Samedi 15 octobre, la salle Cl\u00e9mentine du Vatican a accueilli<br \/>\npr\u00e8s de <strong>200 figures influentes du cin\u00e9ma<\/strong>. Spike<br \/>\nLee, Cate Blanchett ou encore Monica Bellucci faisaient partie des<br \/>\npersonnalit\u00e9s venues \u00e9changer avec le pape L\u00e9on XIV, qui a profit\u00e9<br \/>\nde cette rencontre pour saluer la richesse du septi\u00e8me art.<\/p>\n<p>Qualifiant le cin\u00e9ma \u00ab\u00a0<strong>d\u2019art<br \/>\npopulaire<\/strong>\u00ab\u00a0, il a livr\u00e9 un hommage appuy\u00e9 \u00e0 cette<br \/>\ndiscipline. Il la voit comme \u00ab\u00a0un art jeune, r\u00eaveur et quelque<br \/>\npeu agit\u00e9, m\u00eame s\u2019il a d\u00e9sormais cent ans. Destin\u00e9 \u00e0 divertir et \u00e0<br \/>\nimpressionner, ces effets visuels ont su r\u00e9v\u00e9ler des r\u00e9alit\u00e9s bien<br \/>\nplus profondes\u00a0\u00bb, rapporte Vatican News.<\/p>\n<p>Stars et cin\u00e9ma au Vatican<\/p>\n<p data-start=\"220\" data-end=\"933\"><strong><a href=\"https:\/\/www.closermag.fr\/people\/cate-blanchett-a-la-mostra-de-venise-son-decollete-xxl-ne-lui-ressemble-pas-ce-detail-qui-a-totalement-change-sa-tenue-3574136\" target=\"_blank\" rel=\"noopener\"><br \/>\nCate Blanchett<\/a>, Spike Lee, Viggo Mortensen ou Monica<br \/>\nBellucci<\/strong>\u2026 Le premier pape am\u00e9ricain \u00e9tait entour\u00e9 d&rsquo;une<br \/>\nflamb\u00e9e de stars lorsqu&rsquo;il a exprim\u00e9 sa volont\u00e9 \u00ab\u00a0d\u2019approfondir<br \/>\nle dialogue avec le monde du cin\u00e9ma. En explorant les<br \/>\npossibilit\u00e9s que la cr\u00e9ativit\u00e9 artistique offre \u00e0 la mission de<br \/>\nl\u2019\u00c9glise. \u00c0 la promotion des valeurs humaines\u00a0\u00bb.<\/p>\n<p data-start=\"220\" data-end=\"933\">D\u00e9but novembre, le Vatican avait<br \/>\nd\u00e9j\u00e0 ouvert ses portes \u00e0 <strong>Hollywood<\/strong> en recevant<br \/>\n<a href=\"https:\/\/www.closermag.fr\/politique\/robert-de-niro-les-raisons-pour-lesquelles-donald-trump-le-deteste-3593338\" target=\"_blank\" rel=\"noopener\"><br \/>\nRobert de Niro<\/a>. Il avait re\u00e7u la Lupa Capitolina, la plus haute<br \/>\ndistinction de Rome.<\/p>\n<p>Le Pape<br \/>\n: entre charme discret et pr\u00e9f\u00e9rences cin\u00e9matographiques<\/p>\n<p data-start=\"1008\" data-end=\"2118\">Quelques mois apr\u00e8s sa<br \/>\nnomination, le pape L\u00e9on XIV cherche \u00e0 renforcer son image<br \/>\ninternationale. \u201cL\u00e9on occupe ce poste depuis un peu plus de six<br \/>\nmois. Il est consid\u00e9r\u00e9 comme <strong>un homme plus mod\u00e9r\u00e9 et<br \/>\ndiscret<\/strong> que son pr\u00e9d\u00e9cesseur charismatique mais souvent<br \/>\ncontrovers\u00e9, le d\u00e9funt pape Fran\u00e7ois\u201d, note The Guardian.<\/p>\n<p data-start=\"1008\" data-end=\"2118\">Lors de cette rencontre, le<br \/>\npape a serr\u00e9 la main d\u2019Alison Brie, Judd Apatow, Dario Argento ou<br \/>\nMatteo Garrone, et partag\u00e9 un moment privil\u00e9gi\u00e9 avec <a href=\"https:\/\/www.closermag.fr\/people\/oscars-2020-le-realisateur-spike-lee-a-dedie-sa-tenue-de-soiree-a-kobe-bryant-1082700\" target=\"_blank\" rel=\"noopener\"><br \/>\nSpike Lee.<\/a> Il lui a offert un maillot des Knicks : \u00ab\u00a0Il est<br \/>\nle 14e pape, donc le maillot portait le num\u00e9ro 14\u00a0\u00bb. Il a<br \/>\n\u00e9galement r\u00e9v\u00e9l\u00e9 ses quatre <strong>films pr\u00e9f\u00e9r\u00e9s<\/strong> :<br \/>\n\u00ab\u00a0La Vie est belle de<br \/>\nFrank Capra. La M\u00e9lodie du<br \/>\nbonheur de Robert Wise. Des gens comme les autres de Robert Redford.<br \/>\nLa Vie est belle de<br \/>\nRoberto Benigni\u00a0\u00bb.<\/p>\n<p>Diaporama<br \/>\n<img decoding=\"async\" class=\"diapo_img img-responsive lazy-load\" loading=\"lazy\" src=\"https:\/\/www.europesays.com\/fr\/wp-content\/uploads\/2025\/11\/bestimage_00732599_000009.jpg\"\/><\/p>\n<p>\u00a9 Alessia Giuliani\/IPA via ZUMA Press \/<br \/>\nBestimage<\/p>\n<p>1\/10 Le Vatican d\u00e9roule le tapis rouge.<\/p>\n<p data-start=\"209\" data-end=\"346\">Pr\u00e8s de 200 personnalit\u00e9s du<br \/>\ncin\u00e9ma ont \u00e9t\u00e9 accueillies dans la salle Cl\u00e9mentine pour une<br \/>\nrencontre exceptionnelle avec le pape L\u00e9on XIV.<\/p>\n<p><img decoding=\"async\" class=\"diapo_img img-responsive lazy-load\" loading=\"lazy\" src=\"https:\/\/www.europesays.com\/fr\/wp-content\/uploads\/2025\/11\/bestimage_00732599_000004.jpg\"\/><\/p>\n<p>\u00a9 Alessia Giuliani\/IPA via ZUMA Press \/<br \/>\nBestimage<\/p>\n<p>2\/10 Des stars de premier plan.<\/p>\n<p>Spike Lee, Cate Blanchett et Monica Bellucci faisaient partie<br \/>\ndes invit\u00e9s venus dialoguer avec le souverain pontife.<\/p>\n<p><img decoding=\"async\" class=\"diapo_img img-responsive lazy-load\" loading=\"lazy\" src=\"https:\/\/www.europesays.com\/fr\/wp-content\/uploads\/2025\/11\/bestimage_00732599_000015.jpg\"\/><\/p>\n<p>\u00a9 Alessia Giuliani\/IPA via ZUMA Press \/<br \/>\nBestimage<\/p>\n<p>3\/10 Un hommage vibrant au cin\u00e9ma.<\/p>\n<p data-start=\"561\" data-end=\"681\">Le pape a c\u00e9l\u00e9br\u00e9 le septi\u00e8me<br \/>\nart, qu\u2019il consid\u00e8re comme un \u00ab\u00a0art populaire\u00a0\u00bb capable de toucher<br \/>\ntoutes les g\u00e9n\u00e9rations.<\/p>\n<p><img decoding=\"async\" class=\"diapo_img img-responsive lazy-load\" loading=\"lazy\" src=\"https:\/\/www.europesays.com\/fr\/wp-content\/uploads\/2025\/11\/bestimage_00732583_000008.jpg\"\/><\/p>\n<p>\u00a9 Maria Laura Antonelli\/AGF via ZUMA<br \/>\nPress \/ Bestimage<\/p>\n<p>4\/10 Son regard sur le 7\u1d49 art.<\/p>\n<p>Il d\u00e9crit le cin\u00e9ma comme \u00ab\u00a0un art jeune, r\u00eaveur et quelque peu<br \/>\nagit\u00e9 destin\u00e9 \u00e0 divertir et \u00e0 impressionner\u00a0\u00bb, selon Vatican<br \/>\nNews.<\/p>\n<p><img decoding=\"async\" class=\"diapo_img img-responsive lazy-load\" loading=\"lazy\" src=\"https:\/\/www.europesays.com\/fr\/wp-content\/uploads\/2025\/11\/bestimage_00732583_000017.jpg\"\/><\/p>\n<p>\u00a9 Maria Laura Antonelli\/AGF via ZUMA<br \/>\nPress \/ Bestimage<\/p>\n<p>5\/10 Une ouverture sans pr\u00e9c\u00e9dent.\u00a0<\/p>\n<p>L\u00e9on XIV souhaite \u00ab\u00a0approfondir le dialogue avec le monde du<br \/>\ncin\u00e9ma\u00a0\u00bb pour valoriser cr\u00e9ativit\u00e9 et valeurs humaines.<\/p>\n<p><img decoding=\"async\" class=\"diapo_img img-responsive lazy-load\" loading=\"lazy\" src=\"https:\/\/www.europesays.com\/fr\/wp-content\/uploads\/2025\/11\/bestimage_00732599_000001.jpg\"\/><\/p>\n<p>\u00a9 Alessia Giuliani\/IPA via ZUMA Press \/<br \/>\nBestimage<\/p>\n<p>6\/10 Hollywood d\u00e9j\u00e0 pr\u00e9sent ce mois-ci.<\/p>\n<p>Quelques jours plus t\u00f4t, Robert de Niro avait \u00e9t\u00e9 re\u00e7u au<br \/>\nVatican et honor\u00e9 de la prestigieuse Lupa Capitolina.<\/p>\n<p><img decoding=\"async\" class=\"diapo_img img-responsive lazy-load\" loading=\"lazy\" src=\"https:\/\/www.europesays.com\/fr\/wp-content\/uploads\/2025\/11\/bestimage_00732599_000002.jpg\"\/><\/p>\n<p>\u00a9 Alessia Giuliani\/IPA via ZUMA Press \/<br \/>\nBestimage<\/p>\n<p>7\/10 Un pape plus discret que son<br \/>\npr\u00e9d\u00e9cesseur.<\/p>\n<p data-start=\"1258\" data-end=\"1361\">\u00c0 70 ans, L\u00e9on XIV est d\u00e9crit<br \/>\npar The Guardian comme<br \/>\nplus pos\u00e9 et mod\u00e9r\u00e9 que le d\u00e9funt pape Fran\u00e7ois.<\/p>\n<p><img decoding=\"async\" class=\"diapo_img img-responsive lazy-load\" loading=\"lazy\" src=\"https:\/\/www.europesays.com\/fr\/wp-content\/uploads\/2025\/11\/bestimage_00732599_000025.jpg\"\/><\/p>\n<p>\u00a9 Alessia Giuliani\/IPA via ZUMA Press \/<br \/>\nBestimage<\/p>\n<p>8\/10 Un style qui s\u00e9duit autrement.<\/p>\n<p>\u00ab\u00a0Tr\u00e8s calme et modeste\u00a0\u00bb, L\u00e9on XIV mise sur l\u2019\u00e9coute, m\u00eame si son<br \/>\nimage \u00ab\u00a0est encore en cours d\u2019\u00e9laboration\u00a0\u00bb, souligne Hendro<br \/>\nMunsterman.<\/p>\n<p><img decoding=\"async\" class=\"diapo_img img-responsive lazy-load\" loading=\"lazy\" src=\"https:\/\/www.europesays.com\/fr\/wp-content\/uploads\/2025\/11\/bestimage_00732599_000026.jpg\"\/><\/p>\n<p>\u00a9 Alessia Giuliani\/IPA via ZUMA Press \/<br \/>\nBestimage<\/p>\n<p>9\/10 Des \u00e9changes privil\u00e9gi\u00e9s avec les<br \/>\nartistes.<\/p>\n<p>Le pape a salu\u00e9 Alison Brie, Judd Apatow, Dario Argento et<br \/>\nMatteo Garrone, avant de recevoir un maillot des Knicks offert par<br \/>\nSpike Lee.<\/p>\n<p><img decoding=\"async\" class=\"diapo_img img-responsive lazy-load\" loading=\"lazy\" src=\"https:\/\/www.europesays.com\/fr\/wp-content\/uploads\/2025\/11\/bestimage_00732583_000018.jpg\"\/><\/p>\n<p>\u00a9 Maria Laura Antonelli\/AGF via ZUMA<br \/>\nPress \/ Bestimage<\/p>\n<p>10\/10 Ses films pr\u00e9f\u00e9r\u00e9s r\u00e9v\u00e9l\u00e9s.<\/p>\n<p>L\u00e9on XIV a confi\u00e9 aimer quatre classiques : La Vie est belle (Frank Capra),<br \/>\nLa M\u00e9lodie du bonheur,<br \/>\nDes gens comme les<br \/>\nautres et La Vie est<br \/>\nbelle (Roberto Benigni).<\/p>\n","protected":false},"excerpt":{"rendered":"Samedi 15 octobre, la salle Cl\u00e9mentine du Vatican a accueilli pr\u00e8s de 200 figures influentes du cin\u00e9ma. Spike&hellip;\n","protected":false},"author":2,"featured_media":538362,"comment_status":"","ping_status":"","sticky":false,"template":"","format":"standard","meta":{"footnotes":""},"categories":[2],"tags":[11,18938,1011,27,1638,20642,12,12672],"class_list":{"0":"post-538361","1":"post","2":"type-post","3":"status-publish","4":"format-standard","5":"has-post-thumbnail","7":"category-actualites","8":"tag-actualites","9":"tag-cate-blanchett","10":"tag-fr","11":"tag-france","12":"tag-has_diapo","13":"tag-monica-bellucci","14":"tag-news","15":"tag-pape"},"share_on_mastodon":{"url":"https:\/\/pubeurope.com\/@fr\/115560096133534589","error":""},"_links":{"self":[{"href":"https:\/\/www.europesays.com\/fr\/wp-json\/wp\/v2\/posts\/538361","targetHints":{"allow":["GET"]}}],"collection":[{"href":"https:\/\/www.europesays.com\/fr\/wp-json\/wp\/v2\/posts"}],"about":[{"href":"https:\/\/www.europesays.com\/fr\/wp-json\/wp\/v2\/types\/post"}],"author":[{"embeddable":true,"href":"https:\/\/www.europesays.com\/fr\/wp-json\/wp\/v2\/users\/2"}],"replies":[{"embeddable":true,"href":"https:\/\/www.europesays.com\/fr\/wp-json\/wp\/v2\/comments?post=538361"}],"version-history":[{"count":0,"href":"https:\/\/www.europesays.com\/fr\/wp-json\/wp\/v2\/posts\/538361\/revisions"}],"wp:featuredmedia":[{"embeddable":true,"href":"https:\/\/www.europesays.com\/fr\/wp-json\/wp\/v2\/media\/538362"}],"wp:attachment":[{"href":"https:\/\/www.europesays.com\/fr\/wp-json\/wp\/v2\/media?parent=538361"}],"wp:term":[{"taxonomy":"category","embeddable":true,"href":"https:\/\/www.europesays.com\/fr\/wp-json\/wp\/v2\/categories?post=538361"},{"taxonomy":"post_tag","embeddable":true,"href":"https:\/\/www.europesays.com\/fr\/wp-json\/wp\/v2\/tags?post=538361"}],"curies":[{"name":"wp","href":"https:\/\/api.w.org\/{rel}","templated":true}]}}