{"id":538368,"date":"2025-11-16T15:38:12","date_gmt":"2025-11-16T15:38:12","guid":{"rendered":"https:\/\/www.europesays.com\/fr\/538368\/"},"modified":"2025-11-16T15:38:12","modified_gmt":"2025-11-16T15:38:12","slug":"un-vinackathon-a-lattes-pour-plancher-sur-les-defis-du-secteur-viticole","status":"publish","type":"post","link":"https:\/\/www.europesays.com\/fr\/538368\/","title":{"rendered":"Un Vinackathon \u00e0 Lattes pour plancher sur les d\u00e9fis du secteur viticole"},"content":{"rendered":"<p>En partenariat avec Ad\u2019Occ, l\u2019agence de d\u00e9veloppement \u00e9conomique occitane, <a href=\"https:\/\/www.touleco.fr\/Du-boom-d-Internet-a-la-generation-IA-les-25-ans-de-la-Melee,48127\" class=\"spip_in\" target=\"_blank\" rel=\"noopener\">La M\u00eal\u00e9e<\/a> organise le Vinackathon, le 24\u00a0novembre prochain, \u00e0 Lattes (H\u00e9rault). Cet \u00e9v\u00e9nement collaboratif du programme WineConnect r\u00e9unit toute la fili\u00e8re vitivinicole face aux d\u00e9fis actuels (crise \u00e9conomique du secteur viticole et transition \u00e9cologique). L\u2019objectif est d\u2019apporter des solutions concr\u00e8tes aux vignerons, depuis la production jusqu\u2019\u00e0 la commercialisation de leurs vins. Les participants sont accompagn\u00e9s par des experts et coachs. Ensemble, ils construisent un plan d\u2019actions pragmatique et durable.<\/p>\n<p> <a href=\"https:\/\/lamelee.com\/evenement\/le-vinackathon\/\" class=\"spip_out\" rel=\"external noopener\" target=\"_blank\">Plus d\u2019informations<\/a> et <a href=\"https:\/\/lamelee.com\/wine-connect\/\" class=\"spip_out\" rel=\"external noopener\" target=\"_blank\">inscriptions<\/a> en ligne.<\/p>\n<p>Le Vinackathon. Le vendredi 24\u00a0novembre 2025, de 8h30 \u00e0 19h, \u00e0 la Maison des vins du Languedoc, Mas de Saporta, \u00e0 Lattes.<\/p>\n","protected":false},"excerpt":{"rendered":"En partenariat avec Ad\u2019Occ, l\u2019agence de d\u00e9veloppement \u00e9conomique occitane, La M\u00eal\u00e9e organise le Vinackathon, le 24\u00a0novembre prochain, \u00e0&hellip;\n","protected":false},"author":2,"featured_media":373637,"comment_status":"","ping_status":"","sticky":false,"template":"","format":"standard","meta":{"footnotes":""},"categories":[9599],"tags":[1111,11,327,1777,674,1011,27,2208,12,2680,25,18193],"class_list":{"0":"post-538368","1":"post","2":"type-post","3":"status-publish","4":"format-standard","5":"has-post-thumbnail","7":"category-montpellier","8":"tag-actu","9":"tag-actualites","10":"tag-agriculture","11":"tag-eu","12":"tag-europe","13":"tag-fr","14":"tag-france","15":"tag-montpellier","16":"tag-news","17":"tag-occitanie","18":"tag-republique-francaise","19":"tag-viticulture"},"share_on_mastodon":{"url":"https:\/\/pubeurope.com\/@fr\/115560127206998764","error":""},"_links":{"self":[{"href":"https:\/\/www.europesays.com\/fr\/wp-json\/wp\/v2\/posts\/538368","targetHints":{"allow":["GET"]}}],"collection":[{"href":"https:\/\/www.europesays.com\/fr\/wp-json\/wp\/v2\/posts"}],"about":[{"href":"https:\/\/www.europesays.com\/fr\/wp-json\/wp\/v2\/types\/post"}],"author":[{"embeddable":true,"href":"https:\/\/www.europesays.com\/fr\/wp-json\/wp\/v2\/users\/2"}],"replies":[{"embeddable":true,"href":"https:\/\/www.europesays.com\/fr\/wp-json\/wp\/v2\/comments?post=538368"}],"version-history":[{"count":0,"href":"https:\/\/www.europesays.com\/fr\/wp-json\/wp\/v2\/posts\/538368\/revisions"}],"wp:featuredmedia":[{"embeddable":true,"href":"https:\/\/www.europesays.com\/fr\/wp-json\/wp\/v2\/media\/373637"}],"wp:attachment":[{"href":"https:\/\/www.europesays.com\/fr\/wp-json\/wp\/v2\/media?parent=538368"}],"wp:term":[{"taxonomy":"category","embeddable":true,"href":"https:\/\/www.europesays.com\/fr\/wp-json\/wp\/v2\/categories?post=538368"},{"taxonomy":"post_tag","embeddable":true,"href":"https:\/\/www.europesays.com\/fr\/wp-json\/wp\/v2\/tags?post=538368"}],"curies":[{"name":"wp","href":"https:\/\/api.w.org\/{rel}","templated":true}]}}