{"id":538371,"date":"2025-11-16T15:40:14","date_gmt":"2025-11-16T15:40:14","guid":{"rendered":"https:\/\/www.europesays.com\/fr\/538371\/"},"modified":"2025-11-16T15:40:14","modified_gmt":"2025-11-16T15:40:14","slug":"agression-a-la-prison-concurrence-dans-les-trains-commerces-le-recap-de-lactu-a-rouen","status":"publish","type":"post","link":"https:\/\/www.europesays.com\/fr\/538371\/","title":{"rendered":"Agression \u00e0 la prison, concurrence dans les trains, commerces&#8230; Le r\u00e9cap&rsquo; de l&rsquo;actu \u00e0 Rouen"},"content":{"rendered":"<p>                    Par<br \/>\n        <strong><br \/>\n            <a href=\"https:\/\/actu.fr\/auteur\/fmass\" title=\"Consulter tous les articles de Fabien Massin\" rel=\"nofollow noopener\" target=\"_blank\">Fabien Massin<\/a><br \/>\n                    <\/strong><\/p>\n<p>        Publi\u00e9 le<\/p>\n<p>            16 nov. 2025 \u00e0 15h18        <\/p>\n<p>Vous \u00e9tiez absent de <a href=\"https:\/\/actu.fr\/normandie\/rouen_76540\" rel=\"nofollow noopener\" target=\"_blank\">Rouen (Seine-Maritime)<\/a> ces derniers jours et voulez savoir ce qui ce qu\u2019il s\u2019est pass\u00e9 dans votre ville pr\u00e9f\u00e9r\u00e9e ? Pas de probl\u00e8me on rembobine le fil des \u00e9v\u00e9nements avec le r\u00e9cap\u2019 de l\u2019actu de la semaine du 10 au 16 novembre 2025.\u00a0<\/p>\n<p>Les infos de la semaine \u00e0 Rouen\u00a0<\/p>\n<p class=\"expresso-item wall-content\"><a title=\"Lire l&#039;article\" href=\"https:\/\/actu.fr\/normandie\/rouen_76540\/ouverture-a-la-concurrence-des-trains-a-rouen-ce-qui-pourrait-changer-pour-les-voyageurs_63401369.html\" rel=\"nofollow noopener\" target=\"_blank\"><strong>Ouverture \u00e0 la concurrence des trains \u00e0 Rouen : ce qui pourrait changer pour les voyageurs<\/strong><\/a><br \/>La r\u00e9gion Normandie a lanc\u00e9 le 13 octobre 2025 la proc\u00e9dure d\u2019ouverture \u00e0 la concurrence des trains de l\u2019\u00e9toile de Rouen. On fait le point sur le dossier.<\/p>\n<p class=\"expresso-item wall-content\"><a title=\"Lire l&#039;article\" href=\"https:\/\/actu.fr\/normandie\/rouen_76540\/a-la-prison-de-rouen-un-detenu-attaque-un-surveillant-puis-met-le-feu-a-sa-cellule_63424659.html\" rel=\"nofollow noopener\" target=\"_blank\"><strong>\u00c0 la prison de Rouen, un d\u00e9tenu attaque un surveillant puis met le feu \u00e0 sa cellule<\/strong><\/a><br \/>Un agent p\u00e9nitentiaire de la prison Bonne Nouvelle \u00e0 Rouen a \u00e9t\u00e9 bless\u00e9, mardi 11 novembre 2025, par un d\u00e9tenu qui a mis le feu \u00e0 sa cellule.<\/p>\n<p class=\"expresso-item wall-content\"><a title=\"Lire l&#039;article\" href=\"https:\/\/actu.fr\/normandie\/rouen_76540\/les-agriculteurs-se-mobilisent-ce-mercredi-soir-a-rouen-contre-le-mercosur-voici-a-quoi-s-attendre_63424890.html\" rel=\"nofollow noopener\" target=\"_blank\"><strong>Les agriculteurs se mobilisent ce mercredi soir \u00e0 Rouen, contre le Mercosur : voici \u00e0 quoi s\u2019attendre<\/strong><\/a><br \/>Les agriculteurs de l\u2019Eure et de la Seine-Maritime ont pr\u00e9vu un rassemblement le 12 novembre 2025 devant la pr\u00e9fecture \u00e0 Rouen pour d\u00e9noncer les accords du Mercosur.<\/p>\n<p class=\"expresso-item wall-content\"><a title=\"Lire l&#039;article\" href=\"https:\/\/actu.fr\/normandie\/rouen_76540\/rouen-fin-des-travaux-sur-le-pont-guillaume-le-conquerant-la-circulation-est-retablie-jour-et-nuit_63435486.html\" rel=\"nofollow noopener\" target=\"_blank\"><strong>Rouen. Fin des travaux sur le pont Guillaume-le-Conqu\u00e9rant, la circulation est r\u00e9tablie jour et nuit<\/strong><\/a><br \/>Les travaux sur le pont Guillaume-le-Conqu\u00e9rant ont dur\u00e9 10 nuits, impactant la circulation nocturne. Ils s\u2019ach\u00e8vent avec un peu d\u2019avance, pr\u00e8s de deux ans apr\u00e8s l\u2019accident.<\/p>\n<p class=\"expresso-item wall-content\"><a title=\"Lire l&#039;article\" href=\"https:\/\/actu.fr\/normandie\/rouen_76540\/comment-se-porte-le-commerce-autour-de-la-place-du-vieux-marche-veritable-ventre-gourmand-de-rouen_63427016.html\" rel=\"nofollow noopener\" target=\"_blank\"><strong>Comment se porte le commerce autour de la place du Vieux March\u00e9, v\u00e9ritable ventre gourmand de Rouen ?<\/strong><\/a><br \/>Comment se porte le commerce dans le secteur des rues Rollon et Guillaume-le-Conqu\u00e9rant et place du Vieux-March\u00e9, en plein c\u0153ur historique de Rouen ? \u00c9l\u00e9ments de r\u00e9ponses.<\/p>\n<p>Bon \u00e0 savoir \u00e0 Rouen<\/p>\n<p class=\"expresso-item wall-content\"><a title=\"Lire l&#039;article\" href=\"https:\/\/actu.fr\/normandie\/rouen_76540\/a-rouen-ce-nouveau-restaurant-veut-retrouver-l-adn-de-la-viande-au-feu-de-bois-sans-chichi_63417944.html\" rel=\"nofollow noopener\" target=\"_blank\"><strong>\u00c0 Rouen, ce nouveau restaurant veut retrouver l\u2019ADN de la viande au feu de bois \u00ab\u00a0sans chichi \u00bb<\/strong><\/a><br \/>Apr\u00e8s D\u2019eux-m\u00eames, David Oper et ses associ\u00e9s ont ouvert il y a un mois un nouveau restaurant sp\u00e9cialis\u00e9 dans les cuissons au feu de bois, de quoi ravir les amateurs de viande.<\/p>\n<p class=\"expresso-item wall-content\"><a title=\"Lire l&#039;article\" href=\"https:\/\/actu.fr\/normandie\/rouen_76540\/c-est-beaucoup-mieux-dans-le-quartier-saint-hilaire-a-rouen-la-nouvelle-aire-de-jeux-fait-des-heureux_63410223.html\" rel=\"nofollow noopener\" target=\"_blank\"><strong>\u00ab\u00a0C\u2019est beaucoup mieux \u00bb : dans le quartier Saint-Hilaire \u00e0 Rouen, la nouvelle aire de jeux fait des heureux<\/strong><\/a><br \/>Inaugur\u00e9e officiellement ce 6 novembre 2025, la nouvelle aire de jeux r\u00e9nov\u00e9e du quartier Saint-Hilaire \u00e0 Rouen fait d\u00e9j\u00e0 des heureux.<\/p>\n<p class=\"expresso-item wall-content\"><a title=\"Lire l&#039;article\" href=\"https:\/\/actu.fr\/normandie\/rouen_76540\/attention-ces-deux-routes-autour-de-rouen-vont-etre-fermees-plusieurs-nuits_63418205.html\" rel=\"nofollow noopener\" target=\"_blank\"><strong>Attention, ces deux routes autour de Rouen vont \u00eatre ferm\u00e9es plusieurs nuits<\/strong><\/a><br \/>\u00c0 compter du mercredi 12 novembre 2025, des travaux vont affecter la circulation sur la RN28 et sur l\u2019A150, autour de Rouen. Voici le d\u00e9tails des chantiers.<\/p>\n<p class=\"expresso-item wall-content\"><a title=\"Lire l&#039;article\" href=\"https:\/\/actu.fr\/normandie\/rouen_76540\/bientot-a-rouen-un-coffee-shop-vegetarien-ou-les-poussettes-et-les-enfants-sont-les-bienvenus_63432590.html\" rel=\"nofollow noopener\" target=\"_blank\"><strong>Bient\u00f4t \u00e0 Rouen : un coffee shop v\u00e9g\u00e9tarien o\u00f9 les poussettes et les enfants sont les bienvenus<\/strong><\/a><br \/>Un nouveau coffee shop va bient\u00f4t ouvrir rue aux Ours \u00e0 Rouen (Seine-Maritime) : Little Big Caf\u00e9, un \u00e9tablissement o\u00f9 les familles avec poussettes seront les bienvenues.<\/p>\n<p class=\"expresso-item wall-content\"><a title=\"Lire l&#039;article\" href=\"https:\/\/actu.fr\/normandie\/rouen_76540\/il-y-avait-un-gros-manque-a-rouen-un-magasin-de-materiel-artistique-vient-d-ouvrir_63431583.html\" rel=\"nofollow noopener\" target=\"_blank\"><strong>\u00ab Il y avait un gros manque \u00bb : \u00e0 Rouen, un magasin de mat\u00e9riel artistique vient d\u2019ouvrir<\/strong><\/a><br \/>Sp\u00e9cialis\u00e9 dans le mat\u00e9riel artistique pour les professionnels et les amateurs, le G\u00e9ant des Beaux-Arts vient d\u2019ouvrir un magasin \u00e0 Rouen. Il propose des milliers de r\u00e9f\u00e9rences.<\/p>\n<p>Suivez l\u2019actualit\u00e9 de Rouen sur notre <a href=\"https:\/\/www.whatsapp.com\/channel\/0029VaKfnf99hXF2ddApFB1D\" rel=\"nofollow noopener\" target=\"_blank\">cha\u00eene WhatsApp<\/a> et sur notre <a href=\"https:\/\/www.tiktok.com\/@76actu.fr?lang=fr\" rel=\"nofollow noopener\" target=\"_blank\">compte TikTok<\/a><\/p>\n<p class=\" wall-content\">Personnalisez votre actualit\u00e9 en ajoutant vos villes et m\u00e9dias en favori avec <a href=\"https:\/\/moncompte.actu.fr\" title=\"D\u00e9couvez Mon Actu\" rel=\"nofollow noopener\" data-trk=\"{&quot;cta&quot;:{&quot;action&quot;:&quot;https:\\\/\\\/moncompte.actu.fr&quot;,&quot;category&quot;:&quot;mon compte&quot;,&quot;from&quot;:&quot;article footer&quot;,&quot;name&quot;:&quot;Mon actu&quot;,&quot;type&quot;:&quot;cta&quot;}}\" target=\"_blank\">Mon Actu<\/a>.<\/p>\n<p>                    <script async src=\"\/\/www.tiktok.com\/embed.js\"><\/script><\/p>\n","protected":false},"excerpt":{"rendered":"Par Fabien Massin Publi\u00e9 le 16 nov. 2025 \u00e0 15h18 Vous \u00e9tiez absent de Rouen (Seine-Maritime) ces derniers&hellip;\n","protected":false},"author":2,"featured_media":538372,"comment_status":"","ping_status":"","sticky":false,"template":"","format":"standard","meta":{"footnotes":""},"categories":[9587],"tags":[1111,11,1777,674,1011,27,12,5161,3147,25,9590,2215,104,2086],"class_list":{"0":"post-538371","1":"post","2":"type-post","3":"status-publish","4":"format-standard","5":"has-post-thumbnail","7":"category-rouen","8":"tag-actu","9":"tag-actualites","10":"tag-eu","11":"tag-europe","12":"tag-fr","13":"tag-france","14":"tag-news","15":"tag-normandie","16":"tag-nouveaux-commerces","17":"tag-republique-francaise","18":"tag-rouen","19":"tag-sncf","20":"tag-societe","21":"tag-travaux"},"share_on_mastodon":{"url":"https:\/\/pubeurope.com\/@fr\/115560135108146324","error":""},"_links":{"self":[{"href":"https:\/\/www.europesays.com\/fr\/wp-json\/wp\/v2\/posts\/538371","targetHints":{"allow":["GET"]}}],"collection":[{"href":"https:\/\/www.europesays.com\/fr\/wp-json\/wp\/v2\/posts"}],"about":[{"href":"https:\/\/www.europesays.com\/fr\/wp-json\/wp\/v2\/types\/post"}],"author":[{"embeddable":true,"href":"https:\/\/www.europesays.com\/fr\/wp-json\/wp\/v2\/users\/2"}],"replies":[{"embeddable":true,"href":"https:\/\/www.europesays.com\/fr\/wp-json\/wp\/v2\/comments?post=538371"}],"version-history":[{"count":0,"href":"https:\/\/www.europesays.com\/fr\/wp-json\/wp\/v2\/posts\/538371\/revisions"}],"wp:featuredmedia":[{"embeddable":true,"href":"https:\/\/www.europesays.com\/fr\/wp-json\/wp\/v2\/media\/538372"}],"wp:attachment":[{"href":"https:\/\/www.europesays.com\/fr\/wp-json\/wp\/v2\/media?parent=538371"}],"wp:term":[{"taxonomy":"category","embeddable":true,"href":"https:\/\/www.europesays.com\/fr\/wp-json\/wp\/v2\/categories?post=538371"},{"taxonomy":"post_tag","embeddable":true,"href":"https:\/\/www.europesays.com\/fr\/wp-json\/wp\/v2\/tags?post=538371"}],"curies":[{"name":"wp","href":"https:\/\/api.w.org\/{rel}","templated":true}]}}