{"id":538373,"date":"2025-11-16T15:41:17","date_gmt":"2025-11-16T15:41:17","guid":{"rendered":"https:\/\/www.europesays.com\/fr\/538373\/"},"modified":"2025-11-16T15:41:17","modified_gmt":"2025-11-16T15:41:17","slug":"ca-revient-a-la-mode-un-succes-pour-le-premier-salon-du-flipper-de-la-metropole-rouennaise","status":"publish","type":"post","link":"https:\/\/www.europesays.com\/fr\/538373\/","title":{"rendered":"\u00ab\u00a0\u00c7a revient \u00e0 la mode\u00a0\u00bb, un succ\u00e8s pour le premier salon du flipper de la m\u00e9tropole rouennaise"},"content":{"rendered":"<p>Le premier salon du flipper de la m\u00e9tropole rouennaise s&rsquo;est tenu ce week-end du 15 et 16 novembre \u00e0 Amfreville-la-Mi-Voie. <\/p>\n<p>Une premi\u00e8re \u00e9dition et d\u00e9j\u00e0 un succ\u00e8s. Le premier salon du flipper de la m\u00e9tropole rouennaise s&rsquo;est tenu ce samedi 15 et dimanche 16 novembre. Pr\u00e8s de 14.000 personnes s&rsquo;y sont rendus sur ces deux jours. Le flipper, pour beaucoup, c&rsquo;est une histoire de famille. Mylo, 5 ans est d\u00e9j\u00e0 fan de ce jeu qu&rsquo;il a appris avec son p\u00e8re. Pour jouer, <strong>il doit monter sur un marchepied<\/strong> sous le regard de sa m\u00e8re, C\u00e9cile, habitante de Sotteville-l\u00e8s-Rouen. \u00ab\u00a0Mon gar\u00e7on a eu la passion par son papa. Depuis plus d&rsquo;un an et demi, d\u00e8s qu&rsquo;il y a des flippers, il veut absolument jouer aussi. L\u00e0, c&rsquo;\u00e9tait vraiment l&rsquo;\u00e9v\u00e9nement r\u00eav\u00e9 pour lui.\u00a0\u00bb<\/p>\n<p> <img decoding=\"async\" src=\"https:\/\/www.europesays.com\/fr\/wp-content\/uploads\/2025\/11\/1763307677_373_1280\" alt=\"illustration agrandir l'image\" style=\"--_image-preview:url('data:image\/jpeg;base64,\/9j\/2wBDACgcHiMeGSgjISMtKygwPGRBPDc3PHtYXUlkkYCZlo+AjIqgtObDoKrarYqMyP\/L2u71\/\/\/\/m8H\/\/\/\/6\/+b9\/\/j\/2wBDASstLTw1PHZBQXb4pYyl+Pj4+Pj4+Pj4+Pj4+Pj4+Pj4+Pj4+Pj4+Pj4+Pj4+Pj4+Pj4+Pj4+Pj4+Pj4+Pj4+Pj\/wAARCAAfACoDASIAAhEBAxEB\/8QAGQAAAwEBAQAAAAAAAAAAAAAAAQIDBAAF\/8QAGRABAQEBAQEAAAAAAAAAAAAAAAECEQMS\/8QAFgEBAQEAAAAAAAAAAAAAAAAAAAEC\/8QAFREBAQAAAAAAAAAAAAAAAAAAAAH\/2gAMAwEAAhEDEQA\/AE+QsaLgmsghYSq6idFBwD1GpXqaylvLTqI7gwybiOmj0Z9qEtDoWl6iv\/\/Z');\" loading=\"lazy\" fetchpriority=\"low\" class=\"svelte-1pnmlwx rounded\" onload=\"this.__e=event\" onerror=\"this.__e=event\"\/> Mylo, 5 ans, se d\u00e9brouille d\u00e9j\u00e0 tr\u00e8s bien au flipper. \u00a9 Radio France &#8211; Noah Marchais  <\/p>\n<p>Ce loisir revient au go\u00fbt du jour constate Christophe Verdavoir, le cr\u00e9ateur de la soci\u00e9t\u00e9 Back 2 flip, originaire des Yvelines. \u00ab\u00a0\u00c7a a beaucoup de succ\u00e8s, \u00e7a revient \u00e0 la mode. \u00c7a parle \u00e0 plusieurs g\u00e9n\u00e9rations. \u00c7a fait vingt-cinq ans que je suis dans le flipper et il n&rsquo;y avait pas autant d&rsquo;engouement dans les ann\u00e9es 2000.\u00a0\u00bb C&rsquo;est un jeu qui <strong>\u00e9voque des souvenirs de jeunesse<\/strong> pour beaucoup y compris pour Christophe Verdavoir\u00a0: \u00ab\u00a0C&rsquo;\u00e9tait une petite soupape entre les cours ou apr\u00e8s les cours.\u00a0\u00bb<\/p>\n<p>\u00ab\u00a0On y a pass\u00e9 des heures\u00a0\u00bb<\/p>\n<p>Certains n&rsquo;ont jamais l\u00e2ch\u00e9 cette passion \u00e0 l&rsquo;image de la famille de Camille et Marie, les parents de Lucien, 12 ans. \u00ab\u00a0On a eu notre flipper \u00e0 la maison juste avant sa naissance\u00a0\u00bb, se souvient la m\u00e8re. \u00ab\u00a0Moi, j&rsquo;ai le souvenir d&rsquo;\u00eatre avec mon gros ventre, Lucien qui bougeait et ce bruit incroyable. On y a pass\u00e9 des heures. Donc il l&rsquo;a entendu tout petit le flipper.\u00a0\u00bb Apr\u00e8s ce salon, la famille r\u00e9fl\u00e9chie d\u00e9j\u00e0 \u00e0 acheter une deuxi\u00e8me machine mais les prix sont parfois \u00e9lev\u00e9s. Ils peuvent monter <strong>au-dessus de 10.000 euros<\/strong>\u00a0<a target=\"_blank\" rel=\"nofollow noopener noreferrer\" class=\"IciLink ici-link IciArticleLink g-ici-body-regular-1 underline brand svelte-lu7k6w\" href=\"https:\/\/www.radiofrance.fr\/francebleu\/podcasts\/l-eco-d-ici-en-gironde\/nos-flippers-coutent-entre-8-900-et-11-000-euros-cette-entreprise-de-gironde-ressuscite-le-jeu-d-arcade-9920011\">pour certains flippers<\/a>.<\/p>\n","protected":false},"excerpt":{"rendered":"Le premier salon du flipper de la m\u00e9tropole rouennaise s&rsquo;est tenu ce week-end du 15 et 16 novembre&hellip;\n","protected":false},"author":2,"featured_media":538374,"comment_status":"","ping_status":"","sticky":false,"template":"","format":"standard","meta":{"footnotes":""},"categories":[9587],"tags":[1111,11,1777,674,1011,27,12,5161,25,9590],"class_list":{"0":"post-538373","1":"post","2":"type-post","3":"status-publish","4":"format-standard","5":"has-post-thumbnail","7":"category-rouen","8":"tag-actu","9":"tag-actualites","10":"tag-eu","11":"tag-europe","12":"tag-fr","13":"tag-france","14":"tag-news","15":"tag-normandie","16":"tag-republique-francaise","17":"tag-rouen"},"share_on_mastodon":{"url":"https:\/\/pubeurope.com\/@fr\/115560139691756769","error":""},"_links":{"self":[{"href":"https:\/\/www.europesays.com\/fr\/wp-json\/wp\/v2\/posts\/538373","targetHints":{"allow":["GET"]}}],"collection":[{"href":"https:\/\/www.europesays.com\/fr\/wp-json\/wp\/v2\/posts"}],"about":[{"href":"https:\/\/www.europesays.com\/fr\/wp-json\/wp\/v2\/types\/post"}],"author":[{"embeddable":true,"href":"https:\/\/www.europesays.com\/fr\/wp-json\/wp\/v2\/users\/2"}],"replies":[{"embeddable":true,"href":"https:\/\/www.europesays.com\/fr\/wp-json\/wp\/v2\/comments?post=538373"}],"version-history":[{"count":0,"href":"https:\/\/www.europesays.com\/fr\/wp-json\/wp\/v2\/posts\/538373\/revisions"}],"wp:featuredmedia":[{"embeddable":true,"href":"https:\/\/www.europesays.com\/fr\/wp-json\/wp\/v2\/media\/538374"}],"wp:attachment":[{"href":"https:\/\/www.europesays.com\/fr\/wp-json\/wp\/v2\/media?parent=538373"}],"wp:term":[{"taxonomy":"category","embeddable":true,"href":"https:\/\/www.europesays.com\/fr\/wp-json\/wp\/v2\/categories?post=538373"},{"taxonomy":"post_tag","embeddable":true,"href":"https:\/\/www.europesays.com\/fr\/wp-json\/wp\/v2\/tags?post=538373"}],"curies":[{"name":"wp","href":"https:\/\/api.w.org\/{rel}","templated":true}]}}