{"id":538386,"date":"2025-11-16T15:52:15","date_gmt":"2025-11-16T15:52:15","guid":{"rendered":"https:\/\/www.europesays.com\/fr\/538386\/"},"modified":"2025-11-16T15:52:15","modified_gmt":"2025-11-16T15:52:15","slug":"un-homme-desarme-par-le-gerant-dun-tabac-apres-une-tentative-de-braquage","status":"publish","type":"post","link":"https:\/\/www.europesays.com\/fr\/538386\/","title":{"rendered":"Un homme d\u00e9sarm\u00e9 par le g\u00e9rant d\u2019un tabac apr\u00e8s une tentative de braquage"},"content":{"rendered":"<p>La g\u00e9rante servait servait tranquillement ses clients samedi 15\u00a0novembre 2025 peu avant 19\u00a0h dans ce tabac presse boulevard des Anglais \u00e0 Nantes. Un homme est entr\u00e9, capuche relev\u00e9e, cagoul\u00e9 et gant\u00e9 et a tent\u00e9 d\u2019effectuer un vol en braquant une arme quand les autres clients sont sortis. Les cris de la commer\u00e7ante ont fait fuir l\u2019agresseur.<\/p>\n<p>Une imitation<\/p>\n<p>Dans un 2e temps, il a \u00e9t\u00e9 poursuivi dehors, dans la rue, par le g\u00e9rant du tabac. Ce dernier a fait preuve de beaucoup de courage, r\u00e9ussissant m\u00eame \u00e0 d\u00e9sarmer l\u2019auteur des faits. L\u2019arme de poing \u00e9tait une imitation, en r\u00e9alit\u00e9 un pistolet \u00e0 billes. Malheureusement le braqueur lui a \u00e9chapp\u00e9.<\/p>\n<p>Interpell\u00e9 par la police<\/p>\n<p>Alert\u00e9e, une \u00e9quipe de policiers en civil a fini par l\u2019interpeller un peu plus loin dans le m\u00eame quartier. Il s\u2019agit d\u2019un homme de 32\u00a0ans d\u00e9j\u00e0 connu \u00e0 Nantes pour plusieurs faits de d\u00e9linquance. Il est surtout soup\u00e7onn\u00e9 dans deux r\u00e9centes affaires de braquage dans un tabac ainsi qu\u2019une boutique de cigarettes \u00e9lectroniques \u00e0 Saint Herblain. Le pr\u00e9judice total s\u2019\u00e9l\u00e8ve \u00e0 7000 \u20ac et la police recherchait l\u2019auteur des faits.<\/p>\n<p>\u00a0<\/p>\n","protected":false},"excerpt":{"rendered":"La g\u00e9rante servait servait tranquillement ses clients samedi 15\u00a0novembre 2025 peu avant 19\u00a0h dans ce tabac presse boulevard&hellip;\n","protected":false},"author":2,"featured_media":538387,"comment_status":"","ping_status":"","sticky":false,"template":"","format":"standard","meta":{"footnotes":""},"categories":[2818],"tags":[1111,11,6941,63516,1777,674,1011,27,18297,4933,766,12,2636,25,6582,7451],"class_list":{"0":"post-538386","1":"post","2":"type-post","3":"status-publish","4":"format-standard","5":"has-post-thumbnail","7":"category-nantes","8":"tag-actu","9":"tag-actualites","10":"tag-braquage","11":"tag-desarme","12":"tag-eu","13":"tag-europe","14":"tag-fr","15":"tag-france","16":"tag-gerant","17":"tag-homme","18":"tag-nantes","19":"tag-news","20":"tag-pays-de-la-loire","21":"tag-republique-francaise","22":"tag-tabac","23":"tag-tentative"},"share_on_mastodon":{"url":"https:\/\/pubeurope.com\/@fr\/115560182229348340","error":""},"_links":{"self":[{"href":"https:\/\/www.europesays.com\/fr\/wp-json\/wp\/v2\/posts\/538386","targetHints":{"allow":["GET"]}}],"collection":[{"href":"https:\/\/www.europesays.com\/fr\/wp-json\/wp\/v2\/posts"}],"about":[{"href":"https:\/\/www.europesays.com\/fr\/wp-json\/wp\/v2\/types\/post"}],"author":[{"embeddable":true,"href":"https:\/\/www.europesays.com\/fr\/wp-json\/wp\/v2\/users\/2"}],"replies":[{"embeddable":true,"href":"https:\/\/www.europesays.com\/fr\/wp-json\/wp\/v2\/comments?post=538386"}],"version-history":[{"count":0,"href":"https:\/\/www.europesays.com\/fr\/wp-json\/wp\/v2\/posts\/538386\/revisions"}],"wp:featuredmedia":[{"embeddable":true,"href":"https:\/\/www.europesays.com\/fr\/wp-json\/wp\/v2\/media\/538387"}],"wp:attachment":[{"href":"https:\/\/www.europesays.com\/fr\/wp-json\/wp\/v2\/media?parent=538386"}],"wp:term":[{"taxonomy":"category","embeddable":true,"href":"https:\/\/www.europesays.com\/fr\/wp-json\/wp\/v2\/categories?post=538386"},{"taxonomy":"post_tag","embeddable":true,"href":"https:\/\/www.europesays.com\/fr\/wp-json\/wp\/v2\/tags?post=538386"}],"curies":[{"name":"wp","href":"https:\/\/api.w.org\/{rel}","templated":true}]}}