{"id":538388,"date":"2025-11-16T15:53:27","date_gmt":"2025-11-16T15:53:27","guid":{"rendered":"https:\/\/www.europesays.com\/fr\/538388\/"},"modified":"2025-11-16T15:53:27","modified_gmt":"2025-11-16T15:53:27","slug":"le-patron-du-tabac-le-poursuit-un-homme-interpelle-apres-une-tentative-de-vol-a-main-armee-a","status":"publish","type":"post","link":"https:\/\/www.europesays.com\/fr\/538388\/","title":{"rendered":"Le patron du tabac le poursuit, un homme interpell\u00e9 apr\u00e8s une tentative de vol \u00e0 main arm\u00e9e \u00e0"},"content":{"rendered":"<tr wp_automatic_readability=\"6.8779069767442\">\n<td valign=\"middle\" align=\"center\" class=\"col-logo\" wp_automatic_readability=\"5\">\n    <img decoding=\"async\" src=\"https:\/\/maville.com\/design\/images\/logo-of-monetise.svg?version=20130627\" alt=\"logo Ouest-France\" height=\"66\"\/><\/p>\n<p>Contenu r\u00e9serv\u00e9 aux abonn\u00e9s<\/p>\n<\/td>\n<td class=\"col-titre\">\n\t\t\tDimanche 16 novembre 2025 11:38<br \/>\n\t\t\t<a class=\"icon-bulle sizeL count\" href=\"#ancreAvis\"><br \/>\n\t&#8230;<br \/>\n<\/a><\/td>\n<\/tr>\n<p>\t\t<a class=\"mavillebox2 elmt-photo\" href=\"https:\/\/maville.com\/photosmvi\/2025\/11\/16\/P35583592D7065911G.jpg\" title=\" Un homme a \u00e9t\u00e9 interpell\u00e9 par la police apr\u00e8s une tentative de vol \u00e0 main arm\u00e9e \u00e0 Nantes.  \u00a9  Guillaume SALIGOT \/ OUEST-FRANCE  \" rel=\"galerie_actu noopener\" target=\"_blank\"><br \/>\n\t<img decoding=\"async\" src=\"https:\/\/www.europesays.com\/fr\/wp-content\/uploads\/2025\/11\/P35583592D7065911G_crop_640-330_.jpg\" alt=\"photo  un homme a \u00e9t\u00e9 interpell\u00e9 par la police apr\u00e8s une tentative de vol \u00e0 main arm\u00e9e \u00e0 nantes.  \u00a9  guillaume saligot \/ ouest-france \"\/><br \/>\n\t1<br \/>\n<\/a><\/p>\n<p class=\"elmt-legende\"> Un homme a \u00e9t\u00e9 interpell\u00e9 par la police apr\u00e8s une tentative de vol \u00e0 main arm\u00e9e \u00e0 Nantes.  \u00a9  Guillaume SALIGOT \/ OUEST-FRANCE  <\/p>\n<p>\t\tL\u2019homme de 32\u00a0ans a fait irruption dans le tabac, \u00e0 Nantes, samedi 15\u00a0novembre en soir\u00e9e, et a sorti une arme. Mis en fuite et poursuivi par le patron du tabac, il a \u00e9t\u00e9 interpell\u00e9 par les policiers. Il serait l\u2019auteur d\u2019un vol similaire \u00e0 Saint-Herblain la veille.<\/p>\n<p><b>Cet article est r\u00e9serv\u00e9 aux abonn\u00e9s<\/b><\/p>\n<p>Pour un acc\u00e8s imm\u00e9diat, abonnez-vous<\/p>\n<p><b>1\u00e8re semaine offerte<\/b><\/p>\n<p>\t\tOuest-France<\/p>\n<p>Retrouvez d&rsquo;autres actus sur les communes de :<\/p>\n<p>\t\t&#13;<\/p>\n","protected":false},"excerpt":{"rendered":"Contenu r\u00e9serv\u00e9 aux abonn\u00e9s Dimanche 16 novembre 2025 11:38 &#8230; 1 Un homme a \u00e9t\u00e9 interpell\u00e9 par la&hellip;\n","protected":false},"author":2,"featured_media":538389,"comment_status":"","ping_status":"","sticky":false,"template":"","format":"standard","meta":{"footnotes":""},"categories":[2818],"tags":[1111,11,1813,1777,674,1011,27,4933,9817,10041,766,12,4030,2636,2406,25,6582,7451,1175],"class_list":{"0":"post-538388","1":"post","2":"type-post","3":"status-publish","4":"format-standard","5":"has-post-thumbnail","7":"category-nantes","8":"tag-actu","9":"tag-actualites","10":"tag-armee","11":"tag-eu","12":"tag-europe","13":"tag-fr","14":"tag-france","15":"tag-homme","16":"tag-interpelle","17":"tag-main","18":"tag-nantes","19":"tag-news","20":"tag-patron","21":"tag-pays-de-la-loire","22":"tag-poursuit","23":"tag-republique-francaise","24":"tag-tabac","25":"tag-tentative","26":"tag-vol"},"share_on_mastodon":{"url":"https:\/\/pubeurope.com\/@fr\/115560187016911283","error":""},"_links":{"self":[{"href":"https:\/\/www.europesays.com\/fr\/wp-json\/wp\/v2\/posts\/538388","targetHints":{"allow":["GET"]}}],"collection":[{"href":"https:\/\/www.europesays.com\/fr\/wp-json\/wp\/v2\/posts"}],"about":[{"href":"https:\/\/www.europesays.com\/fr\/wp-json\/wp\/v2\/types\/post"}],"author":[{"embeddable":true,"href":"https:\/\/www.europesays.com\/fr\/wp-json\/wp\/v2\/users\/2"}],"replies":[{"embeddable":true,"href":"https:\/\/www.europesays.com\/fr\/wp-json\/wp\/v2\/comments?post=538388"}],"version-history":[{"count":0,"href":"https:\/\/www.europesays.com\/fr\/wp-json\/wp\/v2\/posts\/538388\/revisions"}],"wp:featuredmedia":[{"embeddable":true,"href":"https:\/\/www.europesays.com\/fr\/wp-json\/wp\/v2\/media\/538389"}],"wp:attachment":[{"href":"https:\/\/www.europesays.com\/fr\/wp-json\/wp\/v2\/media?parent=538388"}],"wp:term":[{"taxonomy":"category","embeddable":true,"href":"https:\/\/www.europesays.com\/fr\/wp-json\/wp\/v2\/categories?post=538388"},{"taxonomy":"post_tag","embeddable":true,"href":"https:\/\/www.europesays.com\/fr\/wp-json\/wp\/v2\/tags?post=538388"}],"curies":[{"name":"wp","href":"https:\/\/api.w.org\/{rel}","templated":true}]}}