{"id":538392,"date":"2025-11-16T15:55:19","date_gmt":"2025-11-16T15:55:19","guid":{"rendered":"https:\/\/www.europesays.com\/fr\/538392\/"},"modified":"2025-11-16T15:55:19","modified_gmt":"2025-11-16T15:55:19","slug":"direct-ebbe-bordeaux-girondins","status":"publish","type":"post","link":"https:\/\/www.europesays.com\/fr\/538392\/","title":{"rendered":"Direct : EBBE-Bordeaux &#8211; Girondins"},"content":{"rendered":"<p>Direct : EBBE-Bordeaux &#8211; Girondins &#8211; actu Girondins de Bordeaux par WebGirondins, FCGB : Mercato infos et Transferts depuis 2001 avec le 1er e m\u00e9dia ind\u00e9pendant sur les Girondins<\/p>\n<p><img decoding=\"async\" src=\"https:\/\/www.europesays.com\/fr\/wp-content\/uploads\/2025\/11\/671_5ce030628b0017ffaae70345d89cd7be.jpg\" alt=\"Direct : EBBE-Bordeaux\" class=\"img-responsive\"\/><\/p>\n<p>En cours<\/p>\n<dl>\n<dt>Composition Bo\u00e9 Bon Encontre<\/dt>\n<dd>Grossetie &#8211; Barran &#8211; Tllier &#8211; Ricard &#8211; Sarraut &#8211; Benlloch &#8211; Pejac &#8211; Anamlal &#8211; Favennec &#8211; Bul &#8211; Berthelot<\/dd>\n<dt>Composition Bordeaux<\/dt>\n<dd>Diabat\u00e9 &#8211; El Hajjam &#8211; Grillot &#8211; Droehnl\u00e9 &#8211; Trichard &#8211; Diop &#8211; Ba &#8211; Diagouraga &#8211; Mannai &#8211; Bahassa &#8211; \u00c9tond\u00e9<\/dd>\n<\/dl>\n<p>  COMMENTAIRES<br \/>\n  ()<\/p>\n","protected":false},"excerpt":{"rendered":"Direct : EBBE-Bordeaux &#8211; Girondins &#8211; actu Girondins de Bordeaux par WebGirondins, FCGB : Mercato infos et Transferts&hellip;\n","protected":false},"author":2,"featured_media":538393,"comment_status":"","ping_status":"","sticky":false,"template":"","format":"standard","meta":{"footnotes":""},"categories":[2817],"tags":[1111,11,8837,65729,1997,615,814,65725,65090,2834,1777,674,1011,27,1987,7018,820,12,14455,2219,5486,25,2858,34927,3584,3680,3681],"class_list":{"0":"post-538392","1":"post","2":"type-post","3":"status-publish","4":"format-standard","5":"has-post-thumbnail","7":"category-bordeaux","8":"tag-actu","9":"tag-actualites","10":"tag-agen","11":"tag-armandie","12":"tag-bordeaux","13":"tag-coupe","14":"tag-direct","15":"tag-ebbe","16":"tag-encontre","17":"tag-entre","18":"tag-eu","19":"tag-europe","20":"tag-fr","21":"tag-france","22":"tag-girondins","23":"tag-lieu","24":"tag-live","25":"tag-news","26":"tag-notre","27":"tag-nouvelle-aquitaine","28":"tag-rencontre","29":"tag-republique-francaise","30":"tag-stade","31":"tag-texte","32":"tag-tour","33":"tag-venez","34":"tag-vivre"},"share_on_mastodon":{"url":"https:\/\/pubeurope.com\/@fr\/115560194754475225","error":""},"_links":{"self":[{"href":"https:\/\/www.europesays.com\/fr\/wp-json\/wp\/v2\/posts\/538392","targetHints":{"allow":["GET"]}}],"collection":[{"href":"https:\/\/www.europesays.com\/fr\/wp-json\/wp\/v2\/posts"}],"about":[{"href":"https:\/\/www.europesays.com\/fr\/wp-json\/wp\/v2\/types\/post"}],"author":[{"embeddable":true,"href":"https:\/\/www.europesays.com\/fr\/wp-json\/wp\/v2\/users\/2"}],"replies":[{"embeddable":true,"href":"https:\/\/www.europesays.com\/fr\/wp-json\/wp\/v2\/comments?post=538392"}],"version-history":[{"count":0,"href":"https:\/\/www.europesays.com\/fr\/wp-json\/wp\/v2\/posts\/538392\/revisions"}],"wp:featuredmedia":[{"embeddable":true,"href":"https:\/\/www.europesays.com\/fr\/wp-json\/wp\/v2\/media\/538393"}],"wp:attachment":[{"href":"https:\/\/www.europesays.com\/fr\/wp-json\/wp\/v2\/media?parent=538392"}],"wp:term":[{"taxonomy":"category","embeddable":true,"href":"https:\/\/www.europesays.com\/fr\/wp-json\/wp\/v2\/categories?post=538392"},{"taxonomy":"post_tag","embeddable":true,"href":"https:\/\/www.europesays.com\/fr\/wp-json\/wp\/v2\/tags?post=538392"}],"curies":[{"name":"wp","href":"https:\/\/api.w.org\/{rel}","templated":true}]}}