{"id":538394,"date":"2025-11-16T15:56:10","date_gmt":"2025-11-16T15:56:10","guid":{"rendered":"https:\/\/www.europesays.com\/fr\/538394\/"},"modified":"2025-11-16T15:56:10","modified_gmt":"2025-11-16T15:56:10","slug":"quand-pierre-cohen-lancien-maire-de-toulouse-retrace-lhistoire-de-la-gauche-au-capitole","status":"publish","type":"post","link":"https:\/\/www.europesays.com\/fr\/538394\/","title":{"rendered":"Quand Pierre Cohen, l&rsquo;ancien maire de Toulouse, retrace l&rsquo;histoire de \u00ab\u00a0la gauche au Capitole\u00a0\u00bb"},"content":{"rendered":"<p>                    Par<br \/>\n        <strong><br \/>\n            <a href=\"https:\/\/actu.fr\/auteur\/guillaume-laurens\" title=\"Consulter tous les articles de Guillaume Laurens\" target=\"_blank\" rel=\"noopener\">Guillaume Laurens<\/a><br \/>\n                    <\/strong><\/p>\n<p>        Publi\u00e9 le<\/p>\n<p>            16 nov. 2025 \u00e0 16h33        <\/p>\n<p><strong>Pierre Cohen<\/strong> prend la plume\u2009! Plus de dix ans apr\u00e8s avoir quitt\u00e9 la mairie, l\u2019ancien premier magistrat de <a href=\"https:\/\/actu.fr\/toulouse\/\" target=\"_blank\" rel=\"noopener\">Toulouse<\/a> a en effet annonc\u00e9 mercredi 15\u00a0octobre 2025 la sortie de son livre intitul\u00e9 \u00ab\u2009La gauche au Capitole 2008 \u2013 2014\u2009\u00bb. Un ouvrage pr\u00e9fac\u00e9 par Beno\u00eet Hamon, ex-candidat \u00e0 la Pr\u00e9sidentielle dont Pierre Cohen a suivi la trajectoire politique, du Parti socialiste \u00e0 G\u00e9n\u00e9ration.s.<\/p>\n<p>Un \u00ab\u2009inventaire honn\u00eate et m\u00e9thodique\u2009\u00bb dit Pierre Cohen<\/p>\n<p class=\" wall-content\">\u00ab\u2009Dans ce livre con\u00e7u sous la forme d\u2019un entretien, je reviens sur mon \u00e9lection en 2008 \u00e0 la mairie de Toulouse et les six ann\u00e9es qui ont suivi\u2009\u00bb, retrace l\u2019ex-locataire du Capitole.<\/p>\n<blockquote class=\"ac-article-quote wall-content\">\n<p>C&rsquo;est un t\u00e9moignage sous forme de bilan qui couvre tous les domaines de l&rsquo;action municipale dans une grande ville doubl\u00e9e d&rsquo;une grande m\u00e9tropole.\n<\/p>\n<p>    <strong>Pierre Cohen\u00a0<\/strong><br \/>\n        Ancien maire de Toulouse (2008 &#8211; 2014)    <\/p><\/blockquote>\n<p class=\" wall-content\">\u00ab\u2009J\u2019ai souhait\u00e9 d\u00e9tailler un <strong>inventaire honn\u00eate et m\u00e9thodique<\/strong> du travail accompli par toute une \u00e9quipe sur cette p\u00e9riode\u2009\u00bb, revendique encore l\u2019\u00e9lu.<\/p>\n<p>\u00ab\u2009La droite a g\u00e9r\u00e9 l\u2019h\u00e9ritage\u2009\u00bb pour l\u2019ancien maire de Toulouse<\/p>\n<p class=\" wall-content\">Pierre Cohen se r\u00e9jouit de faire enfin \u00ab\u00a0une <strong>mise au point<\/strong> qui n\u2019a jamais \u00e9t\u00e9 faite\u00a0\u00bb, car d\u2019apr\u00e8s lui, <strong>\u00ab\u00a0la droite<\/strong>, revenue de justesse au Capitole en 2014\u2033, a essentiellement <strong>g\u00e9r\u00e9 l\u2019h\u00e9ritage<\/strong>, sans r\u00e9formes notables\u00a0\u00bb.<\/p>\n<p>Vid\u00e9os : en ce moment sur Actu<\/p>\n<blockquote class=\"ac-article-quote wall-content\">\n<p>L&rsquo;\u00e9quipe actuelle s&rsquo;est appropri\u00e9e une partie de nos projets, ce qui me r\u00e9jouit, mais sans en reconna\u00eetre l&rsquo;origine, et en a abandonn\u00e9 certains, \u00e0 mon grand regret, sans non plus proposer une nouvelle vision aux Toulousains.<\/p>\n<p>    <strong>Pierre Cohen<\/strong>\n            <\/p><\/blockquote>\n<p class=\" wall-content\">Avec cet ouvrage de 213 pages, disponible dans <strong>cinq libraires de Toulouse<\/strong> (Ombres Blanches, Privat, Floury Fr\u00e8res, L\u2019autre Rive et la librairie des Lois), ainsi qu\u2019\u00e0 <strong>La Pr\u00e9face \u00e0 Colomiers<\/strong>, Pierre Cohen entendait \u00ab\u2009redonner confiance \u00e0 toutes celles et ceux qui peuvent se d\u00e9clarer l\u00e9gitimement fiers de l\u2019\u0153uvre accomplie durant cette p\u00e9riode\u2009\u00bb.<\/p>\n<p>Votre r\u00e9gion, votre actu !<\/p>\n<p>Recevez chaque jour les infos qui comptent pour vous.<\/p>\n<p>\t<a href=\"https:\/\/actu.fr\/newsletter\" class=\"ac-btn ac-btn--corner ac-btn--medium ac-btn--blue800\" target=\"_blank\" rel=\"noopener\">S&rsquo;incrire<\/a><br \/>\nLe dernier maire de gauche de la Ville rose<\/p>\n<p class=\" wall-content\">D\u00e9sormais \u00e2g\u00e9 de 75\u00a0ans, Pierre Cohen est le <strong>dernier maire de gauche<\/strong> \u00e0 Toulouse. En 2008, il avait mis fin \u00e0 27\u00a0ans de gestion de droite dans la Ville rose, en s\u2019imposant sur le fil (50,42\u2009%) contre le maire de l\u2019\u00e9poque, Jean-Luc Moudenc, puis avait \u00e9t\u00e9 battu (47,94\u2009%) par ce dernier en 2014. \u00c0 la t\u00eate d\u2019une liste baptis\u00e9e \u00ab\u2009Pour la coh\u00e9sion\u2009! L\u2019autre choix\u2009\u00bb, il s\u2019\u00e9tait repr\u00e9sent\u00e9 en 2020 (5,66\u2009%) avant de <a href=\"https:\/\/actu.fr\/occitanie\/toulouse_31555\/municipales-a-toulouse-voici-la-liste-d-union-de-la-gauche-pilotee-par-antoine-maurice-pour-le-second-tour_34023063.html\" target=\"_blank\" rel=\"noopener\">fusionner au second tour avec la liste men\u00e9e par l\u2019\u00e9cologiste Antoine Maurice<\/a>, sur laquelle il \u00e9tait symboliquement en derni\u00e8re position.<\/p>\n<p><strong>Infos pratiques\u2009:<\/strong><br \/>La gauche au Capitole 2008 \u2013 2014, par Pierre Cohen<br \/>Prix de vente\u2009: 15\u00a0\u20ac, aux \u00e9ditions PHP<br \/>S\u00e9ance de signatures ce samedi 18\u00a0octobre \u00e0 16\u00a0heures \u00e0 la librairie Floury Fr\u00e8res, 36 rue de la Colombette (05\u200961\u200963\u200944\u200915).<\/p>\n<p class=\" wall-content\">Personnalisez votre actualit\u00e9 en ajoutant vos villes et m\u00e9dias en favori avec <a href=\"https:\/\/moncompte.actu.fr\" title=\"D\u00e9couvez Mon Actu\" rel=\"nofollow noopener\" data-trk=\"{&quot;cta&quot;:{&quot;action&quot;:&quot;https:\\\/\\\/moncompte.actu.fr&quot;,&quot;category&quot;:&quot;mon compte&quot;,&quot;from&quot;:&quot;article footer&quot;,&quot;name&quot;:&quot;Mon actu&quot;,&quot;type&quot;:&quot;cta&quot;}}\" target=\"_blank\">Mon Actu<\/a>.<\/p>\n","protected":false},"excerpt":{"rendered":"Par Guillaume Laurens Publi\u00e9 le 16 nov. 2025 \u00e0 16h33 Pierre Cohen prend la plume\u2009! Plus de dix&hellip;\n","protected":false},"author":2,"featured_media":538395,"comment_status":"","ping_status":"","sticky":false,"template":"","format":"standard","meta":{"footnotes":""},"categories":[2816],"tags":[1111,11,4519,1777,674,1011,27,12,2680,316,25,2312,1090],"class_list":{"0":"post-538394","1":"post","2":"type-post","3":"status-publish","4":"format-standard","5":"has-post-thumbnail","7":"category-toulouse","8":"tag-actu","9":"tag-actualites","10":"tag-capitole","11":"tag-eu","12":"tag-europe","13":"tag-fr","14":"tag-france","15":"tag-news","16":"tag-occitanie","17":"tag-politique","18":"tag-republique-francaise","19":"tag-toulouse","20":"tag-toulouse-metropole"},"share_on_mastodon":{"url":"https:\/\/pubeurope.com\/@fr\/115560197949669406","error":""},"_links":{"self":[{"href":"https:\/\/www.europesays.com\/fr\/wp-json\/wp\/v2\/posts\/538394","targetHints":{"allow":["GET"]}}],"collection":[{"href":"https:\/\/www.europesays.com\/fr\/wp-json\/wp\/v2\/posts"}],"about":[{"href":"https:\/\/www.europesays.com\/fr\/wp-json\/wp\/v2\/types\/post"}],"author":[{"embeddable":true,"href":"https:\/\/www.europesays.com\/fr\/wp-json\/wp\/v2\/users\/2"}],"replies":[{"embeddable":true,"href":"https:\/\/www.europesays.com\/fr\/wp-json\/wp\/v2\/comments?post=538394"}],"version-history":[{"count":0,"href":"https:\/\/www.europesays.com\/fr\/wp-json\/wp\/v2\/posts\/538394\/revisions"}],"wp:featuredmedia":[{"embeddable":true,"href":"https:\/\/www.europesays.com\/fr\/wp-json\/wp\/v2\/media\/538395"}],"wp:attachment":[{"href":"https:\/\/www.europesays.com\/fr\/wp-json\/wp\/v2\/media?parent=538394"}],"wp:term":[{"taxonomy":"category","embeddable":true,"href":"https:\/\/www.europesays.com\/fr\/wp-json\/wp\/v2\/categories?post=538394"},{"taxonomy":"post_tag","embeddable":true,"href":"https:\/\/www.europesays.com\/fr\/wp-json\/wp\/v2\/tags?post=538394"}],"curies":[{"name":"wp","href":"https:\/\/api.w.org\/{rel}","templated":true}]}}