{"id":538400,"date":"2025-11-16T16:00:35","date_gmt":"2025-11-16T16:00:35","guid":{"rendered":"https:\/\/www.europesays.com\/fr\/538400\/"},"modified":"2025-11-16T16:00:35","modified_gmt":"2025-11-16T16:00:35","slug":"jane-bouvier-une-vie-consacree-a-la-scolarisation-des-enfants-a-la-rue","status":"publish","type":"post","link":"https:\/\/www.europesays.com\/fr\/538400\/","title":{"rendered":"Jane Bouvier, une vie consacr\u00e9e \u00e0 la scolarisation des enfants \u00e0 la rue"},"content":{"rendered":"<p>Psychologue de formation, Jane\u00a0Bouvier n\u2019avait jamais imagin\u00e9 cr\u00e9er une association. Tout commence en 2012, lorsqu\u2019un incendie ravage un bidonville de familles rom dans le quartier des Cr\u00e9neaux \u00e0 Marseille. \u00ab\u00a0Il y avait un rassemblement de solidarit\u00e9 et j\u2019y suis all\u00e9e pour aider\u00a0\u00bb, explique-t-elle.<\/p>\n<p>Elle constate que la <a href=\"https:\/\/www.laprovence.com\/article\/edition-marseille\/2864782\/des-roms-sur-le-chemin-de-lecole.html\" target=\"_blank\" rel=\"noopener\">majorit\u00e9 des enfants ne sont pas scolaris\u00e9s<\/a>. Sa mission appara\u00eet comme une \u00e9vidence\u00a0: accompagner les parents pour que leurs enfants aillent \u00e0 l\u2019\u00e9cole.<\/p>\n<p>\u00ab\u00a0Parcours du combattant\u00a0\u00bb<\/p>\n<p>Commence alors un travail de longue haleine pour convaincre des familles m\u00e9fiantes, craignant le retrait de leurs enfants. Les d\u00e9marches pour l\u2019inscription scolaire sont ensuite tr\u00e8s complexes\u00a0: \u00ab\u00a0Vivre dans la rue, ne pas parler la langue ou \u00eatre analphab\u00e8te transforme chaque \u00e9tape en parcours du combattant.\u00a0\u00bb<\/p>\n<p>La cr\u00e9ation de \u00ab\u00a0L\u2019\u00c9cole au pr\u00e9sent\u00a0\u00bb, deux ans plus tard, n\u2019est qu\u2019une formalit\u00e9 pour obtenir la l\u00e9gitimit\u00e9 n\u00e9cessaire \u00e0 tamponner les justificatifs de domicile aupr\u00e8s de la mairie\u00a0: \u00ab\u00a0Je certifiais sur honneur accompagner telle famille sur tel lieu de vie, c\u2019est-\u00e0-dire un parking.\u00a0\u00bb<\/p>\n<p>Depuis sa cr\u00e9ation, <a href=\"https:\/\/www.laprovence.com\/article\/edition-marseille\/3584472\/madame-jane-se-bat-pour-lecole.html\" target=\"_blank\" rel=\"noopener\">L\u2019\u00c9cole au pr\u00e9sent<\/a>, aujourd\u2019hui compos\u00e9e de Jane\u00a0Bouvier et de deux m\u00e9diateurs, a accompagn\u00e9 &#8230;<\/p>\n","protected":false},"excerpt":{"rendered":"Psychologue de formation, Jane\u00a0Bouvier n\u2019avait jamais imagin\u00e9 cr\u00e9er une association. Tout commence en 2012, lorsqu\u2019un incendie ravage un&hellip;\n","protected":false},"author":2,"featured_media":538401,"comment_status":"","ping_status":"","sticky":false,"template":"","format":"standard","meta":{"footnotes":""},"categories":[2814],"tags":[17,1111,11,65731,1777,674,1011,27,6085,65730,884,12,1186,882,25,65704,104,96,4717],"class_list":{"0":"post-538400","1":"post","2":"type-post","3":"status-publish","4":"format-standard","5":"has-post-thumbnail","7":"category-marseille","8":"tag-17","9":"tag-actu","10":"tag-actualites","11":"tag-bouvier","12":"tag-eu","13":"tag-europe","14":"tag-fr","15":"tag-france","16":"tag-ils","17":"tag-jane","18":"tag-marseille","19":"tag-news","20":"tag-provence","21":"tag-provence-alpes-cote-dazur","22":"tag-republique-francaise","23":"tag-sengagent","24":"tag-societe","25":"tag-une","26":"tag-vie"},"share_on_mastodon":{"url":"https:\/\/pubeurope.com\/@fr\/115560213619110129","error":""},"_links":{"self":[{"href":"https:\/\/www.europesays.com\/fr\/wp-json\/wp\/v2\/posts\/538400","targetHints":{"allow":["GET"]}}],"collection":[{"href":"https:\/\/www.europesays.com\/fr\/wp-json\/wp\/v2\/posts"}],"about":[{"href":"https:\/\/www.europesays.com\/fr\/wp-json\/wp\/v2\/types\/post"}],"author":[{"embeddable":true,"href":"https:\/\/www.europesays.com\/fr\/wp-json\/wp\/v2\/users\/2"}],"replies":[{"embeddable":true,"href":"https:\/\/www.europesays.com\/fr\/wp-json\/wp\/v2\/comments?post=538400"}],"version-history":[{"count":0,"href":"https:\/\/www.europesays.com\/fr\/wp-json\/wp\/v2\/posts\/538400\/revisions"}],"wp:featuredmedia":[{"embeddable":true,"href":"https:\/\/www.europesays.com\/fr\/wp-json\/wp\/v2\/media\/538401"}],"wp:attachment":[{"href":"https:\/\/www.europesays.com\/fr\/wp-json\/wp\/v2\/media?parent=538400"}],"wp:term":[{"taxonomy":"category","embeddable":true,"href":"https:\/\/www.europesays.com\/fr\/wp-json\/wp\/v2\/categories?post=538400"},{"taxonomy":"post_tag","embeddable":true,"href":"https:\/\/www.europesays.com\/fr\/wp-json\/wp\/v2\/tags?post=538400"}],"curies":[{"name":"wp","href":"https:\/\/api.w.org\/{rel}","templated":true}]}}