{"id":538403,"date":"2025-11-16T16:03:16","date_gmt":"2025-11-16T16:03:16","guid":{"rendered":"https:\/\/www.europesays.com\/fr\/538403\/"},"modified":"2025-11-16T16:03:16","modified_gmt":"2025-11-16T16:03:16","slug":"un-festival-dedie-au-feminisme-inclusif-et-aux-cultures-queer-a-lyon","status":"publish","type":"post","link":"https:\/\/www.europesays.com\/fr\/538403\/","title":{"rendered":"Un festival d\u00e9di\u00e9 au f\u00e9minisme inclusif et aux cultures queer \u00e0 Lyon"},"content":{"rendered":"<p>                            <img loading=\"lazy\" width=\"1200\" height=\"877\" class=\"attachment-article size-article wp-post-image lazyload\" alt=\"\" decoding=\"async\" src=\"https:\/\/www.europesays.com\/fr\/wp-content\/uploads\/2025\/11\/TXR-Voir-clair-avec-Monique-Wittig-AdeleHaenel-\u00a9-Karen-Paulina-Biswell.jpg\" data-eio-rwidth=\"1200\" data-eio-rheight=\"877\"\/><\/p>\n<p>Ade\u0300le Haenel dans \u00ab\u00a0Voir clair avec Monique Wittig\u00a0\u00bb \u00a9 Karen Paulina Biswell<\/p>\n<p class=\"content\" style=\"font-size:1.2em;font-weight:700\">Pour sa cinqui\u00e8me \u00e9dition, le Festiv.iel pose ses valises au Th\u00e9\u00e2tre de la Croix-Rousse, \u00e0 Lyon du jeudi 13 au samedi 29 novembre. L&rsquo;occasion d&rsquo;y retrouver des figures du f\u00e9minisme, telles que Ad\u00e8le Haenel, Ovidie, Titiou Lecoq ou encore R\u00e9becca Chaillon autour de soir\u00e9es, ateliers, rencontres et projections.<\/p>\n<p>Depuis le jeudi 13 novembre et ce jusqu&rsquo;au samedi 29 novembre, le Th\u00e9\u00e2tre de la Croix-Rousse, \u00e0 Lyon, accueille la cinqui\u00e8me \u00e9dition de Festiv.iel, un festival engag\u00e9, singulier et politique d\u00e9di\u00e9 au f\u00e9minisme inclusif, aux cultures queer ainsi qu&rsquo;aux questions de genre et de sexualit\u00e9. Au cours de ces deux semaines, six spectacles audacieux seront propos\u00e9s, m\u00ealant th\u00e9\u00e2tre, conf\u00e9rences, lectures, projections et performances. <\/p>\n<p><strong>Lire aussi :<\/strong> <a href=\"https:\/\/www.lyoncapitale.fr\/culture\/rentree-culturelle-au-theatre-de-la-croix-rousse-iel-et-nous\" target=\"_blank\" rel=\"noreferrer noopener\">Rentr\u00e9e culturelle : au Th\u00e9\u00e2tre de la Croix-Rousse, iel et nous<\/a><\/p>\n<p>Cette ann\u00e9e, des personnalit\u00e9s telles qu&rsquo;Ad\u00e8le Haenel, R\u00e9becca Chaillon, Titiou Lecoq ou Ovidie signeront des cr\u00e9ations qui interrogent les normes sociales et \u00e0 questionner les rapports de pouvoir.<\/p>\n<p><strong>5 000 spectateurs en 2024<\/strong><\/p>\n<p>Au-del\u00e0 de la sc\u00e8ne, Festiv.iel d\u00e9ploie un riche tissu d&rsquo;activit\u00e9s. Karaok\u00e9 f\u00e9ministe, ateliers de r\u00e9\u00e9criture, tables rondes ou encore soir\u00e9es festives. Ces rendez-vous, tant s\u00e9rieux que chaleureux, tissent un espace inclusif o\u00f9 chaque personne est invit\u00e9e \u00e0 d\u00e9battre et c\u00e9l\u00e9brer. Le festival s&rsquo;ach\u00e8vera le samedi 29 novembre au Lavoir Public, dans le 1er arrondissement de Lyon, par un drag show et un DJ set. L&rsquo;ann\u00e9e pass\u00e9e, le festival avait accueilli pas moins de 5 000 spectateurs sur les 15 jours de festivit\u00e9s. <\/p>\n<p>Plus d&rsquo;informations <a href=\"https:\/\/www.croix-rousse.com\/au-programme\/festiv%C2%B7iel\/\" target=\"_blank\" rel=\"noreferrer noopener\">ici<\/a>. <\/p>\n","protected":false},"excerpt":{"rendered":"Ade\u0300le Haenel dans \u00ab\u00a0Voir clair avec Monique Wittig\u00a0\u00bb \u00a9 Karen Paulina Biswell Pour sa cinqui\u00e8me \u00e9dition, le Festiv.iel&hellip;\n","protected":false},"author":2,"featured_media":538404,"comment_status":"","ping_status":"","sticky":false,"template":"","format":"standard","meta":{"footnotes":""},"categories":[1889],"tags":[1111,11,2430,65575,1777,674,1011,27,2428,12,25,3140,1347,65732],"class_list":{"0":"post-538403","1":"post","2":"type-post","3":"status-publish","4":"format-standard","5":"has-post-thumbnail","7":"category-lyon","8":"tag-actu","9":"tag-actualites","10":"tag-auvergne-rhone-alpes","11":"tag-culture-a-lyon","12":"tag-eu","13":"tag-europe","14":"tag-fr","15":"tag-france","16":"tag-lyon","17":"tag-news","18":"tag-republique-francaise","19":"tag-spectacle","20":"tag-theatre","21":"tag-theatre-croix-rousse"},"share_on_mastodon":{"url":"https:\/\/pubeurope.com\/@fr\/115560226413995375","error":""},"_links":{"self":[{"href":"https:\/\/www.europesays.com\/fr\/wp-json\/wp\/v2\/posts\/538403","targetHints":{"allow":["GET"]}}],"collection":[{"href":"https:\/\/www.europesays.com\/fr\/wp-json\/wp\/v2\/posts"}],"about":[{"href":"https:\/\/www.europesays.com\/fr\/wp-json\/wp\/v2\/types\/post"}],"author":[{"embeddable":true,"href":"https:\/\/www.europesays.com\/fr\/wp-json\/wp\/v2\/users\/2"}],"replies":[{"embeddable":true,"href":"https:\/\/www.europesays.com\/fr\/wp-json\/wp\/v2\/comments?post=538403"}],"version-history":[{"count":0,"href":"https:\/\/www.europesays.com\/fr\/wp-json\/wp\/v2\/posts\/538403\/revisions"}],"wp:featuredmedia":[{"embeddable":true,"href":"https:\/\/www.europesays.com\/fr\/wp-json\/wp\/v2\/media\/538404"}],"wp:attachment":[{"href":"https:\/\/www.europesays.com\/fr\/wp-json\/wp\/v2\/media?parent=538403"}],"wp:term":[{"taxonomy":"category","embeddable":true,"href":"https:\/\/www.europesays.com\/fr\/wp-json\/wp\/v2\/categories?post=538403"},{"taxonomy":"post_tag","embeddable":true,"href":"https:\/\/www.europesays.com\/fr\/wp-json\/wp\/v2\/tags?post=538403"}],"curies":[{"name":"wp","href":"https:\/\/api.w.org\/{rel}","templated":true}]}}