{"id":538405,"date":"2025-11-16T16:04:26","date_gmt":"2025-11-16T16:04:26","guid":{"rendered":"https:\/\/www.europesays.com\/fr\/538405\/"},"modified":"2025-11-16T16:04:26","modified_gmt":"2025-11-16T16:04:26","slug":"une-petition-contre-la-debaptisation-de-la-rue-bugeaud-a-lyon","status":"publish","type":"post","link":"https:\/\/www.europesays.com\/fr\/538405\/","title":{"rendered":"une p\u00e9tition contre la d\u00e9baptisation de la rue Bugeaud \u00e0 Lyon"},"content":{"rendered":"<p itemprop=\"description\"><strong>La rue Bugeaud dans le 6e arrondissement de Lyon sera-t-elle d\u00e9baptis\u00e9e avant la fin du mandat de Gr\u00e9gory Doucet ?<\/strong><\/p>\n<p>Oui selon le collectif \u00ab\u00a0Non \u00e0 la d\u00e9baptisation de la rue Bugeaud\u00a0\u00bb qui a particip\u00e9 au comit\u00e9 Histoire et M\u00e9moire de la Ville (CHMV) cens\u00e9 recenser les lieux et embl\u00e8mes probl\u00e9matiques de Lyon.<\/p>\n<p>\u00ab\u00a0L&rsquo;ex\u00e9cutif veut rapidement d\u00e9baptiser cette rue pour r\u00e9pondre \u00e0 quelques associations ext\u00e9rieures en se moquant bien des cons\u00e9quences administratives et financi\u00e8res d&rsquo;une telle d\u00e9cision. Ce sera aux habitants, commer\u00e7ants et entreprises d&rsquo;en supporter les frais\u00a0\u00bb, fustige le collectif qui pr\u00e9dit une gal\u00e8re administrative pour ceux qui vivent et travaillent rue Bugeaud en cas de changement de nom : \u00ab\u00a0La rue Bugeaud c&rsquo;est 87 commerces, 78 adresses postales, 1020 familles, des \u00e9tudes de Notaires, commissaires de justice, avocats, architectes, une \u00e9cole et le plus important garage de l&rsquo;arrondissement\u00a0\u00bb.<\/p>\n<p>Une <a href=\"https:\/\/www.onparticipe.fr\/p\/TsK2vMqu\" target=\"_blank\" rel=\"noopener\">p\u00e9tition en ligne<\/a> a \u00e9t\u00e9 lanc\u00e9e, elle regroupe d\u00e9j\u00e0 pr\u00e8s de 900 signatures de personnes oppos\u00e9es \u00e0 cette d\u00e9baptisation.<\/p>\n<p>Pour rappel, le mar\u00e9chal Thomas Robert Bugeaud est consid\u00e9r\u00e9 comme un bourreau de l&rsquo;Alg\u00e9rie, auteur de plusieurs massacres de civils et d&rsquo;enfumades de grottes. Il y a un nom, l&rsquo;Union Alg\u00e9rienne, association de la diaspora du pays maghr\u00e9bin en France, avait port\u00e9 plainte contre\u00a0<a href=\"https:\/\/www.lyonmag.com\/profil-personnalite-lyonnaise\/504\/gregory-doucet\" target=\"_blank\" rel=\"noopener\">Gr\u00e9gory Doucet<\/a> et la Ville de Lyon, estimant que ce maintien du nom de la rue \u00e9tait une apologie de crimes de guerre et de crimes contre l&rsquo;humanit\u00e9.<\/p>\n","protected":false},"excerpt":{"rendered":"La rue Bugeaud dans le 6e arrondissement de Lyon sera-t-elle d\u00e9baptis\u00e9e avant la fin du mandat de Gr\u00e9gory&hellip;\n","protected":false},"author":2,"featured_media":538406,"comment_status":"","ping_status":"","sticky":false,"template":"","format":"standard","meta":{"footnotes":""},"categories":[1889],"tags":[1111,11,2813,2190,2430,1109,251,1112,2811,1777,674,118,1011,27,1922,1110,1114,2428,2810,12,241,316,25,2812,517,800],"class_list":{"0":"post-538405","1":"post","2":"type-post","3":"status-publish","4":"format-standard","5":"has-post-thumbnail","7":"category-lyon","8":"tag-actu","9":"tag-actualites","10":"tag-article","11":"tag-asvel","12":"tag-auvergne-rhone-alpes","13":"tag-breves","14":"tag-culture","15":"tag-depeches","16":"tag-economique","17":"tag-eu","18":"tag-europe","19":"tag-faits-divers","20":"tag-fr","21":"tag-france","22":"tag-info","23":"tag-informations","24":"tag-infos","25":"tag-lyon","26":"tag-lyonmag","27":"tag-news","28":"tag-ol","29":"tag-politique","30":"tag-republique-francaise","31":"tag-sociale","32":"tag-sport","33":"tag-transports"},"share_on_mastodon":{"url":"https:\/\/pubeurope.com\/@fr\/115560229339216952","error":""},"_links":{"self":[{"href":"https:\/\/www.europesays.com\/fr\/wp-json\/wp\/v2\/posts\/538405","targetHints":{"allow":["GET"]}}],"collection":[{"href":"https:\/\/www.europesays.com\/fr\/wp-json\/wp\/v2\/posts"}],"about":[{"href":"https:\/\/www.europesays.com\/fr\/wp-json\/wp\/v2\/types\/post"}],"author":[{"embeddable":true,"href":"https:\/\/www.europesays.com\/fr\/wp-json\/wp\/v2\/users\/2"}],"replies":[{"embeddable":true,"href":"https:\/\/www.europesays.com\/fr\/wp-json\/wp\/v2\/comments?post=538405"}],"version-history":[{"count":0,"href":"https:\/\/www.europesays.com\/fr\/wp-json\/wp\/v2\/posts\/538405\/revisions"}],"wp:featuredmedia":[{"embeddable":true,"href":"https:\/\/www.europesays.com\/fr\/wp-json\/wp\/v2\/media\/538406"}],"wp:attachment":[{"href":"https:\/\/www.europesays.com\/fr\/wp-json\/wp\/v2\/media?parent=538405"}],"wp:term":[{"taxonomy":"category","embeddable":true,"href":"https:\/\/www.europesays.com\/fr\/wp-json\/wp\/v2\/categories?post=538405"},{"taxonomy":"post_tag","embeddable":true,"href":"https:\/\/www.europesays.com\/fr\/wp-json\/wp\/v2\/tags?post=538405"}],"curies":[{"name":"wp","href":"https:\/\/api.w.org\/{rel}","templated":true}]}}