{"id":538407,"date":"2025-11-16T16:06:13","date_gmt":"2025-11-16T16:06:13","guid":{"rendered":"https:\/\/www.europesays.com\/fr\/538407\/"},"modified":"2025-11-16T16:06:13","modified_gmt":"2025-11-16T16:06:13","slug":"ratp-et-sncf-les-perturbations-attendues-dans-les-transports-a-paris-et-en-ile-de-france-cette-semaine-26","status":"publish","type":"post","link":"https:\/\/www.europesays.com\/fr\/538407\/","title":{"rendered":"RATP et SNCF. Les perturbations attendues dans les transports \u00e0 Paris et en \u00cele-de-France cette semaine"},"content":{"rendered":"<p>                    Par<br \/>\n        <strong><br \/>\n            <a href=\"https:\/\/actu.fr\/auteur\/antoine-grotteria02\" title=\"Consulter tous les articles de Antoine Grotteria\" target=\"_blank\" rel=\"noopener\">Antoine Grotteria<\/a><br \/>\n                    <\/strong><\/p>\n<p>        Publi\u00e9 le<\/p>\n<p>            16 nov. 2025 \u00e0 17h02        <\/p>\n<p>Vous avez pr\u00e9vu de vous d\u00e9placer en <strong>transports en commun<\/strong> ? Du lundi 17 au dimanche 23 novembre 2025, il faudra \u00eatre vigilant \u00e0 <a href=\"https:\/\/actu.fr\/paris\/\" target=\"_blank\" rel=\"noopener\">Paris<\/a> et en \u00cele-de-France en raison des perturbations annonc\u00e9es par la <a href=\"https:\/\/actu.fr\/tag\/ratp\" target=\"_blank\" rel=\"noopener\">RATP<\/a> et la <a href=\"https:\/\/actu.fr\/tag\/sncf\" target=\"_blank\" rel=\"noopener\">SNCF<\/a>. <a href=\"https:\/\/actu.fr\/tag\/metro\" target=\"_blank\" rel=\"noopener\">M\u00e9tro<\/a>, Transilien, RER\u2026 Voici les <strong>pr\u00e9visions<\/strong> relay\u00e9es par actu Paris.\u00a0<\/p>\n<p class=\" wall-content\"><strong>M\u00e9tro\u00a0<\/strong><\/p>\n<ul class=\" wall-content\">\n<li><strong>Ligne 14<\/strong> : Le 23 novembre jusqu\u2019\u00e0 14 heures, le trafic sera interrompu sur toute la ligne en raison de travaux de modernisation. Bus de remplacement Gare de Lyon \u2013 Olympiades.\u00a0<\/li>\n<\/ul>\n<p class=\" wall-content\"><strong>RER\u00a0<\/strong><\/p>\n<ul class=\" wall-content\">\n<li><strong>RER A<\/strong> : Jusqu\u2019au 19 d\u00e9cembre, du lundi au vendredi d\u00e8s 21h50, le trafic est interrompu entre Cergy\u2006\u2013\u2006Le Haut et Maisons-Laffitte en raison de travaux. Jusqu\u2019au 13 d\u00e9cembre, du mardi au samedi jusqu\u2019\u00e0 05h10, le trafic est interrompu de Cergy\u2013Le Haut \u00e0 Maisons-Laffitte en raison de travaux. Jusqu\u2019au\u00a030 novembre, le week-end, les trains \u00e0 destination de Poissy desservent \u00e9galement Cergy\u2013Le Haut (allongement du temps de parcours entre Ach\u00e8res\u2013Ville et Cergy\u2013Le Haut) en raison de\u00a0travaux d\u2019entretien. Infos sur les sites IDFM \/ RATP \/ Transilien.<\/li>\n<li><strong>RER B<\/strong> : samedi 22 et dimanche 23 novembre, \u00e0 partir de 23 heures, \u00a0le trafic est interrompu entre Aulnay-sous-Bois et A\u00e9roport Charles de Gaulle 2\u2006\u2013\u2006TGV en raison de travaux d\u2019entretien. Bus de remplacement. Du 17 novembre au 12 d\u00e9cembre, du lundi au vendredi d\u00e8s 22h45, le trafic sera interrompu entre Gare du Nord et A\u00e9roport Charles de Gaulle 2\u2013TGV \u2022 Mitry\u2013Claye en raison de travaux d\u2019entretien.<\/li>\n<li><strong>RER C<\/strong> : du lundi 17 au vendredi 21 novembre, d\u00e8s 23h30, le trafic est interrompu entre Saint-Martin d\u2019\u00c9tampes et Gare d\u2019Austerlitz, et entre Dourdan la For\u00eat et Gare d\u2019Austerlitz. Bus de remplacement. Du mercredi 12 au vendredi 28 novembre \u00e0 partir de 23h30 du lundi au vendredi, le trafic est interrompu de Javel vers Saint-Quentin en Yvelines en raison de travaux sur le r\u00e9seau ferroviaire. Le trafic est interrompu entre Paris Austerlitz et Juvisy via Choisy le Roi \u00e0 partir de 23 heures. Jusqu\u2019au 28 novembre, du lundi au vendredi d\u00e8s 23 heures, le trafic est interrompu entre Pont de Rungis A\u00e9roport d\u2019Orly et Gare d\u2019Austerlitz. Jusqu\u2019au 28 novembre, du lundi au vendredi d\u00e8s 23 heures, le trafic est interrompu entre Avenue Henri Martin et Pontoise. Dimanche 23 novembre, d\u00e8s 23h45, le trafic est interrompu entre Saint-Martin d\u2019\u00c9tampes et Gare d\u2019Austerlitz, et entre Dourdan la For\u00eat et Gare d\u2019Austerlitz. Bus de remplacement. Jusqu\u2019au 11 janvier, l\u2019arr\u00eat n\u2019est pas desservi \u00e0 Issy vers Dourdan la For\u00eat, Saint-Martin d\u2019\u00c9tampes et Massy\u2006\u2013\u2006Palaiseau en raison de travaux. Samedi 22 novembre, le trafic est interrompu entre Juvisy et Dourdan Juvisy et Saint-Martin d\u2019Etampes jusqu\u2019\u00e0 17 heures.\u00a0<\/li>\n<li><strong>RER D<\/strong> : samedi 22 et dimanche 23 novembre, le trafic est interrompu entre Combs-la-Ville \u2013 Quincy et Melun. Jusqu\u2019au 28 novembre, du lundi au vendredi d\u00e8s 23h35, le trafic est interrompu entre Combs-la-Ville \u2013 Quincy et Melun. Des bus de remplacement sont mis \u00e0 disposition. Jusqu\u2019au 14 d\u00e9cembre, du lundi au vendredi \u00e0 partir de 23h20, le trafic est interrompu entre Gare du Nord et Creil en raison de travaux. En semaine de 23h15 \u00e0 4h40. du lundi 10 novembre au vendredi 21 novembre, le trafic est interrompu entre Paris Gare de Lyon et Paris Gare du Nord. Du lundi 17 au vendredi 21 novembre, \u00e0 partir de 23h35, le trafic est interrompu entre Combs-la-Ville \u2013 Quincy et Melun. En semaine de 22h30 \u00e0 fin de service, du lundi 06 octobre au vendredi 12 d\u00e9cembre, les gares entre Paris Gare de Lyon et Villeneuve Saint-Georges ne sont pas desservies. En semaine \u00e0 partir de 23h35 du 13 octobre au vendredi 28 novembre, le trafic est interrompu entre Paris Gare du Nord et Creil. Un service de bus de remplacement est mis en place, avec desserte des gares interm\u00e9diaires. Motif : travaux sur le r\u00e9seau ferroviaire. Samedi 22 et dimanche 23 novembre, d\u00e8s 22h50, le trafic est interrompu entre Paris Gare de Lyon et Creil.\u00a0<\/li>\n<li><strong>RER E<\/strong> : jusqu\u2019au vendredi 21 novembre, \u00e0 partir de 21h55, le trafic est interrompu entre Nanterre-la-Folie et Villiers-sur-Marne et entre Nanterre-la-Folie et Tournan. Motif : travaux sur le r\u00e9seau ferroviaire. Dimanche 23 novembre, le trafic est interrompu entre Nanterre-La-Folie et Villiers-sur-Marne \/ Tournan en raison de travaux. Samedi 22 novembre jusqu\u2019au dimanche 23 novembre \u00e0 19 heures, un train sur deux circule entre Nanterre-la-Folie et Chelles Gournay, et entre Nanterre-la-Folie et Villiers-sur-Marne. Motif : travaux sur le r\u00e9seau ferroviaire.<\/li>\n<\/ul>\n<p class=\" wall-content\"><strong>Transilien\u00a0<\/strong><\/p>\n<ul class=\" wall-content\">\n<li><strong>Ligne J<\/strong> : du lundi 17 au vendredi 21 novembre, les deux derniers trains au d\u00e9part de Paris Saint-Lazare et \u00e0 destination de Mantes la Jolie via Conflans Sainte-Honorine sont terminus en gare de Issou Porcheville. A partir de 22h50 du lundi au vendredi, le trafic est interrompu entre Argenteuil et Ermont Eaubonne. Les gares de Bois Colombes, Colombes et Le Stade ne sont pas desservies.<\/li>\n<li><strong>Ligne K<\/strong> : samedi 22 et dimanche 23 novembre, le trafic est interrompu entre Gare du Nord et Mitry\u2013Claye. En semaine de soir\u00e9e jusqu\u2019au samedi matin, du lundi 19 mai au samedi 20 d\u00e9cembre, le trafic est interrompu entre Gare du Nord et Cr\u00e9py-en-Valois.\u00a0<\/li>\n<li><strong>Ligne L<\/strong> : samedi 22 et dimanche 23 novembre, le trafic est interrompu entre B\u00e9con les Bruy\u00e8res et Nanterre Universit\u00e9 et entre B\u00e9con les Bruy\u00e8res et Maisons-Laffitte.\u00a0<\/li>\n<li><strong>Ligne N<\/strong> : du lundi 03 au vendredi 28 novembre, sauf les jours f\u00e9ri\u00e9s. Le trafic est interrompu de Paris Montparnasse vers Mantes-la-Jolie. Dernier train de Paris Montparnasse vers Mantes-la-Jolie: 20h50. Un service de bus de remplacement est mis en place, avec desserte des gares interm\u00e9diaires.<\/li>\n<li><strong>Ligne P<\/strong> : samedi et dimanche, le trafic est interrompu entre Paris Est et Meaux et entre Paris Est et Ch\u00e2teau-Thierry. Idem entre Paris Est et Meaux et entre Paris Est et Ch\u00e2teau-Thierry. Idem entre Meaux et La Fert\u00e9 \u2013 Milon. Du lundi 17 au vendredi 21 novembre, le trafic est interrompu entre Paris Est et Ch\u00e2teau-Thierry. Un service de bus de remplacement est mis en place, avec desserte des gares interm\u00e9diaires. Motif : travaux sur le r\u00e9seau ferroviaire. En semaine \u00e0 partir de 21h45, du lundi 3 au vendredi 21 novembre, le trafic est interrompu entre Paris Est et Provins. D\u00e8s 21h30, trafic interrompu jusqu\u2019au vendredi 19 d\u00e9cembre, en semaine, entre Paris Est et Coulommiers. Du\u00a022 novembre\u00a0au\u00a023 novembre, le week-end,\u00a0le trafic sera interrompu\u00a0entre\u00a0Gare de l\u2019Est\u00a0et\u00a0Ch\u00e2teau-Thierry. Bus de remplacement.<\/li>\n<li><strong>Ligne R<\/strong> : du lundi 03 au vendredi 30 novembre, les trains de la ligne R sont direct Corbeil-Essonnes. Les trains \u00e0 destination de Montereau sont direct Champagne sur Seine, en raison travaux sur le r\u00e9seau ferroviaire \u00e0 partir de 23h35. En semaine de 22h30 \u00e0 05h30, du lundi 17 au vendredi 21 novembre, le trafic est interrompu entre Melun et Montereau via H\u00e9ricy.<\/li>\n<\/ul>\n<p class=\" wall-content\"><strong>Tramway<\/strong><\/p>\n<ul class=\" wall-content\">\n<li><strong>T1<\/strong> : le trafic est interrompu\u00a0entre Asni\u00e8res \u2013 Quatre Routes et Gare de Saint-Denis\u00a0et perturb\u00e9 sur le reste de la ligne\u00a0en raison d\u2019une d\u00e9gradation par un tiers\u00a0\u00e0 L\u2019\u00cele-Saint-Denis.\u00a0Reprise des circulations envisag\u00e9e \u00e0 l\u2019\u00e9t\u00e9 2026.<\/li>\n<li><strong>T2<\/strong> : jusqu\u2019\u00e0 fin f\u00e9vrier 2026,\u00a0le trafic est interrompu\u00a0entre\u00a0Porte de Versailles\u00a0et\u00a0Suzanne Lenglen\u00a0en raison d\u2019importants travaux de modernisation.<br \/>Pour rejoindre la Porte de Versailles, depuis Suzanne Lenglen, rejoindre \u00e0 pied la station Balard du T3a.<\/li>\n<li><strong>T4<\/strong> : du lundi 10 novembre au vendredi 28 novembre, sauf les week-end, le trafic est interrompu sur toute la ligne \u00e0 partir de 21h15. Bus de remplacement (travaux).<\/li>\n<li><strong>T13<\/strong> : du samedi 22 au dimanche 23 novembre, le trafic est interrompu sur l\u2019ensemble de la ligne d\u00e8s 20 heures.\u00a0<\/li>\n<li><strong>T14<\/strong> : du vendredi 21 novembre \u00e0 partir de 22h jusqu\u2019au dimanche 23 novembre 17h, le trafic est interrompu sur toute la ligne<\/li>\n<\/ul>\n<p class=\" wall-content\">Personnalisez votre actualit\u00e9 en ajoutant vos villes et m\u00e9dias en favori avec <a href=\"https:\/\/moncompte.actu.fr\" title=\"D\u00e9couvez Mon Actu\" rel=\"nofollow noopener\" data-trk=\"{&quot;cta&quot;:{&quot;action&quot;:&quot;https:\\\/\\\/moncompte.actu.fr&quot;,&quot;category&quot;:&quot;mon compte&quot;,&quot;from&quot;:&quot;article footer&quot;,&quot;name&quot;:&quot;Mon actu&quot;,&quot;type&quot;:&quot;cta&quot;}}\" target=\"_blank\">Mon Actu<\/a>.<\/p>\n","protected":false},"excerpt":{"rendered":"Par Antoine Grotteria Publi\u00e9 le 16 nov. 2025 \u00e0 17h02 Vous avez pr\u00e9vu de vous d\u00e9placer en transports&hellip;\n","protected":false},"author":2,"featured_media":418230,"comment_status":"","ping_status":"","sticky":false,"template":"","format":"standard","meta":{"footnotes":""},"categories":[1592],"tags":[1111,11,1777,674,1011,27,662,12,626,625,25,2215,104,2803],"class_list":{"0":"post-538407","1":"post","2":"type-post","3":"status-publish","4":"format-standard","5":"has-post-thumbnail","7":"category-ile-de-france","8":"tag-actu","9":"tag-actualites","10":"tag-eu","11":"tag-europe","12":"tag-fr","13":"tag-france","14":"tag-ile-de-france","15":"tag-news","16":"tag-paris","17":"tag-ratp","18":"tag-republique-francaise","19":"tag-sncf","20":"tag-societe","21":"tag-transport"},"share_on_mastodon":{"url":"https:\/\/pubeurope.com\/@fr\/115560237328781143","error":""},"_links":{"self":[{"href":"https:\/\/www.europesays.com\/fr\/wp-json\/wp\/v2\/posts\/538407","targetHints":{"allow":["GET"]}}],"collection":[{"href":"https:\/\/www.europesays.com\/fr\/wp-json\/wp\/v2\/posts"}],"about":[{"href":"https:\/\/www.europesays.com\/fr\/wp-json\/wp\/v2\/types\/post"}],"author":[{"embeddable":true,"href":"https:\/\/www.europesays.com\/fr\/wp-json\/wp\/v2\/users\/2"}],"replies":[{"embeddable":true,"href":"https:\/\/www.europesays.com\/fr\/wp-json\/wp\/v2\/comments?post=538407"}],"version-history":[{"count":0,"href":"https:\/\/www.europesays.com\/fr\/wp-json\/wp\/v2\/posts\/538407\/revisions"}],"wp:featuredmedia":[{"embeddable":true,"href":"https:\/\/www.europesays.com\/fr\/wp-json\/wp\/v2\/media\/418230"}],"wp:attachment":[{"href":"https:\/\/www.europesays.com\/fr\/wp-json\/wp\/v2\/media?parent=538407"}],"wp:term":[{"taxonomy":"category","embeddable":true,"href":"https:\/\/www.europesays.com\/fr\/wp-json\/wp\/v2\/categories?post=538407"},{"taxonomy":"post_tag","embeddable":true,"href":"https:\/\/www.europesays.com\/fr\/wp-json\/wp\/v2\/tags?post=538407"}],"curies":[{"name":"wp","href":"https:\/\/api.w.org\/{rel}","templated":true}]}}