{"id":53841,"date":"2025-04-26T07:38:08","date_gmt":"2025-04-26T07:38:08","guid":{"rendered":"https:\/\/www.europesays.com\/fr\/53841\/"},"modified":"2025-04-26T07:38:08","modified_gmt":"2025-04-26T07:38:08","slug":"ile-de-france-banlieues-cheries-lexposition-qui-fait-vibrer-la-jeunesse-des-quartiers-populaires","status":"publish","type":"post","link":"https:\/\/www.europesays.com\/fr\/53841\/","title":{"rendered":"\u00cele-de-France\u00a0: \u00ab\u00a0Banlieues ch\u00e9ries\u00a0\u00bb, l\u2019exposition qui fait vibrer la jeunesse des quartiers populaires"},"content":{"rendered":"<p class=\"col subheadline margin_bottom_subheadline widescreen-12 desktop-10\">L\u2019exposition qui vient d\u2019ouvrir au Palais de la Porte-Dor\u00e9e \u00e0 Paris (XIIe) conte une histoire des banlieues populaires, \u00e0 travers les regards artistiques. De la douceur d\u2019instants intimes aux luttes et \u00e0 l\u2019engagement, des bidonvilles aux grands ensembles, c\u2019est un portrait vibrant de la p\u00e9riph\u00e9rie qui est d\u00e9crite. La Seine-Saint-Denis y tient une large place.<\/p>\n<p>Par <a href=\"https:\/\/www.leparisien.fr\/auteur\/claire-guedon\/\" class=\"author_link\" rel=\"nofollow noopener\" target=\"_blank\">Claire Gu\u00e9don<\/a>\u00a0<\/p>\n<p>Le 26 avril 2025 \u00e0 09h28<\/p>\n","protected":false},"excerpt":{"rendered":"L\u2019exposition qui vient d\u2019ouvrir au Palais de la Porte-Dor\u00e9e \u00e0 Paris (XIIe) conte une histoire des banlieues populaires,&hellip;\n","protected":false},"author":2,"featured_media":53842,"comment_status":"","ping_status":"","sticky":false,"template":"","format":"standard","meta":{"footnotes":""},"categories":[1592],"tags":[1111,11,872,1777,674,1011,27,662,1944,12,626,25,1945],"class_list":{"0":"post-53841","1":"post","2":"type-post","3":"status-publish","4":"format-standard","5":"has-post-thumbnail","7":"category-ile-de-france","8":"tag-actu","9":"tag-actualites","10":"tag-culture-et-loisirs","11":"tag-eu","12":"tag-europe","13":"tag-fr","14":"tag-france","15":"tag-ile-de-france","16":"tag-ma-ville","17":"tag-news","18":"tag-paris","19":"tag-republique-francaise","20":"tag-seine-saint-denis"},"share_on_mastodon":{"url":"https:\/\/pubeurope.com\/@fr\/114403128355965948","error":""},"_links":{"self":[{"href":"https:\/\/www.europesays.com\/fr\/wp-json\/wp\/v2\/posts\/53841","targetHints":{"allow":["GET"]}}],"collection":[{"href":"https:\/\/www.europesays.com\/fr\/wp-json\/wp\/v2\/posts"}],"about":[{"href":"https:\/\/www.europesays.com\/fr\/wp-json\/wp\/v2\/types\/post"}],"author":[{"embeddable":true,"href":"https:\/\/www.europesays.com\/fr\/wp-json\/wp\/v2\/users\/2"}],"replies":[{"embeddable":true,"href":"https:\/\/www.europesays.com\/fr\/wp-json\/wp\/v2\/comments?post=53841"}],"version-history":[{"count":0,"href":"https:\/\/www.europesays.com\/fr\/wp-json\/wp\/v2\/posts\/53841\/revisions"}],"wp:featuredmedia":[{"embeddable":true,"href":"https:\/\/www.europesays.com\/fr\/wp-json\/wp\/v2\/media\/53842"}],"wp:attachment":[{"href":"https:\/\/www.europesays.com\/fr\/wp-json\/wp\/v2\/media?parent=53841"}],"wp:term":[{"taxonomy":"category","embeddable":true,"href":"https:\/\/www.europesays.com\/fr\/wp-json\/wp\/v2\/categories?post=53841"},{"taxonomy":"post_tag","embeddable":true,"href":"https:\/\/www.europesays.com\/fr\/wp-json\/wp\/v2\/tags?post=53841"}],"curies":[{"name":"wp","href":"https:\/\/api.w.org\/{rel}","templated":true}]}}