{"id":538418,"date":"2025-11-16T16:12:15","date_gmt":"2025-11-16T16:12:15","guid":{"rendered":"https:\/\/www.europesays.com\/fr\/538418\/"},"modified":"2025-11-16T16:12:15","modified_gmt":"2025-11-16T16:12:15","slug":"zelensky-en-quete-de-gaz-darmes-et-de-soutien","status":"publish","type":"post","link":"https:\/\/www.europesays.com\/fr\/538418\/","title":{"rendered":"Zelensky en qu\u00eate de gaz, d\u2019armes et de soutien"},"content":{"rendered":"\n<p>Apr\u00e8s d\u2019importantes frappes russes qui ont tu\u00e9 au moins six personnes dans un immeuble de Kiev, et alors que la ville strat\u00e9gique de Pokrovsk, dans l\u2019est de l\u2019Ukraine, pourrait tomber prochainement aux mains des Russes, le pr\u00e9sident ukrainien Volodymyr Zelensky a entam\u00e9 dimanche 16\u00a0novembre une tourn\u00e9e europ\u00e9enne. Apr\u00e8s la Gr\u00e8ce, il se rendra en France et en Espagne en qu\u00eate de gaz, d\u2019armes et de soutien.<\/p>\n<p>Arriv\u00e9 dimanche matin en Gr\u00e8ce, il a \u00e9t\u00e9 re\u00e7u en d\u00e9but d\u2019apr\u00e8s-midi par le Premier ministre Kyriakos Mitsotakis. Les deux hommes ont sign\u00e9 un accord afin que l\u2019Ukraine puisse importer du gaz am\u00e9ricain en passant par la Gr\u00e8ce \u00e0 partir de d\u00e9cembre 2025\u00a0et jusqu\u2019en mars 2026, <a class=\"ithalc\" data-ithal=\"lien_externe\" data-ithalc=\"[nav_article]\" target=\"_blank\" href=\"https:\/\/www.ekathimerini.com\/politics\/foreign-policy\/1286980\/greece-ukraine-sign-deal-to-route-us-lng-through-vertical-corridor\/\" rel=\"nofollow noopener\">indique le site <strong>I Kathimerini<\/strong><\/a>. Cela permettra de r\u00e9pondre aux besoins du pays face \u00e0 un hiver qui s\u2019annonce plus rigoureux que les pr\u00e9c\u00e9dents. L\u2019Ukraine est actuellement confront\u00e9e non seulement aux coupures d\u2019\u00e9lectricit\u00e9, mais aussi \u00e0 une p\u00e9nurie de combustible, apr\u00e8s que ses infrastructures gazi\u00e8res ont \u00e9t\u00e9 vis\u00e9es par de r\u00e9cents bombardements.<\/p>\n<p>\u00c0 l\u2019occasion d\u2019une d\u00e9claration de presse commune, Mitsotakis a d\u00e9clar\u00e9\u00a0:<\/p>\n<blockquote><p>\u201cNous sommes aux c\u00f4t\u00e9s du peuple ukrainien. La Gr\u00e8ce a adopt\u00e9 cette position d\u00e8s le d\u00e9but en r\u00e9ponse \u00e0 une attaque qui viole tous les principes de souverainet\u00e9 et de droit international.\u201d<\/p><\/blockquote>\n<p>\u201cAlors qu\u2019un\u00a0quatri\u00e8me hiver [en guerre] se profile, la Russie a \u00e9tendu ses attaques. Apr\u00e8s le r\u00e9seau \u00e9lectrique ukrainien, elle vise les infrastructures gazi\u00e8res, ciblant puits, sites de stockage, gazoducs et autres composants essentiels\u201d <a class=\"ithalc\" data-ithal=\"lien_externe\" data-ithalc=\"[nav_article]\" target=\"_blank\" href=\"https:\/\/www.nytimes.com\/2025\/11\/15\/world\/europe\/ukraine-russia-energy-winter-cold-gas.html\" rel=\"nofollow noopener\">d\u00e9crit <strong>The<\/strong> <strong>New York Times<\/strong><\/a>. Pour le journal am\u00e9ricain, il s\u2019agit d\u2019une nouvelle \u201ctentative de la Russie pour briser la r\u00e9silience des Ukrainiens\u201d.<\/p>\n<p>Le journal belge<strong> <\/strong><a class=\"ithalc\" data-ithal=\"lien_externe\" data-ithalc=\"[nav_article]\" target=\"_blank\" href=\"https:\/\/www.lesoir.be\/711177\/article\/2025-11-16\/volodymyr-zelensky-entame-un-marathon-diplomatique-en-europe-en-marge-de\" rel=\"nofollow noopener\"><strong>Le Soir<\/strong> pr\u00e9cise<\/a> que \u201cla plus grande campagne de bombardements contre les sites gaziers ukrainiens depuis le d\u00e9but de l\u2019invasion en 2022\u201d s\u2019est d\u00e9roul\u00e9e en octobre dernier, interrompant 60\u00a0% de la production.<\/p>\n<p>Pendant les trois premi\u00e8res ann\u00e9es de guerre, Moscou a \u00e9pargn\u00e9 le r\u00e9seau gazier car son gaz naturel vendu en Europe transitait par l\u2019Ukraine, rappelle le quotidien am\u00e9ricain, mais ce n\u2019est plus le cas depuis le 1er\u00a0janvier dernier, apr\u00e8s le refus de Kiev de renouveler l\u2019accord de transit.<\/p>\n<p>               Rencontre avec le pr\u00e9sident Macron       <\/p>\n<p>Volodymyr Zelensky est attendu lundi \u00e0 Paris o\u00f9 il rencontrera le pr\u00e9sident fran\u00e7ais Emmanuel Macron. Ils aborderont des questions relatives aux \u201crelations bilat\u00e9rales, \u00e0 l\u2019\u00e9nergie, l\u2019\u00e9conomie et la d\u00e9fense\u201d,<a class=\"ithalc\" data-ithal=\"lien_externe\" data-ithalc=\"[nav_article]\" target=\"_blank\" href=\"https:\/\/www.politico.eu\/article\/volodymyr-zelenskyy-to-meet-emmanuel-macron-in-paris-ukraine-france-monday\/\" rel=\"nofollow noopener\"> liste <strong>Politico<\/strong><\/a>. Zelensky devrait demander des aides pour son aviation de combat et son syst\u00e8me de d\u00e9fense a\u00e9rienne. \u201cCette visite sera \u00e9galement l\u2019occasion de r\u00e9affirmer l\u2019engagement \u00e0 long terme de la France envers l\u2019Ukraine et de maintenir la dynamique des garanties de s\u00e9curit\u00e9 propos\u00e9es par la coalition des pays volontaires, men\u00e9e par la France et le Royaume-Uni\u201d, pr\u00e9cise le m\u00e9dia europ\u00e9en.<\/p>\n<p>Il sera aussi question du scandale de corruption qui \u00e9clabousse l\u2019entourage de Zelensky. Il est probable qu\u2019\u00e0 l\u2019instar de Berlin, Paris exige plus de transparence et un travail approfondi pour lutter contre la corruption en Ukraine.<\/p>\n<p>Sans pr\u00e9ciser quels seront les points abord\u00e9s \u00e0 Madrid, o\u00f9 il rencontrera notamment les repr\u00e9sentants des deux chambres du Parlement espagnol, le pr\u00e9sident ukrainien a mentionn\u00e9 sur X, o\u00f9 il est tr\u00e8s actif, l\u2019importance cruciale du syst\u00e8me d\u00e9fense a\u00e9rienne.<\/p>\n<p>Le Soir rappelle que \u201cles n\u00e9gociations de paix entre Kiev et Moscou sont elles au point mort, un sommet \u00e9voqu\u00e9 \u00e0 Budapest entre les pr\u00e9sidents am\u00e9ricain et russe n\u2019ayant pas eu lieu\u201d.<\/p>\n","protected":false},"excerpt":{"rendered":"Apr\u00e8s d\u2019importantes frappes russes qui ont tu\u00e9 au moins six personnes dans un immeuble de Kiev, et alors&hellip;\n","protected":false},"author":2,"featured_media":538419,"comment_status":"","ping_status":"","sticky":false,"template":"","format":"standard","meta":{"footnotes":""},"categories":[1590],"tags":[11,24721,1777,674,843,1892,131,12,220,134],"class_list":{"0":"post-538418","1":"post","2":"type-post","3":"status-publish","4":"format-standard","5":"has-post-thumbnail","7":"category-ukraine","8":"tag-actualites","9":"tag-crise-en-ukraine","10":"tag-eu","11":"tag-europe","12":"tag-gaz","13":"tag-gu00e9opolitique","14":"tag-guerre-en-ukraine","15":"tag-news","16":"tag-ukraine","17":"tag-volodymyr-zelensky"},"share_on_mastodon":{"url":"https:\/\/pubeurope.com\/@fr\/115560260821034046","error":""},"_links":{"self":[{"href":"https:\/\/www.europesays.com\/fr\/wp-json\/wp\/v2\/posts\/538418","targetHints":{"allow":["GET"]}}],"collection":[{"href":"https:\/\/www.europesays.com\/fr\/wp-json\/wp\/v2\/posts"}],"about":[{"href":"https:\/\/www.europesays.com\/fr\/wp-json\/wp\/v2\/types\/post"}],"author":[{"embeddable":true,"href":"https:\/\/www.europesays.com\/fr\/wp-json\/wp\/v2\/users\/2"}],"replies":[{"embeddable":true,"href":"https:\/\/www.europesays.com\/fr\/wp-json\/wp\/v2\/comments?post=538418"}],"version-history":[{"count":0,"href":"https:\/\/www.europesays.com\/fr\/wp-json\/wp\/v2\/posts\/538418\/revisions"}],"wp:featuredmedia":[{"embeddable":true,"href":"https:\/\/www.europesays.com\/fr\/wp-json\/wp\/v2\/media\/538419"}],"wp:attachment":[{"href":"https:\/\/www.europesays.com\/fr\/wp-json\/wp\/v2\/media?parent=538418"}],"wp:term":[{"taxonomy":"category","embeddable":true,"href":"https:\/\/www.europesays.com\/fr\/wp-json\/wp\/v2\/categories?post=538418"},{"taxonomy":"post_tag","embeddable":true,"href":"https:\/\/www.europesays.com\/fr\/wp-json\/wp\/v2\/tags?post=538418"}],"curies":[{"name":"wp","href":"https:\/\/api.w.org\/{rel}","templated":true}]}}