{"id":538424,"date":"2025-11-16T16:15:30","date_gmt":"2025-11-16T16:15:30","guid":{"rendered":"https:\/\/www.europesays.com\/fr\/538424\/"},"modified":"2025-11-16T16:15:30","modified_gmt":"2025-11-16T16:15:30","slug":"nagelsmann-mise-sur-la-victoire-lallemagne-surmonte-les-blessures-pour-decrocher-un-succes-decisif-contre-le-luxembourg","status":"publish","type":"post","link":"https:\/\/www.europesays.com\/fr\/538424\/","title":{"rendered":"Nagelsmann mise sur la victoire : l&rsquo;Allemagne surmonte les blessures pour d\u00e9crocher un succ\u00e8s d\u00e9cisif contre le Luxembourg"},"content":{"rendered":"<p><strong>R\u00e9sum\u00e9 rapide<\/strong><\/p>\n<ul>\n<li>L\u2019Allemagne a battu le Luxembourg 2-0 lors des qualifications pour la Coupe du Monde, malgr\u00e9 une performance timide et l\u2019absence de joueurs cl\u00e9s.<\/li>\n<li>Julian Nagelsmann a donn\u00e9 la priorit\u00e9 \u00e0 l\u2019obtention des trois points, mettant les r\u00e9sultats au-dessus du style de jeu.<\/li>\n<li>Nick Woltemade a marqu\u00e9 les deux buts pour l\u2019Allemagne, brillamment en seconde p\u00e9riode.<\/li>\n<li>Concernant les blessures, Schlotterbeck semble avoir de meilleures chances de revenir pour le match contre la Slovaquie que Kimmich, d\u2019apr\u00e8s Nagelsmann.<\/li>\n<li>Un match nul ou une victoire contre la Slovaquie garantirait la place de l\u2019Allemagne \u00e0 la Coupe du Monde.<\/li>\n<\/ul>\n<p>Une victoire \u00e0 l\u2019arrach\u00e9 pour l\u2019Allemagne face au Luxembourg<\/p>\n<p>Julian Nagelsmann, depuis la ligne de touche \u00e0 Luxembourg, observait une \u00e9quipe nationale allemande bien \u00e9loign\u00e9e de son niveau habituel. Si la victoire 2-0 contre le Luxembourg est r\u00e9jouissante, elle soul\u00e8ve aussi des questions sur la forme et la qualit\u00e9 du jeu, en raison d\u2019absences notables, de r\u00e9ajustements tactiques et de la pression intense des qualifications.<\/p>\n<p>Blessures et ajustements tactiques<\/p>\n<p>Le chemin menant \u00e0 ce dernier match de qualification a \u00e9t\u00e9 sem\u00e9 d\u2019emb\u00fbches. Des joueurs importants comme Jamal Musiala et Karim Adeyemi \u00e9taient absents \u2014 Musiala pour une suspension prolong\u00e9e et Adeyemi \u00e0 cause d\u2019un cumul de cartons jaunes. D\u2019autres, tels que Joshua Kimmich et Nico Schlotterbeck, \u00e9taient \u00e9galement hors jeu : Kimmich \u00e0 cause d\u2019une blessure \u00e0 la cheville, et Schlotterbeck pour un souci de pied. Cela a contraint l\u2019\u00e9quipe \u00e0 s\u2019adapter au fil du match.<\/p>\n<p>\u00ab Les trois points \u00e9taient essentiels aujourd\u2019hui. Au fond, le football, c\u2019est une question de r\u00e9sultats \u00bb, a soulign\u00e9 Nagelsmann apr\u00e8s la rencontre, en reconnaissant que le d\u00e9but de match avait \u00e9t\u00e9 difficile. \u00ab Luxembourg a eu des occasions et aurait m\u00eame pu prendre les devants. \u00bb<\/p>\n<p>Le Luxembourg questionne, l\u2019Allemagne r\u00e9pond<\/p>\n<p>Pour le Luxembourg, d\u00e9j\u00e0 \u00e9limin\u00e9 des qualifications, ce match \u00e9tait une belle opportunit\u00e9 de se mesurer \u00e0 une grande nation europ\u00e9enne. Ils ont \u00e9t\u00e9 agressifs, et Aiman Dardari a notamment inqui\u00e9t\u00e9 la d\u00e9fense allemande, mettant \u00e0 l\u2019\u00e9preuve le gardien exp\u00e9riment\u00e9 Oliver Baumann. Un but \u00e0 ce moment du match aurait pu changer toute la dynamique.<\/p>\n<p>Cependant, l\u2019Allemagne a trouv\u00e9 son rythme apr\u00e8s la pause. Nick Woltemade, sans doute un nom moins attendu sur la feuille de match, a marqu\u00e9 deux fois en seconde p\u00e9riode, confirmant que les moments d\u00e9cisifs peuvent se jouer sur des d\u00e9tails.<\/p>\n<p>Regard sur la Slovaquie : Mises \u00e0 jour sur les blessures et espoirs de renforts<\/p>\n<p>Avec cette victoire, l\u2019Allemagne se retrouve \u00e0 \u00e9galit\u00e9 de points avec la Slovaquie en t\u00eate du groupe A, avec un avantage en termes de diff\u00e9rence de buts. Le prochain match \u00e0 Leipzig est crucial : une victoire, voire un match nul, garantirait leur qualification pour la Coupe du Monde de 2026. Le retour des joueurs bless\u00e9s est donc sur toutes les l\u00e8vres.<\/p>\n<p>Nagelsmann aurait exprim\u00e9 un optimisme prudent quant au retour de Schlotterbeck, tout en se montrant plus r\u00e9serv\u00e9 concernant Kimmich. Ce dernier, pourtant, affiche une certaine confiance avant le match d\u00e9cisif.<\/p>\n<p>Au-del\u00e0 du score : L\u2019approche r\u00e9fl\u00e9chie de Nagelsmann<\/p>\n<p>Il serait facile de critiquer la performance de l\u2019Allemagne, souvent jug\u00e9e peu inspir\u00e9e. Cependant, le contexte \u00e9tait bien plus complexe. Dans une \u00e9quipe \u00e0 moiti\u00e9 remani\u00e9e, sous pression, et contrainte \u00e0 des ajustements imm\u00e9diats, le principal objectif a \u00e9t\u00e9 atteint : gagner. Dans les campagnes de qualification, le style importe moins que le r\u00e9sultat final.<\/p>\n<p>La perspective pragmatique de Nagelsmann \u2014 sa volont\u00e9 de donner la priorit\u00e9 \u00e0 l\u2019issue plut\u00f4t qu\u2019\u00e0 l\u2019esth\u00e9tique \u2014 peut d\u00e9plaire \u00e0 certains puristes, mais elle refl\u00e8te la dure r\u00e9alit\u00e9 du football de haut niveau. Ses commentaires apr\u00e8s le match n\u2019\u00e9taient pas un simple discours en surface, mais une \u00e9valuation honn\u00eate des d\u00e9fis surmont\u00e9s. Alors que l\u2019\u00e9quipe se pr\u00e9pare pour la Slovaquie, il est crucial de se concentrer sur la r\u00e9cup\u00e9ration et l\u2019efficacit\u00e9 pour maximiser les chances de qualification.<\/p>\n<p>Les Points Importants<\/p>\n<ul>\n<li><strong>Importance des points<\/strong> : Les r\u00e9sultats comptent avant tout dans les phases de qualification.<\/li>\n<li><strong>Analyse de performance<\/strong> : Une \u00e9mission n\u00e9cessaire pour identifier les faiblesses tactiques \u00e0 rectifier.<\/li>\n<li><strong>R\u00e9cup\u00e9ration des joueurs<\/strong> : Les retours de Kimmich et Schlotterbeck seront d\u00e9terminants pour les prochaines confrontations.<\/li>\n<li><strong>Adaptabilit\u00e9<\/strong> : La n\u00e9cessit\u00e9 de r\u00e9ajuster les strat\u00e9gies face \u00e0 des absences inattendues.<\/li>\n<\/ul>\n<p>Alors que l\u2019Allemagne se pr\u00e9pare pour sa rencontre avec la Slovaquie, une question demeure : comment naviguer dans la complexit\u00e9 des qualifications pour maintenir un \u00e9quilibre entre performance, r\u00e9sultats et gestion des talents ? Les d\u00e9fis sont nombreux, mais chaque \u00e9preuve offre aussi une opportunit\u00e9 d\u2019\u00e9volution et d\u2019apprentissage au sein d\u2019une \u00e9quipe qui aspire \u00e0 retrouver son apog\u00e9e et \u00e0 faire honneur au football \u00e0 travers le monde.<\/p>\n<p>  Navigation de l\u2019article<\/p>\n","protected":false},"excerpt":{"rendered":"R\u00e9sum\u00e9 rapide L\u2019Allemagne a battu le Luxembourg 2-0 lors des qualifications pour la Coupe du Monde, malgr\u00e9 une&hellip;\n","protected":false},"author":2,"featured_media":538425,"comment_status":"","ping_status":"","sticky":false,"template":"","format":"standard","meta":{"footnotes":""},"categories":[1587],"tags":[11,672,1804,1805,1803,1777,674,1801,12,1802],"class_list":{"0":"post-538424","1":"post","2":"type-post","3":"status-publish","4":"format-standard","5":"has-post-thumbnail","7":"category-allemagne","8":"tag-actualites","9":"tag-allemagne","10":"tag-bundesrepublik-deutschland","11":"tag-de","12":"tag-deutschland","13":"tag-eu","14":"tag-europe","15":"tag-germany","16":"tag-news","17":"tag-republique-federale-dallemagne"},"share_on_mastodon":{"url":"https:\/\/pubeurope.com\/@fr\/115560272536998685","error":""},"_links":{"self":[{"href":"https:\/\/www.europesays.com\/fr\/wp-json\/wp\/v2\/posts\/538424","targetHints":{"allow":["GET"]}}],"collection":[{"href":"https:\/\/www.europesays.com\/fr\/wp-json\/wp\/v2\/posts"}],"about":[{"href":"https:\/\/www.europesays.com\/fr\/wp-json\/wp\/v2\/types\/post"}],"author":[{"embeddable":true,"href":"https:\/\/www.europesays.com\/fr\/wp-json\/wp\/v2\/users\/2"}],"replies":[{"embeddable":true,"href":"https:\/\/www.europesays.com\/fr\/wp-json\/wp\/v2\/comments?post=538424"}],"version-history":[{"count":0,"href":"https:\/\/www.europesays.com\/fr\/wp-json\/wp\/v2\/posts\/538424\/revisions"}],"wp:featuredmedia":[{"embeddable":true,"href":"https:\/\/www.europesays.com\/fr\/wp-json\/wp\/v2\/media\/538425"}],"wp:attachment":[{"href":"https:\/\/www.europesays.com\/fr\/wp-json\/wp\/v2\/media?parent=538424"}],"wp:term":[{"taxonomy":"category","embeddable":true,"href":"https:\/\/www.europesays.com\/fr\/wp-json\/wp\/v2\/categories?post=538424"},{"taxonomy":"post_tag","embeddable":true,"href":"https:\/\/www.europesays.com\/fr\/wp-json\/wp\/v2\/tags?post=538424"}],"curies":[{"name":"wp","href":"https:\/\/api.w.org\/{rel}","templated":true}]}}