{"id":538426,"date":"2025-11-16T16:17:16","date_gmt":"2025-11-16T16:17:16","guid":{"rendered":"https:\/\/www.europesays.com\/fr\/538426\/"},"modified":"2025-11-16T16:17:16","modified_gmt":"2025-11-16T16:17:16","slug":"partout-la-ceinture-est-obligatoire-en-europe-sauf-dans-un-etat-une-raison-particuliere-lexplique","status":"publish","type":"post","link":"https:\/\/www.europesays.com\/fr\/538426\/","title":{"rendered":"Partout, la ceinture est obligatoire en Europe&#8230; sauf dans un \u00c9tat : une raison particuli\u00e8re l\u2019explique"},"content":{"rendered":"<p>  \tAttacher sa ceinture de s\u00e9curit\u00e9 est un geste automatique et impos\u00e9 par la loi, que l\u2019on soit conducteur ou passager, \u00e0 l\u2019avant comme \u00e0 l\u2019arri\u00e8re, \u00e0 peu pr\u00e8s partout en Europe. Sauf dans un seul endroit : la principaut\u00e9 de Monaco.<\/p>\n<p>&#13;<br \/>\n&#13;<\/p>\n<p>Dans toute l\u2019Union europ\u00e9enne et m\u00eame au-del\u00e0, la ceinture est obligatoire depuis des d\u00e9cennies. En Belgique, certaines exceptions existent, comme pour les chauffeurs de taxi en service, les man\u0153uvres en marche arri\u00e8re ou encore pour raisons m\u00e9dicales d\u00fbment justifi\u00e9es. Mais \u00e0 Monaco, il n\u2019existe tout simplement pas de loi imposant le port de la ceinture de s\u00e9curit\u00e9.<\/p>\n<p>Cette situation s\u2019explique notamment par la vitesse maximale autoris\u00e9e sur l\u2019ensemble du territoire : 50 km\/h. Selon les autorit\u00e9s locales, cette limitation suffirait \u00e0 garantir un certain niveau de s\u00e9curit\u00e9 routi\u00e8re. <\/p>\n<p>&#13;<br \/>\n&#13;<\/p>\n<p>&#13;<br \/>\n&#13;<\/p>\n<p>Pourtant, plusieurs voix s\u2019\u00e9l\u00e8vent pour changer la l\u00e9gislation, mais leur position reste largement minoritaire.<\/p>\n<p>Autre particularit\u00e9 du \u201cRocher\u201d : une politique de s\u00e9curit\u00e9 routi\u00e8re tr\u00e8s souple. Il n\u2019y a ni radars fixes ni contr\u00f4les d\u2019alcool\u00e9mie ou de vitesse syst\u00e9matiques. Les contr\u00f4les de police sont rares, alors que des exc\u00e8s de vitesse sont r\u00e9guli\u00e8rement constat\u00e9s, notamment dans le c\u00e9l\u00e8bre tunnel du Fairmont.<\/p>\n","protected":false},"excerpt":{"rendered":"Attacher sa ceinture de s\u00e9curit\u00e9 est un geste automatique et impos\u00e9 par la loi, que l\u2019on soit conducteur&hellip;\n","protected":false},"author":2,"featured_media":538427,"comment_status":"","ping_status":"","sticky":false,"template":"","format":"standard","meta":{"footnotes":""},"categories":[1586],"tags":[11,1777,674,1011,27,12,25,63397],"class_list":{"0":"post-538426","1":"post","2":"type-post","3":"status-publish","4":"format-standard","5":"has-post-thumbnail","7":"category-europe","8":"tag-actualites","9":"tag-eu","10":"tag-europe","11":"tag-fr","12":"tag-france","13":"tag-news","14":"tag-republique-francaise","15":"tag-rtl-info"},"share_on_mastodon":{"url":"https:\/\/pubeurope.com\/@fr\/115560280504860964","error":""},"_links":{"self":[{"href":"https:\/\/www.europesays.com\/fr\/wp-json\/wp\/v2\/posts\/538426","targetHints":{"allow":["GET"]}}],"collection":[{"href":"https:\/\/www.europesays.com\/fr\/wp-json\/wp\/v2\/posts"}],"about":[{"href":"https:\/\/www.europesays.com\/fr\/wp-json\/wp\/v2\/types\/post"}],"author":[{"embeddable":true,"href":"https:\/\/www.europesays.com\/fr\/wp-json\/wp\/v2\/users\/2"}],"replies":[{"embeddable":true,"href":"https:\/\/www.europesays.com\/fr\/wp-json\/wp\/v2\/comments?post=538426"}],"version-history":[{"count":0,"href":"https:\/\/www.europesays.com\/fr\/wp-json\/wp\/v2\/posts\/538426\/revisions"}],"wp:featuredmedia":[{"embeddable":true,"href":"https:\/\/www.europesays.com\/fr\/wp-json\/wp\/v2\/media\/538427"}],"wp:attachment":[{"href":"https:\/\/www.europesays.com\/fr\/wp-json\/wp\/v2\/media?parent=538426"}],"wp:term":[{"taxonomy":"category","embeddable":true,"href":"https:\/\/www.europesays.com\/fr\/wp-json\/wp\/v2\/categories?post=538426"},{"taxonomy":"post_tag","embeddable":true,"href":"https:\/\/www.europesays.com\/fr\/wp-json\/wp\/v2\/tags?post=538426"}],"curies":[{"name":"wp","href":"https:\/\/api.w.org\/{rel}","templated":true}]}}