{"id":538428,"date":"2025-11-16T16:18:21","date_gmt":"2025-11-16T16:18:21","guid":{"rendered":"https:\/\/www.europesays.com\/fr\/538428\/"},"modified":"2025-11-16T16:18:21","modified_gmt":"2025-11-16T16:18:21","slug":"bixente-lizarazu-se-confie-sur-sa-vie-sentimentale","status":"publish","type":"post","link":"https:\/\/www.europesays.com\/fr\/538428\/","title":{"rendered":"Bixente Lizarazu se confie sur sa vie sentimentale"},"content":{"rendered":"<p class=\"app_entry_lead\">\n<p>                    <a title=\"\u00a0\u00a9\u00a0Moritz Thibaud\/ABACA\" href=\"https:\/\/www.europesays.com\/fr\/wp-content\/uploads\/2025\/11\/82676505.jpg\" class=\"fancy\"><\/p>\n<p>                            <img loading=\"lazy\" decoding=\"async\" src=\"https:\/\/www.europesays.com\/fr\/wp-content\/uploads\/2025\/11\/82676505.jpg\" alt=\"&quot;La vie a eu rapidement raison de notre couple&quot;\u00a0: Bixente Lizarazu se confie sur sa vie sentimentale\" width=\"1500\" height=\"1000\"\/><\/p>\n<p>                    <\/a><\/p>\n<p>                Le champion du monde s&rsquo;est confi\u00e9 sur sa vie priv\u00e9e.<\/p>\n<p>Figure incontournable du football fran\u00e7ais, Bixente Lizarazu, \u00e0 55\u00a0ans, l\u00e8ve le voile sur sa vie amoureuse avec sinc\u00e9rit\u00e9. L&rsquo;ancien champion du monde, \u00e0 travers des confidences rares, revient sur ses parcours amoureux faits de hauts et de bas qui ont forg\u00e9 l&rsquo;homme qu&rsquo;il est aujourd&rsquo;hui. Derri\u00e8re les acclamations et les stades bond\u00e9s se cachent aussi les \u00e9chos d&rsquo;un homme sensible, marqu\u00e9 par ses exp\u00e9riences sentimentales.<\/p>\n<p>Ic\u00f4ne sur le terrain, Bixente Lizarazu a toujours incarn\u00e9 rigueur et discipline. Pourtant, sa vie personnelle a parfois \u00e9t\u00e9 travers\u00e9e par les tumultes amoureux. Dans une d\u00e9marche touchante d&rsquo;introspection, il partage les blessures qu&rsquo;ont laiss\u00e9es certaines relations pass\u00e9es. Rempli de lucidit\u00e9 et d&rsquo;affection pour les souvenirs amass\u00e9s, il \u00e9voque avec tendresse combien ces \u00e9preuves l&rsquo;ont pouss\u00e9 \u00e0 \u00e9voluer.<\/p>\n<p>Sa premi\u00e8re histoire d&rsquo;amour notable remonte \u00e0 ses ann\u00e9es de lyc\u00e9e \u00e0 Bordeaux, avec St\u00e9phanie. De cette union na\u00eetra plus tard leur fils Tximista, une des plus grandes joies de la vie de Bixente. \u00ab\u00a0C&rsquo;est la plus belle chose qui me soit arriv\u00e9e\u00a0\u00bb explique-t-il pour T\u00e9l\u00e9 Star.\u00a0Malgr\u00e9 l&rsquo;affection qu&rsquo;il portait \u00e0 sa premi\u00e8re compagne, les chemins du couple se sont s\u00e9par\u00e9s, un \u00e9pisode qui fit r\u00e9sonner tristesse et culpabilit\u00e9 en lui pendant des ann\u00e9es. \u00ab\u00a0La vie a eu rapidement raison de notre couple\u00a0\u00bb explique-t-il.<\/p>\n<p>Toujours \u00e0 la recherche de l&rsquo;\u00e9quilibre, ses relations ult\u00e9rieures, notamment avec la chanteuse Elsa Lunghini, t\u00e9moignent de sa volont\u00e9 de b\u00e2tir des histoires sereines, m\u00eame lorsque celles-ci prennent fin. La maturit\u00e9 qu&rsquo;il a acquise lui a appris \u00e0 \u00eatre bienveillant envers ses ex-compagnes, transformant les \u00e9ventuelles douleurs pass\u00e9es en respect r\u00e9ciproque. Loin des tensions inutiles, il choisit de retenir le positif des histoires v\u00e9cues.<\/p>\n<p>Depuis plus de quinze ans, Bixente Lizarazu file le parfait amour avec Claire Keim. La s\u00e9r\u00e9nit\u00e9 qu&rsquo;il a trouv\u00e9e aux c\u00f4t\u00e9s de la com\u00e9dienne et chanteuse est une v\u00e9ritable bouff\u00e9e d&rsquo;air, loin des tumultes du pass\u00e9. Leur petite fille, Uhaina, est le fruit de ce bonheur discret. Ensemble, ils forment une famille \u00e9panouie, berc\u00e9e par l&rsquo;amour authentique et la complicit\u00e9.<\/p>\n","protected":false},"excerpt":{"rendered":"Le champion du monde s&rsquo;est confi\u00e9 sur sa vie priv\u00e9e. Figure incontournable du football fran\u00e7ais, Bixente Lizarazu, \u00e0&hellip;\n","protected":false},"author":2,"featured_media":538429,"comment_status":"","ping_status":"","sticky":false,"template":"","format":"standard","meta":{"footnotes":""},"categories":[1586],"tags":[11,65733,51761,1777,674,1779,2257,51763,1011,27,51979,12,51767,25,1778,364],"class_list":{"0":"post-538428","1":"post","2":"type-post","3":"status-publish","4":"format-standard","5":"has-post-thumbnail","7":"category-europe","8":"tag-actualites","9":"tag-cms-linternaute-9228183","10":"tag-controller-content","11":"tag-eu","12":"tag-europe","13":"tag-european-union","14":"tag-foot","15":"tag-format-papier","16":"tag-fr","17":"tag-france","18":"tag-les-histoires-de-linternaute","19":"tag-news","20":"tag-parallaxeinfeed","21":"tag-republique-francaise","22":"tag-ue","23":"tag-union-europeenne"},"share_on_mastodon":{"url":"https:\/\/pubeurope.com\/@fr\/115560285402088036","error":""},"_links":{"self":[{"href":"https:\/\/www.europesays.com\/fr\/wp-json\/wp\/v2\/posts\/538428","targetHints":{"allow":["GET"]}}],"collection":[{"href":"https:\/\/www.europesays.com\/fr\/wp-json\/wp\/v2\/posts"}],"about":[{"href":"https:\/\/www.europesays.com\/fr\/wp-json\/wp\/v2\/types\/post"}],"author":[{"embeddable":true,"href":"https:\/\/www.europesays.com\/fr\/wp-json\/wp\/v2\/users\/2"}],"replies":[{"embeddable":true,"href":"https:\/\/www.europesays.com\/fr\/wp-json\/wp\/v2\/comments?post=538428"}],"version-history":[{"count":0,"href":"https:\/\/www.europesays.com\/fr\/wp-json\/wp\/v2\/posts\/538428\/revisions"}],"wp:featuredmedia":[{"embeddable":true,"href":"https:\/\/www.europesays.com\/fr\/wp-json\/wp\/v2\/media\/538429"}],"wp:attachment":[{"href":"https:\/\/www.europesays.com\/fr\/wp-json\/wp\/v2\/media?parent=538428"}],"wp:term":[{"taxonomy":"category","embeddable":true,"href":"https:\/\/www.europesays.com\/fr\/wp-json\/wp\/v2\/categories?post=538428"},{"taxonomy":"post_tag","embeddable":true,"href":"https:\/\/www.europesays.com\/fr\/wp-json\/wp\/v2\/tags?post=538428"}],"curies":[{"name":"wp","href":"https:\/\/api.w.org\/{rel}","templated":true}]}}