{"id":538442,"date":"2025-11-16T16:29:16","date_gmt":"2025-11-16T16:29:16","guid":{"rendered":"https:\/\/www.europesays.com\/fr\/538442\/"},"modified":"2025-11-16T16:29:16","modified_gmt":"2025-11-16T16:29:16","slug":"cc-coupe-de-france-quelneuc-elite-hommes-2-classement-actualite","status":"publish","type":"post","link":"https:\/\/www.europesays.com\/fr\/538442\/","title":{"rendered":"CC &#8211; Coupe de France &#8211; Quelneuc &#8211; \u00c9lite Hommes #2 : Classement &#8211; Actualit\u00e9"},"content":{"rendered":"<p>                                                                    <img decoding=\"async\" src=\"https:\/\/www.europesays.com\/fr\/wp-content\/uploads\/2025\/11\/6919f20b8b660.jpg\" height=\"auto\" loading=\"lazy\"\/><br \/>\n                                                                    Cr\u00e9dit photo Freddy Gu\u00e9rin \/ DirectVelo<\/p>\n<p class=\"images-caption\">Cr\u00e9dit photo Freddy Gu\u00e9rin \/ DirectVelo<\/p>\n<p class=\"metadata\">\n            Par<br \/>\n        <strong class=\"text-black\">DOMINIQUE TURGIS<\/strong><br \/>\n                    <br \/>Le<br \/>\n    16 novembre 2025, 16:39<\/p>\n<p class=\"pf0\" style=\"text-align: justify;\">Aubin Sparfel (Decathlon AG2R La Mondiale DT)\u00a0s&rsquo;est impos\u00e9, ce dimanche, \u00e0 Quelneuc-Carentoir (Morbihan), lors de la quatri\u00e8me manche de la Coupe de France de cyclo-cross \u00c9lite Hommes. R\u00e9mi Lelandais (Ark\u00e9a-B&amp;B H\u00f4tels Continentale) et Damien Beton (UC P\u00e9lussin Loire Pilat) compl\u00e8tent le podium.<\/p>\n<p><strong>Classement<\/strong><strong>\u00a0:<\/strong><br \/>1. SPARFEL Aubin DECATHLON AG2R LA MONDIALE DEVELOPMENT TEAM en 1h08&rsquo;58\u00a0\u00bb<br \/>2. LELANDAIS R\u00e9mi ARKEA-B&amp;B HOTELS CONTINENTALE \u00e0 36\u00a0\u00bb<br \/>3. BETON Damien UNION CYCLISTE PELUSSIN LOIRE PILAT \u00e0 48\u00a0\u00bb<br \/>4. VERRIER Tristan TEAM GUEVEL ROADBORN \u00e0 01&rsquo;19\u00a0\u00bb<br \/>5. JOT Mat\u00e9o TEAM CX TPM \u00e0 01&rsquo;46\u00a0\u00bb<br \/>6. NAVARRO Quentin E. C. CLERMONT-FERRAND \u00e0 02&rsquo;01\u00a0\u00bb<br \/>7. RECULEAU Nicolas U.C. MONTMEYRAN VALENCE \u00e0 02&rsquo;32\u00a0\u00bb<br \/>8. GABRIEL Timoth\u00e9 TEAM CX TPM \u00e0 02&rsquo;54\u00a0\u00bb<br \/>9. REMONDET Valentin AMICALE CYCLISTE BISONTINE \u00e0 03&rsquo;02\u00a0\u00bb<br \/>10. JEANNESSON Arnold TEAM GUEVEL ROADBORN \u00e0 03&rsquo;23\u00a0\u00bb<br \/>11. MORICHON Mathieu TEAM CX CHARTRES \u00e0 03&rsquo;25\u00a0\u00bb<br \/>12. GAILLARD Florian TEAM CROSS TECHNO CONCEPT URBALOC\u00a0 \u00a0\u00bb\u00a0<br \/>13. JUTEL Paul Fran\u00e7ois VELOPLAIZ \u00e0 04&rsquo;05\u00a0\u00bb<br \/>14. ANANIE Ugo ARQUES CX TEAM DIFFUSPORT \u00e0 04&rsquo;16\u00a0\u00bb<br \/>15. GILLES Cyprien ES TORIGNI \u00e0 05&rsquo;13\u00a0\u00bb<br \/>16. DUBAU Lucas TEAM PELTRAX &#8211; CSD \u00e0 05&rsquo;40\u00a0\u00bb<br \/>17. SPARFEL Louis ACT CYCLING \u00e0 05&rsquo;56\u00a0\u00bb<br \/>18. MULON Hugo CA EVRON \u00e0 06&rsquo;25\u00a0\u00bb<br \/>19. LEPOITTEVIN DUBOST Joris TEAM BRICQUEBEC COTENTIN \u00e0 07&rsquo;00\u00a0\u00bb<br \/>20. LEMARDELE Maxence VC SAINT LO PONT HEBERT \u00e0 07&rsquo;25\u00a0\u00bb<br \/>21. DELPRAT Steven ES TORIGNI \u00e0 07&rsquo;39\u00a0\u00bb<br \/>22. VASNIER Dylan U.C. MONTMEYRAN VALENCE \u00e0 07&rsquo;54\u00a0\u00bb<br \/>23. JOT Hugo TEAM CX TPM \u00e0 09&rsquo;15\u00a0\u00bb<br \/>24. LAUGER Yvonnick VS FERTOIS \u00e0 1 Tr<br \/>25. LAVIGNAC Matthieu TEAM CROSS TECHNO CONCEPT URBALOC \u00e0 1 Tr<br \/>26. LACHAIZE Antoine LAVAL CYCLISME 53 \u00e0 1 Tr<br \/>27. RENARD Ludovic US ST PIERRE DES CORPS \u00e0 1 Tr<br \/>28. GOURGOUILHON Maxime CLUB VIENNOIS D&rsquo;ANIMAT CY \u00e0 1 Tr<br \/>29. PRUDENTINO Jean Pierre U.C. GESSIENNE \u00e0 1 Tr<br \/>30. GIRARDIN Maxime C&rsquo;CHARTRES CYCLISME \u00e0 1 Tr<br \/>31. BONENFANT Nicolas LAVAL CYCLISME 53 \u00e0 2 Tr<br \/>32. OTTIGER Axel CC ETUPES LE DOUBS PAYS DE MONTBELIARD \u00e0 2 Tr<br \/>33. DREANO Victor VC PAYS DE LORIENT \u00e0 2 Tr<br \/>34. JELSPERGER Mathieu MJC BUHL \u00e0 2 Tr<br \/>35. VASSAL Thibaut UV MAZAMET \u00e0 2 Tr<br \/>36. PLAUCHE Romaric VC LE THOR GADAGNE \u00e0 2 Tr<br \/>37. GUERET Th\u00e9o ES TORIGNI \u00e0 2 Tr<br \/>38. OLLIVIER Gurvan TEAM SPRINT ENERGY \u00e0 2 Tr<br \/>39. HYON Fran\u00e7ois EC FUMACIENNE \u00e0 2 Tr<br \/>40. FARNIER Julien V.S. ROMANAIS PEAGEOIS \u00e0 2 Tr<br \/>41. MORGANTI Louca ROUE D&rsquo;OR NOIDANS \u00e0 2 Tr<br \/>42. SERIEYS Bertrand XC63 \u00e0 3 Tr<br \/>43. LOISEAU Paul LAVAL CYCLISME 53 \u00e0 3 Tr<br \/>44. BABIN Gr\u00e9goire AC BREVINOIS \u00e0 3 Tr<br \/>45. BOSCHER Joris CC LIFFRE \u00e0 3 Tr<br \/>46. TABURET Mathieu EC MAYENNAISE \u00e0 3 Tr<br \/>47. GUILLEMET Axel EC QUEVENOISE \u00e0 3 Tr<br \/>48. LE FUR Dylan VC PAYS DE LORIENT \u00e0 4 Tr<br \/>49. TEXIER Luka EC PLUVIGNOISE \u00e0 4 Tr<br \/>50. COSTE Nicolas US ST PIERRE DES CORPS \u00e0 4 Tr<br \/>51. BARRIER Nicolas VC LE THOR GADAGNE \u00e0 4 Tr<br \/>52. BERNIER Emilien VELO CLUB RODEZ \u00e0 4 Tr<br \/>53. AUSTIN Eliott V.C. ROANNAIS \u00e0 4 Tr<br \/>54. CADEAU Florentin ANGERS METROPOLE CYCLISME 49 \u00e0 4 Tr<br \/>55. BONNIN Florian POLE CYCLISME SAUMUROIS \u00e0 4 Tr<br \/>56. ALMANSA Cl\u00e9ment TEAM CROSS TECHNO CONCEPT URBALOC \u00e0 4 Tr<br \/>57. QUEFFURUS Pierrick VS PLABENNEC \u00e0 4 Tr<br \/>58. ROGIER Vincent VC LE THOR GADAGNE \u00e0 5 Tr<br \/>59. KAKIZAKI Eug\u00e8ne LA ROCHE SUR YON VENDEE CYCLISME \u00e0 5 Tr<\/p>\n<p><strong>Abandons :<\/strong><br \/>CORDIER Victorien U C MOURMELONNAISE<br \/>LE ROUX Pascal CSM VILLENEUVE LA GARENNE<br \/>PATOUX Cyrille ES TORIGNI<br \/>RABAS Nathan AC BREVINOIS<br \/>Remerciements \u00e0 Fr\u00e9d\u00e9ric Lafargue &#8211; <a href=\"http:\/\/www.stsport.fr\" target=\"_blank\" rel=\"noopener\">www.stsport.fr<\/a><\/p>\n<p>            En savoir plus : coureurs et \u00e9quipes associ\u00e9s<\/p>\n<p>                Coureurs<\/p>\n<p>                    <img decoding=\"async\" src=\"https:\/\/www.europesays.com\/fr\/wp-content\/uploads\/2025\/10\/677a4e9d194d7.png\" height=\"auto\" loading=\"lazy\"\/><\/p>\n<p>                            Portrait de Aubin SPARFEL<\/p>\n<p>                \u00c9quipes<\/p>\n","protected":false},"excerpt":{"rendered":"Cr\u00e9dit photo Freddy Gu\u00e9rin \/ DirectVelo Cr\u00e9dit photo Freddy Gu\u00e9rin \/ DirectVelo Par DOMINIQUE TURGIS Le 16 novembre&hellip;\n","protected":false},"author":2,"featured_media":538443,"comment_status":"","ping_status":"","sticky":false,"template":"","format":"standard","meta":{"footnotes":""},"categories":[1411],"tags":[834,828,836,829,837,827,83,826,824,823,1154,207,814,817,815,816,822,821,832,211,839,1011,27,820,818,819,835,831,830,833,838,60,212,208,825],"class_list":{"0":"post-538442","1":"post","2":"type-post","3":"status-publish","4":"format-standard","5":"has-post-thumbnail","7":"category-cyclisme","8":"tag-attaque","9":"tag-belgique","10":"tag-braquet","11":"tag-bretagne","12":"tag-chute","13":"tag-competition","14":"tag-coupe-de-france","15":"tag-coureur","16":"tag-course-cyclisme","17":"tag-course-cycliste","18":"tag-cycling","19":"tag-cyclisme","20":"tag-direct","21":"tag-direct-velo","22":"tag-directvelo","23":"tag-directvelo-com","24":"tag-epreuve","25":"tag-epreuve-cycliste","26":"tag-federation-francaise-de-cyclisme","27":"tag-ffc","28":"tag-flandres","29":"tag-fr","30":"tag-france","31":"tag-live","32":"tag-live-course","33":"tag-live-epreuve","34":"tag-peloton","35":"tag-radio-peloton","36":"tag-radio-tour","37":"tag-ravitaillement","38":"tag-relance","39":"tag-sports","40":"tag-uci","41":"tag-velo","42":"tag-velos"},"share_on_mastodon":{"url":"https:\/\/pubeurope.com\/@fr\/115560328508442613","error":""},"_links":{"self":[{"href":"https:\/\/www.europesays.com\/fr\/wp-json\/wp\/v2\/posts\/538442","targetHints":{"allow":["GET"]}}],"collection":[{"href":"https:\/\/www.europesays.com\/fr\/wp-json\/wp\/v2\/posts"}],"about":[{"href":"https:\/\/www.europesays.com\/fr\/wp-json\/wp\/v2\/types\/post"}],"author":[{"embeddable":true,"href":"https:\/\/www.europesays.com\/fr\/wp-json\/wp\/v2\/users\/2"}],"replies":[{"embeddable":true,"href":"https:\/\/www.europesays.com\/fr\/wp-json\/wp\/v2\/comments?post=538442"}],"version-history":[{"count":0,"href":"https:\/\/www.europesays.com\/fr\/wp-json\/wp\/v2\/posts\/538442\/revisions"}],"wp:featuredmedia":[{"embeddable":true,"href":"https:\/\/www.europesays.com\/fr\/wp-json\/wp\/v2\/media\/538443"}],"wp:attachment":[{"href":"https:\/\/www.europesays.com\/fr\/wp-json\/wp\/v2\/media?parent=538442"}],"wp:term":[{"taxonomy":"category","embeddable":true,"href":"https:\/\/www.europesays.com\/fr\/wp-json\/wp\/v2\/categories?post=538442"},{"taxonomy":"post_tag","embeddable":true,"href":"https:\/\/www.europesays.com\/fr\/wp-json\/wp\/v2\/tags?post=538442"}],"curies":[{"name":"wp","href":"https:\/\/api.w.org\/{rel}","templated":true}]}}