{"id":538446,"date":"2025-11-16T16:31:20","date_gmt":"2025-11-16T16:31:20","guid":{"rendered":"https:\/\/www.europesays.com\/fr\/538446\/"},"modified":"2025-11-16T16:31:20","modified_gmt":"2025-11-16T16:31:20","slug":"son-mari-victime-dun-malaise-impressionnant","status":"publish","type":"post","link":"https:\/\/www.europesays.com\/fr\/538446\/","title":{"rendered":"son mari victime d&rsquo;un malaise impressionnant"},"content":{"rendered":"<p><strong>Peur.<\/strong> Ce 7\u00a0octobre, <a href=\"https:\/\/www.journaldesfemmes.fr\/people\/personnalites\/2839689-sylvie-vartan-age-vie-privee-accidents\/\" title=\"Sylvie Vartan\" target=\"_blank\" rel=\"noopener\">Sylvie Vartan<\/a> a \u00e9t\u00e9 honor\u00e9e \u00e0 l&rsquo;Assembl\u00e9e nationale mais a eu aussi une belle frayeur car, selon France Dimanche, son mari Tony Scotti aurait \u00e9t\u00e9 victime d&rsquo;un malaise brutal. Pris en charge par les pompiers, le producteur de 85 ans aurait \u00e9t\u00e9 transport\u00e9 \u00e0 l&rsquo;h\u00f4pital o\u00f9 il a pass\u00e9 cinq jours pour subir une batterie d&rsquo;examens qui n&rsquo;auraient rien r\u00e9v\u00e9l\u00e9 d&rsquo;inqui\u00e9tant.<\/p>\n","protected":false},"excerpt":{"rendered":"Peur. Ce 7\u00a0octobre, Sylvie Vartan a \u00e9t\u00e9 honor\u00e9e \u00e0 l&rsquo;Assembl\u00e9e nationale mais a eu aussi une belle frayeur&hellip;\n","protected":false},"author":2,"featured_media":538447,"comment_status":"","ping_status":"","sticky":false,"template":"","format":"standard","meta":{"footnotes":""},"categories":[1359],"tags":[65734,51761,58,59,52292,1011,27,51766,1031,973,7409],"class_list":{"0":"post-538446","1":"post","2":"type-post","3":"status-publish","4":"format-standard","5":"has-post-thumbnail","7":"category-people","8":"tag-cms-journaldesfemmes-3247638","9":"tag-controller-content","10":"tag-divertissement","11":"tag-entertainment","12":"tag-format-reportage","13":"tag-fr","14":"tag-france","15":"tag-les-histoires-du-jdf","16":"tag-magazine","17":"tag-people","18":"tag-sylvie-vartan"},"share_on_mastodon":{"url":"https:\/\/pubeurope.com\/@fr\/115560335530252786","error":""},"_links":{"self":[{"href":"https:\/\/www.europesays.com\/fr\/wp-json\/wp\/v2\/posts\/538446","targetHints":{"allow":["GET"]}}],"collection":[{"href":"https:\/\/www.europesays.com\/fr\/wp-json\/wp\/v2\/posts"}],"about":[{"href":"https:\/\/www.europesays.com\/fr\/wp-json\/wp\/v2\/types\/post"}],"author":[{"embeddable":true,"href":"https:\/\/www.europesays.com\/fr\/wp-json\/wp\/v2\/users\/2"}],"replies":[{"embeddable":true,"href":"https:\/\/www.europesays.com\/fr\/wp-json\/wp\/v2\/comments?post=538446"}],"version-history":[{"count":0,"href":"https:\/\/www.europesays.com\/fr\/wp-json\/wp\/v2\/posts\/538446\/revisions"}],"wp:featuredmedia":[{"embeddable":true,"href":"https:\/\/www.europesays.com\/fr\/wp-json\/wp\/v2\/media\/538447"}],"wp:attachment":[{"href":"https:\/\/www.europesays.com\/fr\/wp-json\/wp\/v2\/media?parent=538446"}],"wp:term":[{"taxonomy":"category","embeddable":true,"href":"https:\/\/www.europesays.com\/fr\/wp-json\/wp\/v2\/categories?post=538446"},{"taxonomy":"post_tag","embeddable":true,"href":"https:\/\/www.europesays.com\/fr\/wp-json\/wp\/v2\/tags?post=538446"}],"curies":[{"name":"wp","href":"https:\/\/api.w.org\/{rel}","templated":true}]}}