{"id":538452,"date":"2025-11-16T16:35:18","date_gmt":"2025-11-16T16:35:18","guid":{"rendered":"https:\/\/www.europesays.com\/fr\/538452\/"},"modified":"2025-11-16T16:35:18","modified_gmt":"2025-11-16T16:35:18","slug":"matt-pokora-revient-dans-un-dimanche-a-la-campagne-sur-cet-echec-qui-impacte-encore-sa-carriere-de-chanteur","status":"publish","type":"post","link":"https:\/\/www.europesays.com\/fr\/538452\/","title":{"rendered":"Matt Pokora revient dans Un dimanche \u00e0 la campagne sur cet \u00e9chec qui impacte encore sa carri\u00e8re de chanteur"},"content":{"rendered":"<p><a href=\"https:\/\/www.programme-tv.net\/news\/tv\/391708-mon-pere-est-deja-mort-a-ce-moment-la-eric-dupond-moretti-se-souvient-des-deces-qui-ont-marque-son-enfance-dans-un-dimanche-a-la-campagne\/\" data-api-deeplink=\"teleloisirs:\/\/news\/391708\" target=\"_blank\" rel=\"noopener\">Un dimanche \u00e0 la campagne<\/a> est revenu ce dimanche 16 novembre sur France 2 \u00e0 16h05. <a href=\"https:\/\/www.programme-tv.net\/news\/people\/391735-sylvie-testud-vexee-elle-raconte-dans-un-dimanche-a-la-campagne-cette-remarque-qui-l-a-tuee\/\" data-api-deeplink=\"teleloisirs:\/\/news\/391735\" target=\"_blank\" rel=\"noopener\">La semaine pr\u00e9c\u00e9dente<\/a>, le num\u00e9ro avec Garou, <a href=\"https:\/\/www.programme-tv.net\/biographie\/237-testud-sylvie\/\" data-link-people=\"8921e050-fa51-4a7d-84bf-1751fcb02b5f\" target=\"_blank\" rel=\"noopener\">Sylvie Testud<\/a> et <a href=\"https:\/\/www.programme-tv.net\/biographie\/2648183-dupond-moretti-eric\/\" data-link-people=\"6473b1bb-df8f-4965-880b-66c63f7a36c2\" target=\"_blank\" rel=\"noopener\">\u00c9ric Dupond-Moretti<\/a> a r\u00e9uni devant leur \u00e9cran plus de 2 millions de t\u00e9l\u00e9spectateurs. Pour ce nouvel \u00e9pisode, Fr\u00e9d\u00e9ric Lopez recevait un trio aux activit\u00e9s tr\u00e8s diff\u00e9rentes : le chanteur fran\u00e7ais,<a href=\"https:\/\/www.programme-tv.net\/news\/musique\/373353-on-a-voulu-m-opposer-a-elle-matt-pokora-se-confie-sur-sa-supposee-rivalite-avec-aya-nakamura\/\" data-api-deeplink=\"teleloisirs:\/\/news\/373353\" target=\"_blank\" rel=\"noopener\"> recordman des NRJ Music Awards<\/a>, Matt Pokora, l\u2019humoriste Marine L\u00e9onardi qui a plaqu\u00e9 sa vie de jeune cadre dynamique pour se lancer dans le stand-up et le champion de c\u00e9cifoot Hakim Arezki.<\/p>\n<p>Matt Pokora \u00e9voque sa passion pour Michael Jackson dans Un dimanche \u00e0 la campagne<\/p>\n<p>Tr\u00e8s vite, l\u2019animateur Fr\u00e9d\u00e9ric Lopez a amen\u00e9 ses invit\u00e9s dans le grenier, un lieu dans lequel le chanteur a retrouv\u00e9 les jouets de son enfance dispos\u00e9s sur un bureau, avec un album de <a href=\"https:\/\/www.programme-tv.net\/biographie\/45558-jackson-michael\/\" data-link-people=\"98b4f0f2-59bc-4156-bbde-26707777bd18\" target=\"_blank\" rel=\"noopener\">Michael Jackson<\/a>. L\u2019occasion pour lui d\u2019exprimer sa passion pour l\u2019ic\u00f4ne de la pop qui lui a donn\u00e9 envie de faire ce m\u00e9tier. \u00ab\u00a0<b>D\u00e8s ma plus petite enfance je me dis que j\u2019aimerais \u00eatre sur sc\u00e8ne <\/b>et que les autres me regardent comme moi je regarde Michael Jackson\u00a0\u00bb, explique le Strasbourgeois \u00e0 Fr\u00e9d\u00e9ric Lopez.<\/p>\n<p>                        \u00ab\u00a0\u00c7a a impact\u00e9 ma vie d\u2019artiste\u00a0\u00bb : Matt Pokora revient sur sa carri\u00e8re rat\u00e9e dans le football<\/p>\n<p>Apr\u00e8s avoir expliqu\u00e9 pourquoi il avait voulu faire de la sc\u00e8ne, il a racont\u00e9 comment son premier r\u00eave, \u00e0 savoir devenir footballeur, avait pris fin. \u00ab\u00a0\u00c0 16 ans, j\u2019ai un recruteur de Sedan, qui \u00e0 l\u2019\u00e9poque est en Ligue 1, qui m\u2019emm\u00e8ne faire un essai. C\u2019est les vacances de P\u00e2ques, mon p\u00e8re me dit : \u00ab\u00a0tu as int\u00e9r\u00eat \u00e0 te pr\u00e9parer physiquement\u00a0\u00bb. Sauf que moi, je partais la premi\u00e8re semaine avec ma m\u00e8re en Italie dans un camp de vacances. <b>\u00c9videmment, arriv\u00e9 l\u00e0-bas je n\u2019ai rien fait \u00e0 part <\/b>un petit foot avec les animateurs\u00a0\u00bb, raconte<a href=\"https:\/\/www.programme-tv.net\/news\/people\/388472-entoures-de-beaucoup-d-amour-voici-comment-matt-pokora-40-ans-et-sa-compagne-christina-milian-ont-fete-leur-anniversaire-ce-26-septembre-2025\/\" data-api-deeplink=\"teleloisirs:\/\/news\/388472\" target=\"_blank\" rel=\"noopener\"> l\u2019\u00e9poux de Christina Milian<\/a>.<\/p>\n<p>Un dimanche \u00e0 la campagne sur France 2 : voici l&rsquo;\u00e9chec qui hante Matt Pokora<\/p>\n<p>Un manque de pr\u00e9paration qui lui a co\u00fbt\u00e9 cher : \u00a0\u00bb Le dernier jour c\u2019est le match. En premi\u00e8re mi-temps, je d\u00e9fends sur un jeune qui venait de Clairefontaine, qui s\u2019entra\u00eenait d\u00e9j\u00e0 avec les pros, donc je passe la mi-temps \u00e0 lui courir apr\u00e8s. La deuxi\u00e8me mi-temps, ils me font monter \u00e0 mon vrai poste, ailier droit, <b>et l\u00e0 je n\u2019ai plus rien dans les jambes<\/b>. Donc je rate mon match d\u2019essai\u00a0\u00bb. <\/p>\n<p><b>Cet \u00e9chec a fait de lui le performeur et le professionnel qu\u2019il est :<\/b> \u00ab\u00a0\u00c7a a \u00e9t\u00e9 un trauma pour moi car je n\u2019\u00e9tais pas pr\u00eat le jour o\u00f9 il fallait. \u00c7a a impact\u00e9 ma vie d\u2019artiste aujourd\u2019hui. Maintenant je m\u2019entra\u00eene tout le temps, m\u00eame quand je ne suis pas en tourn\u00e9e. Je m\u2019en veux \u00e9norm\u00e9ment\u00a0\u00bb, conclut-il.<\/p>\n","protected":false},"excerpt":{"rendered":"Un dimanche \u00e0 la campagne est revenu ce dimanche 16 novembre sur France 2 \u00e0 16h05. La semaine&hellip;\n","protected":false},"author":2,"featured_media":538453,"comment_status":"","ping_status":"","sticky":false,"template":"","format":"standard","meta":{"footnotes":""},"categories":[1355],"tags":[244,58,59,1011,27,594,12294,10824,1361,873,12295,1630],"class_list":{"0":"post-538452","1":"post","2":"type-post","3":"status-publish","4":"format-standard","5":"has-post-thumbnail","7":"category-musique","8":"tag-commentaire","9":"tag-divertissement","10":"tag-entertainment","11":"tag-fr","12":"tag-france","13":"tag-france-2","14":"tag-fru00e9du00e9ric-lopez","15":"tag-m-pokora","16":"tag-music","17":"tag-musique","18":"tag-un-dimanche-u00e0-la-campagne","19":"tag-zapping"},"share_on_mastodon":{"url":"https:\/\/pubeurope.com\/@fr\/115560351351764611","error":""},"_links":{"self":[{"href":"https:\/\/www.europesays.com\/fr\/wp-json\/wp\/v2\/posts\/538452","targetHints":{"allow":["GET"]}}],"collection":[{"href":"https:\/\/www.europesays.com\/fr\/wp-json\/wp\/v2\/posts"}],"about":[{"href":"https:\/\/www.europesays.com\/fr\/wp-json\/wp\/v2\/types\/post"}],"author":[{"embeddable":true,"href":"https:\/\/www.europesays.com\/fr\/wp-json\/wp\/v2\/users\/2"}],"replies":[{"embeddable":true,"href":"https:\/\/www.europesays.com\/fr\/wp-json\/wp\/v2\/comments?post=538452"}],"version-history":[{"count":0,"href":"https:\/\/www.europesays.com\/fr\/wp-json\/wp\/v2\/posts\/538452\/revisions"}],"wp:featuredmedia":[{"embeddable":true,"href":"https:\/\/www.europesays.com\/fr\/wp-json\/wp\/v2\/media\/538453"}],"wp:attachment":[{"href":"https:\/\/www.europesays.com\/fr\/wp-json\/wp\/v2\/media?parent=538452"}],"wp:term":[{"taxonomy":"category","embeddable":true,"href":"https:\/\/www.europesays.com\/fr\/wp-json\/wp\/v2\/categories?post=538452"},{"taxonomy":"post_tag","embeddable":true,"href":"https:\/\/www.europesays.com\/fr\/wp-json\/wp\/v2\/tags?post=538452"}],"curies":[{"name":"wp","href":"https:\/\/api.w.org\/{rel}","templated":true}]}}