{"id":538454,"date":"2025-11-16T16:36:29","date_gmt":"2025-11-16T16:36:29","guid":{"rendered":"https:\/\/www.europesays.com\/fr\/538454\/"},"modified":"2025-11-16T16:36:29","modified_gmt":"2025-11-16T16:36:29","slug":"ecole-publique-ou-privee-un-film-qui-decape-les-cliches-avec-fantaisie","status":"publish","type":"post","link":"https:\/\/www.europesays.com\/fr\/538454\/","title":{"rendered":"\u00e9cole publique ou priv\u00e9e\u00a0? Un film qui d\u00e9cape les clich\u00e9s avec fantaisie"},"content":{"rendered":"\n<p class=\"article__chapeau\">Michel Leclerc, le cin\u00e9aste du \u201cNom des gens\u201d, confronte les id\u00e9aux d\u2019un couple de bobos au r\u00e9el. Et signe un film malin et plein d\u2019espoir.<\/p>\n<ul class=\"sheet__notation-container \">\n<li class=\"sheet__notation\"><img decoding=\"async\" src=\"https:\/\/www.telerama.fr\/dist\/assets\/img\/icons\/notation\/notation-4.svg\" alt=\"Tr\u00e8s Bien\"\/><\/li>\n<li class=\"sheet__notation-label\">Tr\u00e8s Bien<\/li>\n<\/ul>\n<p>               <a href=\"https:\/\/www.europesays.com\/fr\/wp-content\/uploads\/2025\/11\/64ccc82_1677085025288-14-luttedesclasses201901jp.jpg\" data-pswp-width=\"\" data-pswp-height=\"\" class=\"media__hd\" target=\"_blank\">      <img decoding=\"async\" fetchpriority=\"high\" src=\"https:\/\/www.europesays.com\/fr\/wp-content\/uploads\/2025\/11\/64ccc82_1677085025288-14-luttedesclasses201901jp.jpg\" class=\"media__picture js-media-zoom-main \" alt=\"Edouard Baer et Le\u00efla Bekhti.\" title=\"Kare Productions \u2013 UGC Images \"\/>      <\/p>\n<p class=\"media__legend\"> Edouard Baer et Le\u00efla Bekhti.  Kare Productions \u2013 UGC Images   <\/p>\n<p>     <\/a>                    <\/p>\n<p class=\"author author--simple\">Par  <a class=\"author author--link\" href=\"https:\/\/www.telerama.fr\/recherche\/articles?q=Anne+Dessuant\" rel=\"nofollow noopener\" target=\"_blank\"> Anne Dessuant <\/a>    <\/p>\n<p class=\"publication__date\">Publi\u00e9 le 16 novembre 2025 \u00e0 16h06<\/p>\n<p>   Partager   <\/p>\n<ul class=\"sharing-popin--results\">\n<li class=\"sharing-popin--item sharing-popin--item-container\"> Partage  <\/li>\n<li data-share=\"linkedin\" class=\"sharing-popin--item\">  LinkedIn <\/li>\n<li data-share=\"facebook\" class=\"sharing-popin--item\">  Facebook <\/li>\n<li data-share=\"mail\" data-social=\"mail\" class=\"sharing-popin--item\">  Envoyer par email <\/li>\n<li data-share=\"copy\" class=\"sharing-popin--item\">  Copier le lien <\/li>\n<\/ul>\n<p>        Favoris       <\/p>\n<p>           Noter (7)          Critiquer (0)      <a class=\"openapp__link\" data-event=\"click-open-app\" data-deep-link=\"tlrm:\/\/element?id=cinema\/la-lutte-des-classes-ecole-publique-ou-privee-un-film-qui-decape-les-cliches-avec-fantaisie-0633_cri-7023298.php&amp;source=deeplink_site\">  Lire dans l&rsquo;application<br \/>\n  <\/a>                           <a href=\"https:\/\/click.justwatch.com\/a?cx=eyJzY2hlbWEiOiJpZ2x1OmNvbS5zbm93cGxvd2FuYWx5dGljcy5zbm93cGxvdy9jb250ZXh0cy9qc29uc2NoZW1hLzEtMC0wIiwiZGF0YSI6W3sic2NoZW1hIjoiaWdsdTpjb20uanVzdHdhdGNoL2NsaWNrb3V0X2NvbnRleHQvanNvbnNjaGVtYS8xLTMtMiIsImRhdGEiOnsicHJvdmlkZXIiOiJOZXRmbGl4IiwibW9uZXRpemF0aW9uVHlwZSI6ImZsYXRyYXRlIiwicHJlc2VudGF0aW9uVHlwZSI6ImhkIiwiY3VycmVuY3kiOiJFVVIiLCJwYXJ0bmVySWQiOjE0MTcsInByb3ZpZGVySWQiOjgsImNsaWNrb3V0VHlwZSI6Imp3LWNvbnRlbnQtcGFydG5lci1leHBvcnQtYXBpIn19LHsic2NoZW1hIjoiaWdsdTpjb20uanVzdHdhdGNoL3RpdGxlX2NvbnRleHQvanNvbnNjaGVtYS8xLTMtMCIsImRhdGEiOnsidGl0bGVJZCI6NDQ5NTg3LCJvYmplY3RUeXBlIjoibW92aWUiLCJqd0VudGl0eUlkIjoidG00NDk1ODcifX1dfQ&amp;r=https%3A%2F%2Fwww.netflix.com%2Ftitle%2F81663273&amp;uct_country=fr\" rel=\"nofollow sponsored noopener\" class=\"link button-like--link button--critique button--catalog button--dark button--wide\" data-number-of-catalog=\"1\" target=\"_blank\" data-attag=\"click\" data-active=\"0\" data-leveltwo=\"clics_plateformes\" data-chapterone=\"hp_voir_sur\" data-chaptertwo=\"\" data-tagname=\"voir_sur_netflix\" data-tagtype=\"navigation\">     <img decoding=\"async\" alt=\"Netflix\" src=\"https:\/\/www.telerama.fr\/bucket\/c0eeb3931e0dfe37c5f429bebebe412092f9ad43\/img\/icons\/platform\/netflix.svg\" class=\"button__image\"\/>   <a href=\"https:\/\/click.justwatch.com\/a?cx=eyJzY2hlbWEiOiJpZ2x1OmNvbS5zbm93cGxvd2FuYWx5dGljcy5zbm93cGxvdy9jb250ZXh0cy9qc29uc2NoZW1hLzEtMC0wIiwiZGF0YSI6W3sic2NoZW1hIjoiaWdsdTpjb20uanVzdHdhdGNoL2NsaWNrb3V0X2NvbnRleHQvanNvbnNjaGVtYS8xLTMtMiIsImRhdGEiOnsicHJvdmlkZXIiOiJOZXRmbGl4IiwibW9uZXRpemF0aW9uVHlwZSI6ImZsYXRyYXRlIiwicHJlc2VudGF0aW9uVHlwZSI6ImhkIiwiY3VycmVuY3kiOiJFVVIiLCJwYXJ0bmVySWQiOjE0MTcsInByb3ZpZGVySWQiOjgsImNsaWNrb3V0VHlwZSI6Imp3LWNvbnRlbnQtcGFydG5lci1leHBvcnQtYXBpIn19LHsic2NoZW1hIjoiaWdsdTpjb20uanVzdHdhdGNoL3RpdGxlX2NvbnRleHQvanNvbnNjaGVtYS8xLTMtMCIsImRhdGEiOnsidGl0bGVJZCI6NDQ5NTg3LCJvYmplY3RUeXBlIjoibW92aWUiLCJqd0VudGl0eUlkIjoidG00NDk1ODcifX1dfQ&amp;r=https%3A%2F%2Fwww.netflix.com%2Ftitle%2F81663273&amp;uct_country=fr\" class=\"catalog__link\" target=\"_blank\" rel=\"nofollow sponsored noopener\" data-attag=\"click\" data-active=\"0\" data-leveltwo=\"clics_plateformes\" data-chapterone=\"hp_voir_sur\" data-chaptertwo=\"\" data-tagname=\"voir_sur_netflix\" data-tagtype=\"navigation\">  <img decoding=\"async\" src=\"https:\/\/www.telerama.fr\/bucket\/c0eeb3931e0dfe37c5f429bebebe412092f9ad43\/img\/icons\/platform\/netflix.svg\" alt=\"Netflix\" class=\"catalog__image\"\/>  <\/p>\n<p>   Inclus dans l&rsquo;abonnement  <\/p>\n<p>  <\/a>     Voir sur Netflix    <\/a>                           <\/p>\n<p class=\"paragraph\">Dix ans apr\u00e8s\u00a0<a target=\"_blank\" href=\"https:\/\/www.telerama.fr\/cinema\/films\/le-nom-des-gens,414275.php\" rel=\"nofollow noopener\">Le Nom des gens<\/a>, leur com\u00e9die sur l\u2019engagement \u2014 \u00e0 gauche toute \u2014, Michel\u00a0Leclerc\u00a0et Baya Kasmi continuent le combat. Depuis toujours, Paul (\u00c9douard Baer, baerissime\u00a0!) emmerde le syst\u00e8me\u2026 qui le lui rend bien. Il vit avec Sofia (Le\u00efla Bekhti, parfaite), brillante avocate qu\u2019on aurait qualifi\u00e9e de \u00ab\u00a0beurette\u00a0\u00bb dans les ann\u00e9es Mitterrand. Ils \u00e9l\u00e8vent leur fils selon des principes d\u2019ouverture d\u2019esprit, de tol\u00e9rance et d\u2019alimentation bio. Mais quand ils d\u00e9m\u00e9nagent \u00e0 Bagnolet, leurs certitudes percutent la grande mixit\u00e9 de l\u2019\u00e9cole publique du quartier. Parce que leurs potes passent \u00e0 l\u2019ennemi (l\u2019\u00e9cole priv\u00e9e), Paul et Sofia vont durcir leur position, jusqu\u2019\u00e0 risquer de mettre leur couple, et leur fils, en danger. Le monde devient fou\u00a0? Oui, et si on ne fait pas attention la catastrophe guette, pr\u00e9vient Michel\u00a0Leclerc.<\/p>\n<p class=\"paragraph\">Sans moralisme, il guide Paul et Sofia vers le chemin de la r\u00e9conciliation. \u00c0 l\u2019aide d\u2019un sc\u00e9nario \u00e0 l\u2019humour malin qui s\u2019amuse \u00e0 retourner les clich\u00e9s ou \u00e0 les confronter \u00e0 une r\u00e9alit\u00e9 absurde. De quoi la peur se nourrit-elle\u00a0? De l\u2019ignorance plus que des diff\u00e9rences. On pourrait reprocher aux sc\u00e9naristes d\u2019enfoncer des portes ouvertes, mais leur propos \u00e9chappe au manich\u00e9isme gr\u00e2ce \u00e0 la po\u00e9sie qui s\u2019invite ici ou l\u00e0, sur un air de Jeanne Cherhal. Tant qu\u2019il y a de l\u2019amour, de l\u2019humour \u2014 et des\u00a0luttes\u00a0\u00e0 mener \u2014, il y a de l\u2019espoir.<\/p>\n","protected":false},"excerpt":{"rendered":"Michel Leclerc, le cin\u00e9aste du \u201cNom des gens\u201d, confronte les id\u00e9aux d\u2019un couple de bobos au r\u00e9el. Et&hellip;\n","protected":false},"author":2,"featured_media":538455,"comment_status":"","ping_status":"","sticky":false,"template":"","format":"standard","meta":{"footnotes":""},"categories":[1354],"tags":[58,59,1346,1011,27,1360],"class_list":{"0":"post-538454","1":"post","2":"type-post","3":"status-publish","4":"format-standard","5":"has-post-thumbnail","7":"category-films","8":"tag-divertissement","9":"tag-entertainment","10":"tag-films","11":"tag-fr","12":"tag-france","13":"tag-movies"},"share_on_mastodon":{"url":"https:\/\/pubeurope.com\/@fr\/115560356169695263","error":""},"_links":{"self":[{"href":"https:\/\/www.europesays.com\/fr\/wp-json\/wp\/v2\/posts\/538454","targetHints":{"allow":["GET"]}}],"collection":[{"href":"https:\/\/www.europesays.com\/fr\/wp-json\/wp\/v2\/posts"}],"about":[{"href":"https:\/\/www.europesays.com\/fr\/wp-json\/wp\/v2\/types\/post"}],"author":[{"embeddable":true,"href":"https:\/\/www.europesays.com\/fr\/wp-json\/wp\/v2\/users\/2"}],"replies":[{"embeddable":true,"href":"https:\/\/www.europesays.com\/fr\/wp-json\/wp\/v2\/comments?post=538454"}],"version-history":[{"count":0,"href":"https:\/\/www.europesays.com\/fr\/wp-json\/wp\/v2\/posts\/538454\/revisions"}],"wp:featuredmedia":[{"embeddable":true,"href":"https:\/\/www.europesays.com\/fr\/wp-json\/wp\/v2\/media\/538455"}],"wp:attachment":[{"href":"https:\/\/www.europesays.com\/fr\/wp-json\/wp\/v2\/media?parent=538454"}],"wp:term":[{"taxonomy":"category","embeddable":true,"href":"https:\/\/www.europesays.com\/fr\/wp-json\/wp\/v2\/categories?post=538454"},{"taxonomy":"post_tag","embeddable":true,"href":"https:\/\/www.europesays.com\/fr\/wp-json\/wp\/v2\/tags?post=538454"}],"curies":[{"name":"wp","href":"https:\/\/api.w.org\/{rel}","templated":true}]}}