{"id":538468,"date":"2025-11-16T16:43:17","date_gmt":"2025-11-16T16:43:17","guid":{"rendered":"https:\/\/www.europesays.com\/fr\/538468\/"},"modified":"2025-11-16T16:43:17","modified_gmt":"2025-11-16T16:43:17","slug":"larcom-saisie-apres-la-decouverte-de-liens-sur-vinted-conduisant-a-du-contenu-pornographique","status":"publish","type":"post","link":"https:\/\/www.europesays.com\/fr\/538468\/","title":{"rendered":"l\u2019Arcom saisie apr\u00e8s la d\u00e9couverte de liens sur Vinted conduisant \u00e0 du contenu pornographique"},"content":{"rendered":"<p>\n    La haute-commissaire \u00e0 l\u2019Enfance Sarah El-Ha\u00efry a annonc\u00e9 ce dimanche 16 novembre avoir saisi l\u2019Autorit\u00e9 de r\u00e9gulation de la communication audiovisuelle et num\u00e9rique \u00e0 ce sujet.<\/p>\n<p class=\"fig-paragraph\">Apr\u00e8s\u00a0<a href=\"http:\/\/www.lefigaro.fr\/societes\/poupees-sexuelles-produits-dangereux-mauvaises-pratiques-shein-la-plateforme-qui-collectionne-les-scandales-20251104\" data-fig-type=\"NewsFlash\" data-gtm-custom-categorie=\"navigation\" data-gtm-custom-action=\"crossclick\" data-gtm-custom-label=\"Contextuel\" data-gtm-event=\"customEventSPE\" data-fig-domain=\"LEFIGARO\" target=\"_blank\" rel=\"noopener\">la commercialisation de poup\u00e9es p\u00e9dopornographiques\u00a0<\/a>sur Shein et AliExpress, des liens conduisant \u00e0 du contenu pornographique ont \u00e9t\u00e9 d\u00e9couverts sur Vinted. La haute-commissaire \u00e0 l\u2019Enfance Sarah El-Ha\u00efry a annonc\u00e9 ce dimanche 16 novembre avoir saisi l\u2019Arcom. \u00abJ\u2019ai d\u00e9couvert par voie m\u00e9diatique que certaines annonces de maillots de bain sur Vinted renvoyaient vers des contenus pornographiques\u00bb, a-t-elle expliqu\u00e9 au Figaro. \u00abNos enfants vont sur Vinted pour acheter un t-shirt, pas pour se retrouver \u00e0 un clic d\u2019un site X. Un maillot de bain n\u2019est pas un ticket d\u2019entr\u00e9e vers un site pornographique\u00bb, tance-t-elle encore, appelant \u00e0 la \u00abtol\u00e9rance z\u00e9ro quand un clic de trop peut d\u00e9truire un enfant\u00bb.<\/p>\n<p class=\"fig-paragraph\">Les faits, d\u00e9voil\u00e9s il y a quelques jours par l\u2019Inform\u00e9, sont \u00abinacceptables\u00bb, insiste Sarah El-Ha\u00efry. Car le principe est simple\u00a0: via de vraies annonces, de maillots de bain par exemple, publi\u00e9es sur Vinted, des vendeurs &#8211; dont l\u2019int\u00e9gralit\u00e9 se pr\u00e9sente sous un pseudonyme &#8211; se servent de la plateforme de revente de produits d\u2019occasion pour entrer en contact avec de potentiels acheteurs de contenu pornographique. Et ce, peu importe leur \u00e2ge. Dans ces annonces, ou encore dans la description de ces profils, l\u2019on peut ainsi retrouver des liens redirigeant vers des comptes Snapchat, des boucles Telegram et in fine, vers des profils Onlyfans. Sur le principe, rien d\u2019interdit sauf que le risque est que des mineurs &#8211; grands utilisateurs de Vinted &#8211; puissent y avoir acc\u00e8s.<\/p>\n<p>                                    <a class=\"fig-a11y-skip a11y-hidden\" href=\"#fig-a11y-skip-main-inarticle\"><br \/>\n        Passer la publicit\u00e9<br \/>\n    <\/a><\/p>\n<p>\u00abSi une plateforme sait vendre, elle doit savoir prot\u00e9ger\u00bb<\/p>\n<p class=\"fig-paragraph\">C\u2019est en tout cas ce que reproche \u00e0 Vinted la haute-commissaire \u00e0 l\u2019Enfance, alors que la plateforme &#8211; interdite aux moins de 18 ans &#8211; n\u2019effectue aucun contr\u00f4le de l\u2019\u00e2ge l\u00e9gal, une fois le compte ouvert. \u00abJ\u2019ai saisi l\u2019Arcom il y a \u00e0 peine quelques heures pour dire \u00e0 quel point aujourd\u2019hui quand il y a des enfants ou des adolescents, il y a des pr\u00e9dateurs (&#8230;) qui ont cette fois-ci utilis\u00e9 la vente d\u2019objets assez classiques pour renvoyer vers des sites pornographiques\u00bb, a ainsi martel\u00e9 Sarah El-Ha\u00efry, invit\u00e9e de l\u2019\u00e9mission de Dimanche en politique sur France 3. \u00abEt on le sait\u00a0: de nombreux enfants sont sur Vinted. Si une plateforme sait vendre, elle doit savoir prot\u00e9ger\u00bb, explique-t-elle en outre. Tr\u00e8s mobilis\u00e9e sur le dossier, elle affirme aujourd\u2019hui qu\u2019elle saisira la justice \u00ab\u00e0 chaque signalement de contenu p\u00e9dopornographique\u00bb. Et de lancer\u00a0: \u00ables plateformes doivent cesser de consid\u00e9rer la protection des mineurs comme une option. C\u2019est une obligation\u00bb.<\/p>\n<p class=\"fig-paragraph\">Contact\u00e9e, Vinted a assur\u00e9 avoir \u00abune politique de tol\u00e9rance z\u00e9ro concernant les communications non sollicit\u00e9es \u00e0 caract\u00e8re sexuel ou la promotion de services sexuels\u00bb et prendre \u00abces situations tr\u00e8s au s\u00e9rieux\u00bb. \u00abSelon nos r\u00e8gles du catalogue, la promotion de services sexuels est interdite\u00bb, a poursuivi l\u2019entreprise, qui d\u00e9nombrait en 2023 \u00abplus de 23 millions de membres enregistr\u00e9s\u00bb en France. \u00abNous disposons d\u2019outils de d\u00e9tection proactive pour identifier les comportements suspects, tels que les propos inappropri\u00e9s, et nous encourageons toute personne ayant constat\u00e9 un contenu pr\u00e9occupant \u00e0 le signaler\u00bb, a encore d\u00e9clar\u00e9 l\u2019entreprise, cr\u00e9\u00e9e en 2008 et bas\u00e9e en Lituanie. Et d\u2019ajouter\u00a0: \u00abTout contenu inappropri\u00e9, haineux ou ill\u00e9gal sera supprim\u00e9\u00bb et \u00abnous prenons des mesures contre les utilisateurs, y compris des exclusions d\u00e9finitives, si n\u00e9cessaire\u00bb, a-t-elle ajout\u00e9.<\/p>\n","protected":false},"excerpt":{"rendered":"La haute-commissaire \u00e0 l\u2019Enfance Sarah El-Ha\u00efry a annonc\u00e9 ce dimanche 16 novembre avoir saisi l\u2019Autorit\u00e9 de r\u00e9gulation de&hellip;\n","protected":false},"author":2,"featured_media":538469,"comment_status":"","ping_status":"","sticky":false,"template":"","format":"standard","meta":{"footnotes":""},"categories":[4],"tags":[11,10777,1011,27,12,25,27700,14685],"class_list":{"0":"post-538468","1":"post","2":"type-post","3":"status-publish","4":"format-standard","5":"has-post-thumbnail","7":"category-france","8":"tag-actualites","9":"tag-enfance","10":"tag-fr","11":"tag-france","12":"tag-news","13":"tag-republique-francaise","14":"tag-sarah-el-hairy","15":"tag-vinted"},"share_on_mastodon":{"url":"https:\/\/pubeurope.com\/@fr\/115560382962103508","error":""},"_links":{"self":[{"href":"https:\/\/www.europesays.com\/fr\/wp-json\/wp\/v2\/posts\/538468","targetHints":{"allow":["GET"]}}],"collection":[{"href":"https:\/\/www.europesays.com\/fr\/wp-json\/wp\/v2\/posts"}],"about":[{"href":"https:\/\/www.europesays.com\/fr\/wp-json\/wp\/v2\/types\/post"}],"author":[{"embeddable":true,"href":"https:\/\/www.europesays.com\/fr\/wp-json\/wp\/v2\/users\/2"}],"replies":[{"embeddable":true,"href":"https:\/\/www.europesays.com\/fr\/wp-json\/wp\/v2\/comments?post=538468"}],"version-history":[{"count":0,"href":"https:\/\/www.europesays.com\/fr\/wp-json\/wp\/v2\/posts\/538468\/revisions"}],"wp:featuredmedia":[{"embeddable":true,"href":"https:\/\/www.europesays.com\/fr\/wp-json\/wp\/v2\/media\/538469"}],"wp:attachment":[{"href":"https:\/\/www.europesays.com\/fr\/wp-json\/wp\/v2\/media?parent=538468"}],"wp:term":[{"taxonomy":"category","embeddable":true,"href":"https:\/\/www.europesays.com\/fr\/wp-json\/wp\/v2\/categories?post=538468"},{"taxonomy":"post_tag","embeddable":true,"href":"https:\/\/www.europesays.com\/fr\/wp-json\/wp\/v2\/tags?post=538468"}],"curies":[{"name":"wp","href":"https:\/\/api.w.org\/{rel}","templated":true}]}}