{"id":538484,"date":"2025-11-16T16:55:12","date_gmt":"2025-11-16T16:55:12","guid":{"rendered":"https:\/\/www.europesays.com\/fr\/538484\/"},"modified":"2025-11-16T16:55:12","modified_gmt":"2025-11-16T16:55:12","slug":"place-du-commerce-en-seine-maritime-agence-automobile-galerie-et-parfumerie","status":"publish","type":"post","link":"https:\/\/www.europesays.com\/fr\/538484\/","title":{"rendered":"Place du commerce en Seine-Maritime. Agence automobile, galerie et parfumerie"},"content":{"rendered":"<p melodystyle=\"texte\">De nouveaux commerces sont \u00e0 d\u00e9couvrir cette semaine. Une agence automobile a ouvert au Petit-Quevilly, une nouvelle galerie s&rsquo;est install\u00e9e \u00e0 Rouen ainsi qu&rsquo;une parfumerie.<\/p>\n<p>Des voitures, peintures et parfums<\/p>\n<p melodystyle=\"texte\">Une nouvelle agence CapCar, sp\u00e9cialis\u00e9e dans la mise en relation de vendeurs de v\u00e9hicules et d&rsquo;acheteurs, a ouvert au 9 rue des Patis au Petit-Quevilly. Si vous souhaitez vendre votre voiture, les agents s&rsquo;occupent de trouver un acheteur. L&rsquo;agence est ouverte du lundi au samedi de 9h \u00e0 12h et de 14h \u00e0 19h. A Rouen, une nouvelle galerie d&rsquo;art a ouvert en juin dernier au 33 rue de l&rsquo;H\u00f4pital, elle se nomme la galerie de Rouen. On y retrouve des \u0153uvres d&rsquo;artistes \u00e9tant pass\u00e9s par l&rsquo;Ecole de Rouen et qui datent des ann\u00e9es 1900 \u00e0 2000. Les prix varient entre 75 et 2000\u20ac. L&rsquo;\u00e9tablissement est ouvert du mardi au samedi de 10h30 \u00e0 12h30 et de 14h30 \u00e0 18h30. Enfin pour les amateurs de parfums, la parfumerie de niche Roel Paris s&rsquo;est install\u00e9e au 5 rue Guillaume le Conqu\u00e9rant \u00e0 Rouen. Des parfums mixtes allant de 80 \u00e0 700\u20ac sont en vente du lundi au samedi de 10h \u00e0 21h30 et le dimanche de 13h \u00e0 19h.<\/p>\n","protected":false},"excerpt":{"rendered":"De nouveaux commerces sont \u00e0 d\u00e9couvrir cette semaine. Une agence automobile a ouvert au Petit-Quevilly, une nouvelle galerie&hellip;\n","protected":false},"author":2,"featured_media":538485,"comment_status":"","ping_status":"","sticky":false,"template":"","format":"standard","meta":{"footnotes":""},"categories":[9587],"tags":[1111,11,1777,674,1011,27,12,5161,25,9590],"class_list":{"0":"post-538484","1":"post","2":"type-post","3":"status-publish","4":"format-standard","5":"has-post-thumbnail","7":"category-rouen","8":"tag-actu","9":"tag-actualites","10":"tag-eu","11":"tag-europe","12":"tag-fr","13":"tag-france","14":"tag-news","15":"tag-normandie","16":"tag-republique-francaise","17":"tag-rouen"},"share_on_mastodon":{"url":"https:\/\/pubeurope.com\/@fr\/115560429897589122","error":""},"_links":{"self":[{"href":"https:\/\/www.europesays.com\/fr\/wp-json\/wp\/v2\/posts\/538484","targetHints":{"allow":["GET"]}}],"collection":[{"href":"https:\/\/www.europesays.com\/fr\/wp-json\/wp\/v2\/posts"}],"about":[{"href":"https:\/\/www.europesays.com\/fr\/wp-json\/wp\/v2\/types\/post"}],"author":[{"embeddable":true,"href":"https:\/\/www.europesays.com\/fr\/wp-json\/wp\/v2\/users\/2"}],"replies":[{"embeddable":true,"href":"https:\/\/www.europesays.com\/fr\/wp-json\/wp\/v2\/comments?post=538484"}],"version-history":[{"count":0,"href":"https:\/\/www.europesays.com\/fr\/wp-json\/wp\/v2\/posts\/538484\/revisions"}],"wp:featuredmedia":[{"embeddable":true,"href":"https:\/\/www.europesays.com\/fr\/wp-json\/wp\/v2\/media\/538485"}],"wp:attachment":[{"href":"https:\/\/www.europesays.com\/fr\/wp-json\/wp\/v2\/media?parent=538484"}],"wp:term":[{"taxonomy":"category","embeddable":true,"href":"https:\/\/www.europesays.com\/fr\/wp-json\/wp\/v2\/categories?post=538484"},{"taxonomy":"post_tag","embeddable":true,"href":"https:\/\/www.europesays.com\/fr\/wp-json\/wp\/v2\/tags?post=538484"}],"curies":[{"name":"wp","href":"https:\/\/api.w.org\/{rel}","templated":true}]}}