{"id":538494,"date":"2025-11-16T17:05:14","date_gmt":"2025-11-16T17:05:14","guid":{"rendered":"https:\/\/www.europesays.com\/fr\/538494\/"},"modified":"2025-11-16T17:05:14","modified_gmt":"2025-11-16T17:05:14","slug":"une-maison-de-retraite-pour-animaux-de-laboratoire-attendue-au-parc-de-lorangerie-de-strasbourg-en-2026","status":"publish","type":"post","link":"https:\/\/www.europesays.com\/fr\/538494\/","title":{"rendered":"\u00ab\u00a0Une maison de retraite\u00a0\u00bb pour animaux de laboratoire attendue au parc de l&rsquo;Orangerie de Strasbourg en 2026"},"content":{"rendered":"<p>                    Par<br \/>\n        <strong><br \/>\n            <a href=\"https:\/\/actu.fr\/auteur\/thomas-blanc\" title=\"Consulter tous les articles de Thomas Blanc\" target=\"_blank\" rel=\"noopener\">Thomas Blanc<\/a><br \/>\n                    <\/strong><\/p>\n<p>        Publi\u00e9 le<\/p>\n<p>            16 nov. 2025 \u00e0 18h02        <\/p>\n<p>Le <a href=\"https:\/\/actu.fr\/tag\/parc-de-l-orangerie\" target=\"_blank\" rel=\"noopener\">parc de l\u2019Orangerie<\/a> va conna\u00eetre de nombreux travaux dans les dix prochaines ann\u00e9es. Parmi les cinq ambitions affich\u00e9es pour \u00ab\u2009respecter les enjeux climatiques et la protection du parc\u2009\u00bb, comme le souligne Suzanne Brolly, adjointe \u00e0 la maire de Strasbourg en charge de l\u2019entretien et la gestion domaniale des espaces verts et naturels urbains, figure \u00ab<strong>\u2009un parc favorable \u00e0 la biodiversit\u00e9<\/strong>\u2009\u00bb.<\/p>\n<p class=\" wall-content\">Pour cela, la Ville restructure la mini-ferme et l\u2019ancien zoo du plus grand parc de <a href=\"https:\/\/actu.fr\/strasbourg\/\" target=\"_blank\" rel=\"noopener\">Strasbourg<\/a>, sous l\u2019appellation l\u2019Arche de l\u2019Orangerie. Les animaux y feront tr\u00e8s prochainement leur retour dans diff\u00e9rents espaces.<\/p>\n<p>Des poules, lapins, cochons d\u2019Inde au sein de l\u2019Arche de l\u2019Orangerie<\/p>\n<p class=\" wall-content\">C\u2019est Laura Majchrzak, charg\u00e9e de la coordination du projet de l\u2019Arche de l\u2019Orangerie au sein de l\u2019association <a href=\"https:\/\/sinestrasbourg.org\/\" target=\"_blank\" rel=\"noopener\">Sine<\/a> (Strasbourg Initiation Nature Environnement), qui emploie le terme de \u00ab<strong>\u2009maison de retraite<\/strong> pour animaux de laboratoire\u2009\u00bb.<\/p>\n<p class=\" wall-content\">Elle d\u00e9crit ainsi un endroit qui prendra place au sein de la nouvelle Arche de l\u2019Orangerie et dont le nom exact est <strong>Maison d\u2019initiation au comportement animal de l\u2019Orangerie<\/strong> (Micado). Elle accueillera des poules, lapins, cochons d\u2019Inde, rats et cochons nains afin de les observer pour mieux <strong>comprendre leurs comportements<\/strong> et besoins. La livraison des travaux est pr\u00e9vue pour <strong>f\u00e9vrier\u00a02026<\/strong>.<\/p>\n<p>Les visiteurs seront tenus \u00e0 distance<\/p>\n<p class=\" wall-content\">Une <strong>zone de qui\u00e9tude<\/strong> sera mise en place, autour de l\u2019Arche de l\u2019Orangerie, dans le but de ne pas perturber les animaux. Elle prendra place autour de la Micado mais aussi du futur <strong>centre de soins pour la faune sauvage<\/strong>, qui ouvrira \u00e0 un horizon plus lointain, en <strong>d\u00e9but d\u2019ann\u00e9e 2028<\/strong>. Des grilles emp\u00eacheront les visiteurs de s\u2019approcher trop pr\u00e8s des animaux.<\/p>\n<p class=\" wall-content\">\u00ab\u2009Nous pourrons observer les animaux gr\u00e2ce \u00e0 <strong>des webcams<\/strong> sans leur infliger le stress de pour notre pr\u00e9sence\u2009\u00bb, indique Eva Petrescu, animatrice, m\u00e9diatrice et soigneuse pour la faune sauvage en d\u00e9tresse \u00e0 la <strong>LPO<\/strong> (Ligue de protection des oiseaux), \u00e9galement engag\u00e9 dans le projet.<\/p>\n<p class=\" wall-content\">Personnalisez votre actualit\u00e9 en ajoutant vos villes et m\u00e9dias en favori avec <a href=\"https:\/\/moncompte.actu.fr\" title=\"D\u00e9couvez Mon Actu\" rel=\"nofollow noopener\" data-trk=\"{&quot;cta&quot;:{&quot;action&quot;:&quot;https:\\\/\\\/moncompte.actu.fr&quot;,&quot;category&quot;:&quot;mon compte&quot;,&quot;from&quot;:&quot;article footer&quot;,&quot;name&quot;:&quot;Mon actu&quot;,&quot;type&quot;:&quot;cta&quot;}}\" target=\"_blank\">Mon Actu<\/a>.<\/p>\n","protected":false},"excerpt":{"rendered":"Par Thomas Blanc Publi\u00e9 le 16 nov. 2025 \u00e0 18h02 Le parc de l\u2019Orangerie va conna\u00eetre de nombreux&hellip;\n","protected":false},"author":2,"featured_media":538495,"comment_status":"","ping_status":"","sticky":false,"template":"","format":"standard","meta":{"footnotes":""},"categories":[2820],"tags":[1111,11,1867,436,1777,674,1011,27,775,12,25967,52,25,640],"class_list":{"0":"post-538494","1":"post","2":"type-post","3":"status-publish","4":"format-standard","5":"has-post-thumbnail","7":"category-strasbourg","8":"tag-actu","9":"tag-actualites","10":"tag-animaux","11":"tag-environnement","12":"tag-eu","13":"tag-europe","14":"tag-fr","15":"tag-france","16":"tag-grand-est","17":"tag-news","18":"tag-parc-de-lorangerie","19":"tag-planete","20":"tag-republique-francaise","21":"tag-strasbourg"},"share_on_mastodon":{"url":"https:\/\/pubeurope.com\/@fr\/115560469265397126","error":""},"_links":{"self":[{"href":"https:\/\/www.europesays.com\/fr\/wp-json\/wp\/v2\/posts\/538494","targetHints":{"allow":["GET"]}}],"collection":[{"href":"https:\/\/www.europesays.com\/fr\/wp-json\/wp\/v2\/posts"}],"about":[{"href":"https:\/\/www.europesays.com\/fr\/wp-json\/wp\/v2\/types\/post"}],"author":[{"embeddable":true,"href":"https:\/\/www.europesays.com\/fr\/wp-json\/wp\/v2\/users\/2"}],"replies":[{"embeddable":true,"href":"https:\/\/www.europesays.com\/fr\/wp-json\/wp\/v2\/comments?post=538494"}],"version-history":[{"count":0,"href":"https:\/\/www.europesays.com\/fr\/wp-json\/wp\/v2\/posts\/538494\/revisions"}],"wp:featuredmedia":[{"embeddable":true,"href":"https:\/\/www.europesays.com\/fr\/wp-json\/wp\/v2\/media\/538495"}],"wp:attachment":[{"href":"https:\/\/www.europesays.com\/fr\/wp-json\/wp\/v2\/media?parent=538494"}],"wp:term":[{"taxonomy":"category","embeddable":true,"href":"https:\/\/www.europesays.com\/fr\/wp-json\/wp\/v2\/categories?post=538494"},{"taxonomy":"post_tag","embeddable":true,"href":"https:\/\/www.europesays.com\/fr\/wp-json\/wp\/v2\/tags?post=538494"}],"curies":[{"name":"wp","href":"https:\/\/api.w.org\/{rel}","templated":true}]}}