{"id":538510,"date":"2025-11-16T17:15:14","date_gmt":"2025-11-16T17:15:14","guid":{"rendered":"https:\/\/www.europesays.com\/fr\/538510\/"},"modified":"2025-11-16T17:15:14","modified_gmt":"2025-11-16T17:15:14","slug":"il-emprunte-la-ford-ka-de-sa-soeur-refuse-dobtemperer-et-se-lance-dans-une-course-folle","status":"publish","type":"post","link":"https:\/\/www.europesays.com\/fr\/538510\/","title":{"rendered":"il emprunte la Ford Ka de sa s\u0153ur, refuse d\u2019obtemp\u00e9rer et se lance dans une course folle"},"content":{"rendered":"<p>                    Par<br \/>\n        <strong><br \/>\n            <a href=\"https:\/\/actu.fr\/auteur\/guillaume-laurens\" title=\"Consulter tous les articles de Guillaume Laurens\" rel=\"nofollow noopener\" target=\"_blank\">Guillaume Laurens<\/a><br \/>\n                    <\/strong><\/p>\n<p>        Publi\u00e9 le<\/p>\n<p>            16 nov. 2025 \u00e0 16h52        <\/p>\n<p>Pas un jour sans qu\u2019un <a href=\"https:\/\/actu.fr\/tag\/refus-d-obtemperer\" rel=\"nofollow noopener\" target=\"_blank\">refus d\u2019obtemp\u00e9rer<\/a> ne d\u00e9fraie la chronique \u00e0 <a href=\"https:\/\/actu.fr\/toulouse\/\" rel=\"nofollow noopener\" target=\"_blank\"><strong>Toulouse<\/strong><\/a>. Et les apparences en la mati\u00e8re sont parfois trompeuses. Vers 20h50, samedi 15\u00a0novembre 2025, ce n\u2019est pas au volant d\u2019un bolide qu\u2019un conducteur s\u2019est soustrait aux injonctions des forces de l\u2019ordre, mais d\u2019une\u2026 <strong>Ka<\/strong>, cette petite citadine de la marque Ford.<\/p>\n<p>Il tente de semer la police sur l\u2019autoroute au volant d\u2019une Ka<\/p>\n<p class=\" wall-content\">Alors que des policiers de la brigade anticriminalit\u00e9 de la rive gauche s\u2019appr\u00eataient \u00e0 le contr\u00f4ler, quartier Bagatelle, le conducteur a subitement appuy\u00e9 sur l\u2019acc\u00e9l\u00e9rateur, et tout s\u2019est emball\u00e9. Il a grill\u00e9 un feu rouge, pris un sens interdit, avant de s\u2019embarquer sur le p\u00e9riph\u00e9rique \u00e0 <strong>une vitesse folle<\/strong> au milieu des autres automobilistes, puis il a bifurqu\u00e9 sur <strong>l\u2019A62<\/strong>, apr\u00e8s avoir <strong>forc\u00e9 la barri\u00e8re de p\u00e9age <\/strong>de Toulouse-Nord.<\/p>\n<p class=\" wall-content\">Mais arriv\u00e9 \u00e0 hauteur de Castelnau-d\u2019Estr\u00e9tefonds, pr\u00e8s de la sortie Eurocentre, le conducteur a perdu le contr\u00f4le de son v\u00e9hicule, qui s\u2019est immobilis\u00e9 contre les glissi\u00e8res de s\u00e9curit\u00e9. Et quand il a tent\u00e9 de <strong>s\u2019enfuir \u00e0 pied<\/strong>, les policiers qui le poursuivaient n\u2019ont eu aucun mal \u00e0 le rattraper.<\/p>\n<p>Recherch\u00e9 pour ex\u00e9cuter une peine<\/p>\n<p class=\" wall-content\">Pourquoi cet automobiliste a-t-il pris de tels risques, en tentant de semer la police sur une trentaine de kilom\u00e8tres, qui plus est au volant de<strong> la voiture de sa s\u0153ur<\/strong>\u2009? Parce que son passager d\u00e9tenait un peu d\u2019ecstasy\u2009? Pas vraiment, ou plut\u00f4t, pas seulement. Ce jeune homme, pas encore \u00e2g\u00e9 de <strong>25\u00a0ans<\/strong>, \u00e9tait en r\u00e9alit\u00e9 d\u00e9j\u00e0 connu de la police pour les m\u00eames faits. Priv\u00e9 de permis de conduire et d\u2019assurance, il\u00a0\u00e9tait m\u00eame <strong>r<\/strong><strong>echerch\u00e9 pour ex\u00e9cuter une peine<\/strong> apr\u00e8s un premier refus d\u2019obtemp\u00e9rer commis en Bretagne. Il a termin\u00e9 sa course dans une cellule de garde \u00e0 vue du commissariat central de Toulouse.<\/p>\n<p>Vid\u00e9os : en ce moment sur Actu<br \/>\n    <a href=\"https:\/\/www.google.com\/maps\/embed?pb=!1m18!1m12!1m3!1d115285.36781174858!2d1.212993713483885!3d43.79029085791663!2m3!1f0!2f0!3f0!3m2!1i1024!2i768!4f13.1!3m3!1m2!1s0x12aea7e989088361%3A0xd09a6613980d94a4!2sP%C3%A9age%20d%27Eurocentre%20-%20A62%20-%20Sortie%20N%C2%B010.1!5e0!3m2!1sfr!2sfr!4v1763307094161!5m2!1sfr!2sfr\" title=\"Ouvrie le lien\" rel=\"nofollow noopener\" target=\"_blank\">Cliquez ici pour visualiser le contenu<\/a><\/p>\n<p class=\" wall-content\">Personnalisez votre actualit\u00e9 en ajoutant vos villes et m\u00e9dias en favori avec <a href=\"https:\/\/moncompte.actu.fr\" title=\"D\u00e9couvez Mon Actu\" rel=\"nofollow noopener\" data-trk=\"{&quot;cta&quot;:{&quot;action&quot;:&quot;https:\\\/\\\/moncompte.actu.fr&quot;,&quot;category&quot;:&quot;mon compte&quot;,&quot;from&quot;:&quot;article footer&quot;,&quot;name&quot;:&quot;Mon actu&quot;,&quot;type&quot;:&quot;cta&quot;}}\" target=\"_blank\">Mon Actu<\/a>.<\/p>\n","protected":false},"excerpt":{"rendered":"Par Guillaume Laurens Publi\u00e9 le 16 nov. 2025 \u00e0 16h52 Pas un jour sans qu\u2019un refus d\u2019obtemp\u00e9rer ne&hellip;\n","protected":false},"author":2,"featured_media":538511,"comment_status":"","ping_status":"","sticky":false,"template":"","format":"standard","meta":{"footnotes":""},"categories":[2816],"tags":[1111,11,1777,674,118,1011,27,12,2680,1072,2852,25,2312],"class_list":{"0":"post-538510","1":"post","2":"type-post","3":"status-publish","4":"format-standard","5":"has-post-thumbnail","7":"category-toulouse","8":"tag-actu","9":"tag-actualites","10":"tag-eu","11":"tag-europe","12":"tag-faits-divers","13":"tag-fr","14":"tag-france","15":"tag-news","16":"tag-occitanie","17":"tag-police","18":"tag-refus-dobtemperer","19":"tag-republique-francaise","20":"tag-toulouse"},"share_on_mastodon":{"url":"https:\/\/pubeurope.com\/@fr\/115560508723593534","error":""},"_links":{"self":[{"href":"https:\/\/www.europesays.com\/fr\/wp-json\/wp\/v2\/posts\/538510","targetHints":{"allow":["GET"]}}],"collection":[{"href":"https:\/\/www.europesays.com\/fr\/wp-json\/wp\/v2\/posts"}],"about":[{"href":"https:\/\/www.europesays.com\/fr\/wp-json\/wp\/v2\/types\/post"}],"author":[{"embeddable":true,"href":"https:\/\/www.europesays.com\/fr\/wp-json\/wp\/v2\/users\/2"}],"replies":[{"embeddable":true,"href":"https:\/\/www.europesays.com\/fr\/wp-json\/wp\/v2\/comments?post=538510"}],"version-history":[{"count":0,"href":"https:\/\/www.europesays.com\/fr\/wp-json\/wp\/v2\/posts\/538510\/revisions"}],"wp:featuredmedia":[{"embeddable":true,"href":"https:\/\/www.europesays.com\/fr\/wp-json\/wp\/v2\/media\/538511"}],"wp:attachment":[{"href":"https:\/\/www.europesays.com\/fr\/wp-json\/wp\/v2\/media?parent=538510"}],"wp:term":[{"taxonomy":"category","embeddable":true,"href":"https:\/\/www.europesays.com\/fr\/wp-json\/wp\/v2\/categories?post=538510"},{"taxonomy":"post_tag","embeddable":true,"href":"https:\/\/www.europesays.com\/fr\/wp-json\/wp\/v2\/tags?post=538510"}],"curies":[{"name":"wp","href":"https:\/\/api.w.org\/{rel}","templated":true}]}}