{"id":538520,"date":"2025-11-16T17:21:13","date_gmt":"2025-11-16T17:21:13","guid":{"rendered":"https:\/\/www.europesays.com\/fr\/538520\/"},"modified":"2025-11-16T17:21:13","modified_gmt":"2025-11-16T17:21:13","slug":"cest-devenue-une-petaudiere","status":"publish","type":"post","link":"https:\/\/www.europesays.com\/fr\/538520\/","title":{"rendered":"\u00ab C\u2019est devenue une p\u00e9taudi\u00e8re \u00bb"},"content":{"rendered":"<blockquote class=\"question\"><p>Michel Terrot, vous \u00eates chevalier dans l\u2019ordre de la L\u00e9gion d\u2019honneur. Quel sentiment vous anime\u00a0?<\/p><\/blockquote>\n<p>\u00ab\u00a0Beaucoup de fiert\u00e9, et le plaisir de voir que tous ces gens que j\u2019estime sont venus pour cette remise de m\u00e9daille\u00a0: <a href=\"https:\/\/www.leprogres.fr\/p\/michel-noir\" target=\"_blank\" rel=\"nofollow noopener\">Michel Noir<\/a>, \u00e0 qui j\u2019ai succ\u00e9d\u00e9 \u00e0 l\u2019Assembl\u00e9e, et qui m\u2019a tout appris. <a href=\"https:\/\/www.leprogres.fr\/p\/francois-noel-buffet\" target=\"_blank\" rel=\"nofollow noopener\">Fran\u00e7ois-No\u00ebl Buffet<\/a>, qui fait la carri\u00e8re que l\u2019on conna\u00eet\u00a0; J\u00e9r\u00f4me Moroge, qui a \u00e9t\u00e9 longtemps mon assistant parlementaire et a su trouver les mots qui convenaient\u00a0; et bien s\u00fbr <a href=\"https:\/\/www.leprogres.fr\/economie\/2023\/04\/10\/ces-trois-lyonnais-se-classent-parmi-les-personnalites-les-plus-riches-de-france\" target=\"_blank\" rel=\"nofollow noopener\">Alain M\u00e9rieux<\/a> , mon parrain, qui a fait un tr\u00e8s beau discours qui m\u2019a beaucoup touch\u00e9.\u00a0\u00bb<\/p>\n<blockquote class=\"question\"><p>Faire de la politique, c\u2019est un engagement de tous les instants\u2026<\/p><\/blockquote>\n<p>\u00ab\u00a0C\u2019est vrai que j\u2019ai fait de la politique comme peut-\u00eatre plus personne n\u2019en fera. Oullins, ville populaire, a \u00e9t\u00e9 tr\u00e8s difficile \u00e0 prendre\u2026 Sans un fort ancrage, j\u2019aurais \u00e9t\u00e9 balay\u00e9. J\u2019ai&#8230;<\/p>\n","protected":false},"excerpt":{"rendered":"Michel Terrot, vous \u00eates chevalier dans l\u2019ordre de la L\u00e9gion d\u2019honneur. Quel sentiment vous anime\u00a0? \u00ab\u00a0Beaucoup de fiert\u00e9,&hellip;\n","protected":false},"author":2,"featured_media":538521,"comment_status":"","ping_status":"","sticky":false,"template":"","format":"standard","meta":{"footnotes":""},"categories":[1889],"tags":[1111,11,2430,1984,3154,8513,4188,1777,674,1011,27,2428,12,15665,15666,316,25,2429],"class_list":{"0":"post-538520","1":"post","2":"type-post","3":"status-publish","4":"format-standard","5":"has-post-thumbnail","7":"category-lyon","8":"tag-actu","9":"tag-actualites","10":"tag-auvergne-rhone-alpes","11":"tag-conseil-municipal","12":"tag-edition-sud-lyonnais","13":"tag-elections-legislatives","14":"tag-elections-municipales","15":"tag-eu","16":"tag-europe","17":"tag-fr","18":"tag-france","19":"tag-lyon","20":"tag-news","21":"tag-oullins-pierre-benite","22":"tag-oullins-ville","23":"tag-politique","24":"tag-republique-francaise","25":"tag-rhone"},"share_on_mastodon":{"url":"https:\/\/pubeurope.com\/@fr\/115560532250408607","error":""},"_links":{"self":[{"href":"https:\/\/www.europesays.com\/fr\/wp-json\/wp\/v2\/posts\/538520","targetHints":{"allow":["GET"]}}],"collection":[{"href":"https:\/\/www.europesays.com\/fr\/wp-json\/wp\/v2\/posts"}],"about":[{"href":"https:\/\/www.europesays.com\/fr\/wp-json\/wp\/v2\/types\/post"}],"author":[{"embeddable":true,"href":"https:\/\/www.europesays.com\/fr\/wp-json\/wp\/v2\/users\/2"}],"replies":[{"embeddable":true,"href":"https:\/\/www.europesays.com\/fr\/wp-json\/wp\/v2\/comments?post=538520"}],"version-history":[{"count":0,"href":"https:\/\/www.europesays.com\/fr\/wp-json\/wp\/v2\/posts\/538520\/revisions"}],"wp:featuredmedia":[{"embeddable":true,"href":"https:\/\/www.europesays.com\/fr\/wp-json\/wp\/v2\/media\/538521"}],"wp:attachment":[{"href":"https:\/\/www.europesays.com\/fr\/wp-json\/wp\/v2\/media?parent=538520"}],"wp:term":[{"taxonomy":"category","embeddable":true,"href":"https:\/\/www.europesays.com\/fr\/wp-json\/wp\/v2\/categories?post=538520"},{"taxonomy":"post_tag","embeddable":true,"href":"https:\/\/www.europesays.com\/fr\/wp-json\/wp\/v2\/tags?post=538520"}],"curies":[{"name":"wp","href":"https:\/\/api.w.org\/{rel}","templated":true}]}}