{"id":538522,"date":"2025-11-16T17:22:13","date_gmt":"2025-11-16T17:22:13","guid":{"rendered":"https:\/\/www.europesays.com\/fr\/538522\/"},"modified":"2025-11-16T17:22:13","modified_gmt":"2025-11-16T17:22:13","slug":"lyon-pourquoi-les-hommes-du-raid-etaient-dans-le-8e-arrondissement-ce-samedi-soir","status":"publish","type":"post","link":"https:\/\/www.europesays.com\/fr\/538522\/","title":{"rendered":"Lyon. Pourquoi les hommes du Raid \u00e9taient dans le 8e\u00a0arrondissement ce samedi soir"},"content":{"rendered":"<p>Plusieurs v\u00e9hicules, des hommes en arme, les agents du Raid (Recherches, assistance, intervention, dissuasion) ne sont pas pass\u00e9s inaper\u00e7us samedi en fin de journ\u00e9e dans le 8e\u00a0 arrondissement.<\/p>\n<p>Ils se sont d\u00e9ploy\u00e9s vers 19h30 <a href=\"https:\/\/www.leprogres.fr\/faits-divers-justice\/2025\/09\/15\/un-homme-blesse-par-balle-dans-le-8-sup-e-sup-arrondissement-le-quartier-est-de-pire-en-pire\" target=\"_blank\" rel=\"noopener\">rue Philippe Fabia<\/a> dans le cadre d\u2019une enqu\u00eate de la DCT ouverte le matin m\u00eame suite \u00e0 un braquage rue Viviani \u00e0 V\u00e9nissieux. Un homme, fuyant avec un complice \u00e0 trottinette, avait \u00e9t\u00e9 alors arr\u00eat\u00e9 par la brigade anticriminalit\u00e9.<\/p>\n<p>Il n\u2019aura donc fallu que quelques heures pour que les forces de l\u2019ordre interpellent deux autres hommes dans cette rue du quartier des Etats-Unis.<\/p>\n<p>Ce contenu est bloqu\u00e9 car vous n&rsquo;avez pas accept\u00e9 les cookies et autres traceurs.<\/p>\n<p>En cliquant sur \u00ab J\u2019accepte \u00bb, les cookies et autres traceurs seront d\u00e9pos\u00e9s et vous pourrez visualiser les contenus  (<a href=\"\" class=\"consentModule_policy\" target=\"_blank\" title=\"Consulter la politique de protection des donn\u00e9es du fournisseur\">plus d&rsquo;informations<\/a>).<\/p>\n<p>En cliquant sur \u00ab J\u2019accepte tous les cookies \u00bb, vous autorisez des d\u00e9p\u00f4ts de cookies et autres traceurs pour le stockage de vos donn\u00e9es sur nos sites et applications \u00e0 des fins de personnalisation et de ciblage publicitaire.<\/p>\n<p class=\"consentModule_secondaryText\">Vous gardez la possibilit\u00e9 de retirer votre consentement \u00e0 tout moment en consultant notre <a href=\"https:\/\/www.leprogres.fr\/protection-des-donnees\" target=\"_blank\" title=\"Consulter notre politique de protection des donn\u00e9es\" rel=\"noopener\">politique de protection des donn\u00e9es<\/a>. <br \/>&#13;<br \/>\n            <a href=\"https:\/\/www.leprogres.fr\/faits-divers-justice\/2025\/11\/16\/javascript:Didomi.notice.show()\" class=\"consentModule_cmp\" target=\"_blank\" rel=\"noopener\">G\u00e9rer mes choix<\/a>&#13;\n        <\/p>\n<p>&#13;<br \/>\n                        J&rsquo;accepte&#13;<br \/>\n            J&rsquo;accepte tous les cookies&#13;\n        <\/p>\n<p>  Deux braqueurs, trois arrestations<\/p>\n<p>Dans l\u2019appartement perquisitionn\u00e9, selon les informations du Progr\u00e8s, les policiers ont pu saisir 73 paquets ainsi que 42 cartouches de cigarettes, du liquide et m\u00eame le bas de tiroirs-caisses du tabac victime du braquage\u2026<\/p>\n<p>Pour rappel, le bureau de tabac avait \u00e9t\u00e9 braqu\u00e9 vers 7\u00a0h\u00a040 ce 15\u00a0novembre par deux hommes dont un qui \u00e9tait arm\u00e9. Les deux monte-en-l\u2019air avaient pris la fuite sur une trottinette apr\u00e8s avoir tent\u00e9, en vain, de forcer un coffre-fort notamment. Pris en chasse par la brigade anticriminalit\u00e9, l\u2019un des suspects avait fini par \u00eatre interpell\u00e9. A cette heure, nous ne connaissons pas les raisons ayant conduit \u00e0 l\u2019interpellation du troisi\u00e8me individu.<\/p>\n","protected":false},"excerpt":{"rendered":"Plusieurs v\u00e9hicules, des hommes en arme, les agents du Raid (Recherches, assistance, intervention, dissuasion) ne sont pas pass\u00e9s&hellip;\n","protected":false},"author":2,"featured_media":538523,"comment_status":"","ping_status":"","sticky":false,"template":"","format":"standard","meta":{"footnotes":""},"categories":[1889],"tags":[1111,11,2430,271,272,2757,1777,674,274,107,1011,27,2428,2756,12,25,2429],"class_list":{"0":"post-538522","1":"post","2":"type-post","3":"status-publish","4":"format-standard","5":"has-post-thumbnail","7":"category-lyon","8":"tag-actu","9":"tag-actualites","10":"tag-auvergne-rhone-alpes","11":"tag-crime","12":"tag-delit-et-contravention","13":"tag-edition-lyon-villeurbanne","14":"tag-eu","15":"tag-europe","16":"tag-faits-divers-justice","17":"tag-fil-info","18":"tag-fr","19":"tag-france","20":"tag-lyon","21":"tag-lyon-bassin","22":"tag-news","23":"tag-republique-francaise","24":"tag-rhone"},"share_on_mastodon":{"url":"https:\/\/pubeurope.com\/@fr\/115560535995673068","error":""},"_links":{"self":[{"href":"https:\/\/www.europesays.com\/fr\/wp-json\/wp\/v2\/posts\/538522","targetHints":{"allow":["GET"]}}],"collection":[{"href":"https:\/\/www.europesays.com\/fr\/wp-json\/wp\/v2\/posts"}],"about":[{"href":"https:\/\/www.europesays.com\/fr\/wp-json\/wp\/v2\/types\/post"}],"author":[{"embeddable":true,"href":"https:\/\/www.europesays.com\/fr\/wp-json\/wp\/v2\/users\/2"}],"replies":[{"embeddable":true,"href":"https:\/\/www.europesays.com\/fr\/wp-json\/wp\/v2\/comments?post=538522"}],"version-history":[{"count":0,"href":"https:\/\/www.europesays.com\/fr\/wp-json\/wp\/v2\/posts\/538522\/revisions"}],"wp:featuredmedia":[{"embeddable":true,"href":"https:\/\/www.europesays.com\/fr\/wp-json\/wp\/v2\/media\/538523"}],"wp:attachment":[{"href":"https:\/\/www.europesays.com\/fr\/wp-json\/wp\/v2\/media?parent=538522"}],"wp:term":[{"taxonomy":"category","embeddable":true,"href":"https:\/\/www.europesays.com\/fr\/wp-json\/wp\/v2\/categories?post=538522"},{"taxonomy":"post_tag","embeddable":true,"href":"https:\/\/www.europesays.com\/fr\/wp-json\/wp\/v2\/tags?post=538522"}],"curies":[{"name":"wp","href":"https:\/\/api.w.org\/{rel}","templated":true}]}}