{"id":538524,"date":"2025-11-16T17:24:11","date_gmt":"2025-11-16T17:24:11","guid":{"rendered":"https:\/\/www.europesays.com\/fr\/538524\/"},"modified":"2025-11-16T17:24:11","modified_gmt":"2025-11-16T17:24:11","slug":"tentative-de-braquage-chez-chanel-a-paris-differend-fraternel-sanglant-lactu-du-week-end-en-ile-de-france","status":"publish","type":"post","link":"https:\/\/www.europesays.com\/fr\/538524\/","title":{"rendered":"Tentative de braquage chez Chanel \u00e0 Paris, diff\u00e9rend fraternel sanglant&#8230; L&rsquo;actu du week-end en \u00cele-de-France"},"content":{"rendered":"<p>                    Par<br \/>\n        <strong><br \/>\n            <a href=\"https:\/\/actu.fr\/auteur\/glenn-gillet\" title=\"Consulter tous les articles de Glenn Gillet\" rel=\"nofollow noopener\" target=\"_blank\">Glenn Gillet<\/a><br \/>\n                    <\/strong><\/p>\n<p>        Publi\u00e9 le<\/p>\n<p>            16 nov. 2025 \u00e0 17h56        <\/p>\n<p>Des braqueurs tentent de <strong>piller Chanel<\/strong>, une s\u0153ur<strong> blesse gravement<\/strong> son fr\u00e8re au couteau dans les Yvelines, situation des <strong>Airbnb<\/strong> en Seine-et-Marne\u2026 L\u2019actualit\u00e9 a \u00e9t\u00e9 une nouvelle fois charg\u00e9e en \u00cele-de-France, au cours de ce week-end du samedi\u00a015 et du dimanche 16\u00a0novembre 2025. On vous fait le r\u00e9sum\u00e9 des principales informations des r\u00e9dactions franciliennes d\u2019actu.<\/p>\n<p class=\" wall-content\"><a href=\"https:\/\/actu.fr\/ile-de-france\/paris_75056\/paris-deux-individus-armes-tentent-de-braquer-une-boutique-chanel-avenue-montaigne-avant-de-prendre-la-fuite_63442309.html\" rel=\"nofollow noopener\" target=\"_blank\">Paris\u2009: quatre individus tentent de braquer une boutique Chanel avenue Montaigne avant de prendre la fuite<\/a><br \/>La boutique de la marque de luxe Chanel situ\u00e9e au 42 avenue Montaigne, dans le 8e arrondissement de Paris, a \u00e9t\u00e9 victime d\u2019une tentative de braquage perp\u00e9tr\u00e9e par quatre individus arm\u00e9s ce samedi 15\u00a0novembre 2025 vers 11h40. Ils ont tent\u00e9 de forcer l\u2019entr\u00e9e de la boutique avec des scooters avant de prendre la fuite. Ils sont toujours recherch\u00e9s.<\/p>\n<p class=\" wall-content\"><a href=\"https:\/\/actu.fr\/ile-de-france\/paris_75056\/paris-les-locaux-de-bfmtv-evacues-apres-une-alerte-de-securite-la-diffusion-de-la-chaine-interrompue_63442817.html\" rel=\"nofollow noopener\" target=\"_blank\">Paris\u2009: les locaux de BFMTV \u00e9vacu\u00e9s apr\u00e8s une alerte \u00e0 la bombe, la diffusion de la cha\u00eene interrompue<\/a><br \/>Les locaux de BFMTV et RMC, situ\u00e9s dans le 15e arrondissement de Paris, ont \u00e9t\u00e9 \u00e9vacu\u00e9s ce samedi 15\u00a0novembre apr\u00e8s une alerte \u00e0 la bombe a indiqu\u00e9 une source interne \u00e0 actu Paris. La diffusion en direct de BFMTV a \u00e9t\u00e9 interrompue peu apr\u00e8s 15\u00a0heures au profit du passage de publicit\u00e9s et de documentaires, avant de reprendre vers 18\u00a0heures.<\/p>\n<p class=\" wall-content\"><a href=\"https:\/\/actu.fr\/ile-de-france\/houilles_78311\/a-houilles-un-differend-entre-frere-et-soeur-termine-dans-le-sang-un-coup-de-couteau-un-blesse-grave_63443021.html\" rel=\"nofollow noopener\" target=\"_blank\">Yvelines\u2009: un diff\u00e9rend entre fr\u00e8re et s\u0153ur termine dans le sang \u00e0 Houilles\u2009: un coup de couteau, un bless\u00e9 grave<\/a><br \/>Une dispute entre un fr\u00e8re et sa s\u0153ur a d\u00e9g\u00e9n\u00e9r\u00e9 et pris une tournure particuli\u00e8rement grave. La jeune fille \u00e2g\u00e9e d\u2019une vingtaine d\u2019ann\u00e9es, \u00ab\u2009exc\u00e9d\u00e9e\u2009\u00bb par l\u2019oisivet\u00e9 de son fr\u00e8re qui \u00ab\u2009ne faisait pas grand-chose de ses journ\u00e9es\u2009\u00bb, aurait perdu son sang-froid et lui aurait donn\u00e9 un coup avec un couteau de cuisine. Son fr\u00e8re a \u00e9t\u00e9 gravement bless\u00e9. La jeune femme a \u00e9t\u00e9 plac\u00e9e en garde \u00e0 vue.<\/p>\n<p class=\" wall-content\"><a href=\"https:\/\/actu.fr\/ile-de-france\/gonesse_95277\/val-d-oise-une-femme-et-un-bebe-blesses-dans-un-accident-de-la-route_63444144.html\" rel=\"nofollow noopener\" target=\"_blank\">Val-d\u2019Oise\u2009: une femme et un b\u00e9b\u00e9 bless\u00e9s dans un accident de la route<\/a><br \/>Un accident de la route impliquant quatre v\u00e9hicules l\u00e9gers a eu lieu ce samedi sur l\u2019A3 dans le sens Paris-Province, au niveau de l\u2019embranchement de l\u2019A104 \u00e0 Gonesse, dans le Val-d\u2019Oise. Les secours ont pris en charge six personnes. Deux d\u2019entre elles, une femme de 31\u00a0ans et un b\u00e9b\u00e9 de 2\u00a0mois ont \u00e9t\u00e9 transport\u00e9s en\u00a0urgence relative\u00a0au centre hospitalier de Gonesse.<\/p>\n<p class=\" wall-content\"><a href=\"https:\/\/actu.fr\/ile-de-france\/larchant_77244\/location-airbnb-en-seine-et-marne-1-5-cest-devenu-nimporte-quoi-ce-village-devenu-trop-populaire_63426813.html\" rel=\"nofollow noopener\" target=\"_blank\">Seine-et-Marne\u2009: d\u00e9cryptage de la situation des locations Airbnb<\/a><br \/>Les journalistes de La R\u00e9publique de Seine-et-Marne ont r\u00e9alis\u00e9 une enqu\u00eate en cinq \u00e9pisodes, tous publi\u00e9s ce week-end, au sujet des locations Airbnb dans le d\u00e9partement. Histoire d\u2019un village devenu trop populaire, copropri\u00e9taires qui bannissent la plateforme, communes qui encadre\u2026 D\u00e9couvrez tout ce qu\u2019il y a \u00e0 savoir sur ce ph\u00e9nom\u00e8ne.<\/p>\n<p class=\" wall-content\">Personnalisez votre actualit\u00e9 en ajoutant vos villes et m\u00e9dias en favori avec <a href=\"https:\/\/moncompte.actu.fr\" title=\"D\u00e9couvez Mon Actu\" rel=\"nofollow noopener\" data-trk=\"{&quot;cta&quot;:{&quot;action&quot;:&quot;https:\\\/\\\/moncompte.actu.fr&quot;,&quot;category&quot;:&quot;mon compte&quot;,&quot;from&quot;:&quot;article footer&quot;,&quot;name&quot;:&quot;Mon actu&quot;,&quot;type&quot;:&quot;cta&quot;}}\" target=\"_blank\">Mon Actu<\/a>.<\/p>\n","protected":false},"excerpt":{"rendered":"Par Glenn Gillet Publi\u00e9 le 16 nov. 2025 \u00e0 17h56 Des braqueurs tentent de piller Chanel, une s\u0153ur&hellip;\n","protected":false},"author":2,"featured_media":538525,"comment_status":"","ping_status":"","sticky":false,"template":"","format":"standard","meta":{"footnotes":""},"categories":[1592],"tags":[119,1111,11,7345,1777,674,1011,27,662,12,626,1072,25,104],"class_list":{"0":"post-538524","1":"post","2":"type-post","3":"status-publish","4":"format-standard","5":"has-post-thumbnail","7":"category-ile-de-france","8":"tag-accident","9":"tag-actu","10":"tag-actualites","11":"tag-airbnb","12":"tag-eu","13":"tag-europe","14":"tag-fr","15":"tag-france","16":"tag-ile-de-france","17":"tag-news","18":"tag-paris","19":"tag-police","20":"tag-republique-francaise","21":"tag-societe"},"share_on_mastodon":{"url":"https:\/\/pubeurope.com\/@fr\/115560544413271178","error":""},"_links":{"self":[{"href":"https:\/\/www.europesays.com\/fr\/wp-json\/wp\/v2\/posts\/538524","targetHints":{"allow":["GET"]}}],"collection":[{"href":"https:\/\/www.europesays.com\/fr\/wp-json\/wp\/v2\/posts"}],"about":[{"href":"https:\/\/www.europesays.com\/fr\/wp-json\/wp\/v2\/types\/post"}],"author":[{"embeddable":true,"href":"https:\/\/www.europesays.com\/fr\/wp-json\/wp\/v2\/users\/2"}],"replies":[{"embeddable":true,"href":"https:\/\/www.europesays.com\/fr\/wp-json\/wp\/v2\/comments?post=538524"}],"version-history":[{"count":0,"href":"https:\/\/www.europesays.com\/fr\/wp-json\/wp\/v2\/posts\/538524\/revisions"}],"wp:featuredmedia":[{"embeddable":true,"href":"https:\/\/www.europesays.com\/fr\/wp-json\/wp\/v2\/media\/538525"}],"wp:attachment":[{"href":"https:\/\/www.europesays.com\/fr\/wp-json\/wp\/v2\/media?parent=538524"}],"wp:term":[{"taxonomy":"category","embeddable":true,"href":"https:\/\/www.europesays.com\/fr\/wp-json\/wp\/v2\/categories?post=538524"},{"taxonomy":"post_tag","embeddable":true,"href":"https:\/\/www.europesays.com\/fr\/wp-json\/wp\/v2\/tags?post=538524"}],"curies":[{"name":"wp","href":"https:\/\/api.w.org\/{rel}","templated":true}]}}