{"id":538528,"date":"2025-11-16T17:26:11","date_gmt":"2025-11-16T17:26:11","guid":{"rendered":"https:\/\/www.europesays.com\/fr\/538528\/"},"modified":"2025-11-16T17:26:11","modified_gmt":"2025-11-16T17:26:11","slug":"emmanuel-macron-recevra-volodymyr-zelensky-a-paris-lundi-2","status":"publish","type":"post","link":"https:\/\/www.europesays.com\/fr\/538528\/","title":{"rendered":"Emmanuel Macron recevra Volodymyr Zelensky \u00e0 Paris lundi"},"content":{"rendered":"<p>\n    Cette neuvi\u00e8me visite de Zelensky en France depuis le d\u00e9but de la guerre men\u00e9e depuis 2022 par la Russie \u00abpermettra de r\u00e9affirmer l\u2019engagement de la France aux c\u00f4t\u00e9s de l\u2019Ukraine sur le long terme\u00a0\u00bb<\/p>\n<p class=\"fig-paragraph\"><a href=\"https:\/\/www.lefigaro.fr\/tag\/Emmanuel-Macron\" target=\"_blank\" rel=\"sponsored noopener\" data-gtm-custom-categorie=\"navigation\" data-gtm-custom-action=\"crossclick\" data-gtm-custom-label=\"Contextuel\" data-gtm-event=\"customEventSPE\">Emmanuel Macron<\/a>\u00a0recevra le pr\u00e9sident ukrainien\u00a0Volodymyr\u00a0<a href=\"https:\/\/www.lefigaro.fr\/tag\/zelensky\" target=\"_blank\" rel=\"sponsored noopener\" data-gtm-custom-categorie=\"navigation\" data-gtm-custom-action=\"crossclick\" data-gtm-custom-label=\"Contextuel\" data-gtm-event=\"customEventSPE\">Zelensky\u00a0<\/a>lundi 17 novembre \u00e0 Paris, pour une visite visant \u00e0 \u00abr\u00e9affirmer l\u2019engagement de la France aux c\u00f4t\u00e9s de l\u2019Ukraine\u00bb et \u00e0 \u00abentretenir la dynamique du travail engag\u00e9 sur la question des garanties de s\u00e9curit\u00e9\u00bb de Kiev, selon l\u2019\u00c9lys\u00e9e. Ils visiteront l\u2019\u00e9tat-major de la \u00abforce multinationale Ukraine\u00bb que s\u2019efforcent de cr\u00e9er la France et le Royaume-Uni en vue d\u2019un \u00e9ventuel cessez-le-feu avec la Russie.<\/p>\n<p class=\"fig-paragraph\">Le chef de l\u2019\u00c9tat fran\u00e7ais et son homologue commenceront leur journ\u00e9e par un d\u00e9placement sur la base a\u00e9rienne militaire de Villacoublay, au sud-ouest de la capitale, pour \u00e9voquer les moyens \u00abd\u2019aller encore plus loin pour permettre \u00e0 l\u2019Ukraine de se d\u00e9fendre\u00bb, a expliqu\u00e9 \u00e0 la presse la pr\u00e9sidence. Il s\u2019agit de \u00abmettre l\u2019excellence fran\u00e7aise en mati\u00e8re d\u2019industrie d\u2019armement au service de la d\u00e9fense de l\u2019Ukraine\u00bb, et de \u00abpermettre d\u2019acqu\u00e9rir les syst\u00e8mes qui lui sont n\u00e9cessaires pour r\u00e9pondre \u00e0 l\u2019agression russe\u00bb, a-t-elle ajout\u00e9, \u00e9voquant notamment \u00abla d\u00e9fense du ciel ukrainien\u00bb.<\/p>\n<p class=\"fig-body-link\">\n            \u00c0 lire aussi<br \/>\n        <a class=\"fig-body-link__link\" href=\"http:\/\/www.lefigaro.fr\/international\/guerre-en-ukraine-volodymyr-zelensky-salue-les-nouvelles-sanctions-europeennes-contre-la-russie-qui-arrivent-au-bon-moment-20250718\" target=\"_blank\" data-fig-type=\"NewsFlash\" rel=\"noopener\" data-gtm-custom-categorie=\"navigation\" data-gtm-custom-action=\"crossclick\" data-gtm-custom-label=\"Contextuel\" data-gtm-event=\"customEventSPE\" data-fig-domain=\"LEFIGARO\"><\/p>\n<p>        Guerre en Ukraine\u00a0: le nouveau paquet de sanctions contre la Russie salu\u00e9 par la France, Moscou \u00abminimise\u00bb les cons\u00e9quences<br \/>\n    <\/a>\n<\/p>\n<p>                                    <a class=\"fig-a11y-skip a11y-hidden\" href=\"#fig-a11y-skip-main-inarticle\"><br \/>\n        Passer la publicit\u00e9<br \/>\n    <\/a><\/p>\n<p>Neuvi\u00e8me visite de Volodymyr Zelensky en France<\/p>\n<p class=\"fig-paragraph\">Cette neuvi\u00e8me visite de Zelensky en France depuis le d\u00e9but de la guerre men\u00e9e depuis 2022 par la Russie \u00abpermettra de r\u00e9affirmer l\u2019engagement de la France aux c\u00f4t\u00e9s de l\u2019Ukraine sur le long terme et d\u2019entretenir la dynamique du travail engag\u00e9 sur la question des garanties de s\u00e9curit\u00e9\u00bb dans le cadre de la \u00abcoalition des (pays) volontaires\u00bb en soutien de Kiev, d\u00e9taille la pr\u00e9sidence. Elle permettra \u00e9galement \u00abd\u2019\u00e9changer sur les enjeux de coop\u00e9ration bilat\u00e9rale, notamment dans les domaines \u00e9nerg\u00e9tiques, \u00e9conomique et de d\u00e9fense\u00bb.<\/p>\n<p class=\"fig-paragraph\">La\u00a0<a href=\"http:\/\/www.lefigaro.fr\/international\/lutte-antidrones-les-infrastructures-francaises-aussi-vulnerables-que-les-autres-20250925\" data-fig-type=\"Article\" data-gtm-custom-categorie=\"navigation\" data-gtm-custom-action=\"crossclick\" data-gtm-custom-label=\"Contextuel\" data-gtm-event=\"customEventSPE\" data-fig-domain=\"LEFIGARO\" target=\"_blank\" rel=\"noopener\">lutte antidrones<\/a>\u00a0est une des priorit\u00e9s \u00e0 l\u2019ordre du jour, selon l\u2019\u00c9lys\u00e9e, qui a condamn\u00e9 \u00abavec la plus grande v\u00e9h\u00e9mence les frappes qui ont \u00e0 nouveau vis\u00e9 Kiev dans la nuit\u00bb. Des annonces de nouvelles aides ou coop\u00e9rations en mati\u00e8re d\u2019armements sont possibles. \u00abLa prolongation de la guerre et l\u2019absence de cessez-le-feu souligne notre responsabilit\u00e9 \u00e0 tout mettre en \u0153uvre pour permettre \u00e0 l\u2019Ukraine de se d\u00e9fendre et donc \u00e0 donner un nouvel \u00e9lan\u00bb, a insist\u00e9 un conseiller d\u2019Emmanuel Macron.<\/p>\n<p class=\"fig-paragraph\">Mis en place par la \u00abcoalition de volontaires\u00bb, \u00e0 laquelle participent selon l\u2019Elys\u00e9e 35 pays en incluant l\u2019Ukraine, cet \u00e9tat-major \u00abfonctionne\u00bb et est \u00abd\u00e8s \u00e0 pr\u00e9sent\u00bb capable \u00abde d\u00e9ployer une force d\u00e8s le lendemain d\u2019un cessez-le-feu\u00bb, assure-t-on c\u00f4t\u00e9 fran\u00e7ais. Cette coalition de pays essentiellement europ\u00e9ens soutenant l\u2019Ukraine s\u2019est r\u00e9unie la derni\u00e8re fois \u00e0 Londres le 24 octobre. Enfin, Emmanuel Macron et Volodymyr Zelensky donneront une conf\u00e9rence de presse au palais pr\u00e9sidentiel fran\u00e7ais avant un d\u00e9jeuner de travail en t\u00eate-\u00e0-t\u00eate.<\/p>\n<p>Hypoth\u00e9tique arr\u00eat des combats<\/p>\n<p class=\"fig-paragraph\">Les garanties de s\u00e9curit\u00e9 envisag\u00e9es pour l\u2019Ukraine, \u00e9chafaud\u00e9es depuis des mois par cette coalition, comprennent un soutien \u00e0 l\u2019arm\u00e9e de Kiev et des volets terrestre, maritime et a\u00e9rien. Mais leur mise en \u0153uvre reste conditionn\u00e9e \u00e0 un tr\u00e8s hypoth\u00e9tique arr\u00eat des combats. Les n\u00e9gociations de paix entre Kiev et Moscou sont au point mort, un sommet \u00e9voqu\u00e9 \u00e0 Budapest entre les pr\u00e9sidents am\u00e9ricain Donald Trump et russe Vladimir Poutine n\u2019ayant pas eu lieu.<\/p>\n<p class=\"fig-paragraph\">Une attaque russe de missiles et de drones ciblant principalement de nombreux quartiers de Kiev a fait au moins six morts, selon les autorit\u00e9s ukrainiennes, tandis que Moscou a dit avoir d\u00e9truit plus de 200 drones ukrainiens sur son territoire.<\/p>\n","protected":false},"excerpt":{"rendered":"Cette neuvi\u00e8me visite de Zelensky en France depuis le d\u00e9but de la guerre men\u00e9e depuis 2022 par la&hellip;\n","protected":false},"author":2,"featured_media":538529,"comment_status":"","ping_status":"","sticky":false,"template":"","format":"standard","meta":{"footnotes":""},"categories":[1888],"tags":[1111,1928,11,1927,1777,674,1011,27,131,11514,12,1926,626,1925,25,134],"class_list":{"0":"post-538528","1":"post","2":"type-post","3":"status-publish","4":"format-standard","5":"has-post-thumbnail","7":"category-paris","8":"tag-actu","9":"tag-actu-paris","10":"tag-actualites","11":"tag-actualites-paris","12":"tag-eu","13":"tag-europe","14":"tag-fr","15":"tag-france","16":"tag-guerre-en-ukraine","17":"tag-macron","18":"tag-news","19":"tag-news-paris","20":"tag-paris","21":"tag-paris-news","22":"tag-republique-francaise","23":"tag-volodymyr-zelensky"},"share_on_mastodon":{"url":"https:\/\/pubeurope.com\/@fr\/115560551801163722","error":""},"_links":{"self":[{"href":"https:\/\/www.europesays.com\/fr\/wp-json\/wp\/v2\/posts\/538528","targetHints":{"allow":["GET"]}}],"collection":[{"href":"https:\/\/www.europesays.com\/fr\/wp-json\/wp\/v2\/posts"}],"about":[{"href":"https:\/\/www.europesays.com\/fr\/wp-json\/wp\/v2\/types\/post"}],"author":[{"embeddable":true,"href":"https:\/\/www.europesays.com\/fr\/wp-json\/wp\/v2\/users\/2"}],"replies":[{"embeddable":true,"href":"https:\/\/www.europesays.com\/fr\/wp-json\/wp\/v2\/comments?post=538528"}],"version-history":[{"count":0,"href":"https:\/\/www.europesays.com\/fr\/wp-json\/wp\/v2\/posts\/538528\/revisions"}],"wp:featuredmedia":[{"embeddable":true,"href":"https:\/\/www.europesays.com\/fr\/wp-json\/wp\/v2\/media\/538529"}],"wp:attachment":[{"href":"https:\/\/www.europesays.com\/fr\/wp-json\/wp\/v2\/media?parent=538528"}],"wp:term":[{"taxonomy":"category","embeddable":true,"href":"https:\/\/www.europesays.com\/fr\/wp-json\/wp\/v2\/categories?post=538528"},{"taxonomy":"post_tag","embeddable":true,"href":"https:\/\/www.europesays.com\/fr\/wp-json\/wp\/v2\/tags?post=538528"}],"curies":[{"name":"wp","href":"https:\/\/api.w.org\/{rel}","templated":true}]}}