{"id":538534,"date":"2025-11-16T17:29:12","date_gmt":"2025-11-16T17:29:12","guid":{"rendered":"https:\/\/www.europesays.com\/fr\/538534\/"},"modified":"2025-11-16T17:29:12","modified_gmt":"2025-11-16T17:29:12","slug":"la-grece-va-livrer-du-gaz-americain-a-lukraine-durant-lhiver","status":"publish","type":"post","link":"https:\/\/www.europesays.com\/fr\/538534\/","title":{"rendered":"La Gr\u00e8ce va livrer du gaz am\u00e9ricain \u00e0 l\u2019Ukraine durant l\u2019hiver"},"content":{"rendered":"<p>La compagnie publique grecque de gaz \u00ab\u00a0DEPA et (l\u2019ukrainienne) Naftogaz ont sign\u00e9, aujourd\u2019hui, une d\u00e9claration d\u2019intention concernant la fourniture de gaz naturel au march\u00e9 ukrainien pour la p\u00e9riode hivernale, de d\u00e9cembre 2025 \u00e0 mars 2026\u00a0\u00bb, ont annonc\u00e9 les deux entreprises, \u00e0 l\u2019occasion d\u2019une rencontre, \u00e0 Ath\u00e8nes, entre le Premier ministre grec, Kyriakos Mitsotakis, et le pr\u00e9sident ukrainien, Volodymyr Zelensky.<\/p>\n<p>La signature de l\u2019accord, intervenue en pr\u00e9sence des deux dirigeants et de la nouvelle ambassadrice am\u00e9ricaine en Gr\u00e8ce, Kimberly Guilfoyle, va permettre de \u00ab\u00a0soutenir l\u2019Ukraine au c\u0153ur d\u2019un hiver difficile\u00a0\u00bb.<\/p>\n<p>\u00ab\u00a0Les relations entre nos pays acqui\u00e8rent une nouvelle dimension cruciale\u00a0: celle d\u2019une nouvelle art\u00e8re \u00e9nerg\u00e9tique s\u00fbre, qui se dessine du Sud vers le Nord, de la Gr\u00e8ce jusqu\u2019\u00e0 l\u2019Ukraine\u00a0\u00bb, a assur\u00e9 Kyriakos Mitsotakis.<\/p>\n<p>Un \u00ab paquet \u00e9nerg\u00e9tique \u00bb pour l\u2019hiver<\/p>\n<p>Le pr\u00e9sident ukrainien a exprim\u00e9 sa reconnaissance envers le pr\u00e9sident am\u00e9ricain, Donald Trump, \u00ab\u00a0pour le fait que nous serons en mesure de recevoir non seulement du gaz naturel depuis la Gr\u00e8ce, mais aussi par l\u2019interm\u00e9diaire de la Gr\u00e8ce\u00a0\u00bb.<\/p>\n<p>Volodymyr Zelensky, qui doit se rendre ensuite<a href=\"https:\/\/www.letelegramme.fr\/monde\/guerre-ukraine-russie\/guerre-en-ukraine-pourquoi-macron-recevra-zelensky-ce-lundi-a-paris-6928555.php\" target=\"_blank\" rel=\"noopener\"> en France <\/a>et en Espagne, pour discuter de d\u00e9fense et d\u2019\u00e9nergie, a qualifi\u00e9 cet accord d\u2019\u00ab\u00a0extr\u00eamement important\u00a0\u00bb car il constitue \u00ab\u00a0une part importante du vaste paquet \u00e9nerg\u00e9tique que nous avons pr\u00e9par\u00e9 pour cet hiver\u00a0\u00bb.<\/p>\n<p>Le dirigeant a insist\u00e9 sur le fait que l\u2019hiver qui approche constitue \u00ab\u00a0un immense d\u00e9fi (\u2026) pour le peuple ukrainien\u00a0\u00bb, pr\u00e8s de quatre ans apr\u00e8s l\u2019invasion de son pays par la Russie. \u00ab\u00a0Pratiquement chaque nuit, d\u00e9sormais, les Russes frappent nos infrastructures, en particulier nos infrastructures \u00e9nerg\u00e9tiques, a-t-il d\u00e9crit. La plupart des centrales \u00e9lectriques en Ukraine, nos installations de production de gaz et nos centrales thermiques sont devenues des cibles.\u00a0\u00bb<\/p>\n","protected":false},"excerpt":{"rendered":"La compagnie publique grecque de gaz \u00ab\u00a0DEPA et (l\u2019ukrainienne) Naftogaz ont sign\u00e9, aujourd\u2019hui, une d\u00e9claration d\u2019intention concernant la&hellip;\n","protected":false},"author":2,"featured_media":538535,"comment_status":"","ping_status":"","sticky":false,"template":"","format":"standard","meta":{"footnotes":""},"categories":[1591],"tags":[11,765,893,73,1887,843,8906,131,2069,74,12,1885,1886,132],"class_list":{"0":"post-538534","1":"post","2":"type-post","3":"status-publish","4":"format-standard","5":"has-post-thumbnail","7":"category-russie","8":"tag-actualites","9":"tag-en-continu","10":"tag-energie","11":"tag-etats-unis","12":"tag-federation-de-russie","13":"tag-gaz","14":"tag-grece","15":"tag-guerre-en-ukraine","16":"tag-guerre-ukraine-russie","17":"tag-monde","18":"tag-news","19":"tag-russia","20":"tag-russian-federation","21":"tag-russie"},"share_on_mastodon":{"url":"https:\/\/pubeurope.com\/@fr\/115560563648966882","error":""},"_links":{"self":[{"href":"https:\/\/www.europesays.com\/fr\/wp-json\/wp\/v2\/posts\/538534","targetHints":{"allow":["GET"]}}],"collection":[{"href":"https:\/\/www.europesays.com\/fr\/wp-json\/wp\/v2\/posts"}],"about":[{"href":"https:\/\/www.europesays.com\/fr\/wp-json\/wp\/v2\/types\/post"}],"author":[{"embeddable":true,"href":"https:\/\/www.europesays.com\/fr\/wp-json\/wp\/v2\/users\/2"}],"replies":[{"embeddable":true,"href":"https:\/\/www.europesays.com\/fr\/wp-json\/wp\/v2\/comments?post=538534"}],"version-history":[{"count":0,"href":"https:\/\/www.europesays.com\/fr\/wp-json\/wp\/v2\/posts\/538534\/revisions"}],"wp:featuredmedia":[{"embeddable":true,"href":"https:\/\/www.europesays.com\/fr\/wp-json\/wp\/v2\/media\/538535"}],"wp:attachment":[{"href":"https:\/\/www.europesays.com\/fr\/wp-json\/wp\/v2\/media?parent=538534"}],"wp:term":[{"taxonomy":"category","embeddable":true,"href":"https:\/\/www.europesays.com\/fr\/wp-json\/wp\/v2\/categories?post=538534"},{"taxonomy":"post_tag","embeddable":true,"href":"https:\/\/www.europesays.com\/fr\/wp-json\/wp\/v2\/tags?post=538534"}],"curies":[{"name":"wp","href":"https:\/\/api.w.org\/{rel}","templated":true}]}}