{"id":538538,"date":"2025-11-16T17:31:14","date_gmt":"2025-11-16T17:31:14","guid":{"rendered":"https:\/\/www.europesays.com\/fr\/538538\/"},"modified":"2025-11-16T17:31:14","modified_gmt":"2025-11-16T17:31:14","slug":"son-fils-barron-futur-president-des-etats-unis-il-repond","status":"publish","type":"post","link":"https:\/\/www.europesays.com\/fr\/538538\/","title":{"rendered":"son fils Barron futur pr\u00e9sident des \u00c9tats-Unis ? Il r\u00e9pond"},"content":{"rendered":"<p>                                    <img decoding=\"async\" src=\"https:\/\/www.europesays.com\/fr\/wp-content\/uploads\/2025\/11\/53f1a1de905ffe743c566c6294c482b81e536f2a984c667ddb7cf9bc3646f495.jpg\" alt=\"Barron Trump\u00a0: vie priv\u00e9e, famille c\u00e9l\u00e8bre\u2026 Ce qu\u2019il faut conna\u00eetre\" class=\"a11y-hidden\" fetchpriority=\"high\"\/><\/p>\n<p class=\"fig-standfirst\">\n    Lors d\u2019une visite de la Maison-Blanche avec la pr\u00e9sentatrice Laura Ingraham, Donald Trump s\u2019est confi\u00e9 sur l\u2019avenir de ses enfants, et notamment celui de Barron, 19 ans, d\u00e9j\u00e0 per\u00e7u par certains comme son v\u00e9ritable successeur et un potentiel futur pr\u00e9sident.<\/p>\n<p class=\"fig-paragraph\">\u00c0 79 ans, Donald Trump n\u2019a jamais cach\u00e9\u00a0<a href=\"https:\/\/photo.gala.fr\/photos-donald-trump-qui-sont-ses-cinq-enfants-63788\" data-fig-type=\"SlideShowResource\" data-gtm-custom-categorie=\"navigation\" data-gtm-custom-action=\"crossclick\" data-gtm-custom-label=\"Contextuel\" data-gtm-event=\"customEventSPE\" data-fig-domain=\"GALA\" target=\"_blank\" rel=\"noopener\">la place centrale que tiennent ses cinq enfants dans sa vie<\/a>. R\u00e9cemmen<a href=\"http:\/\/www.gala.fr\/l_actu\/news_de_stars\/donald-trump-fier-de-sa-derniere-renovation-a-la-maison-blanche-une-salle-de-bain-d-or-et-de-marbre-qui-fait-grincer-des-dents-20251101\" data-fig-type=\"Article\" data-gtm-custom-categorie=\"navigation\" data-gtm-custom-action=\"crossclick\" data-gtm-custom-label=\"Contextuel\" data-gtm-event=\"customEventSPE\" data-fig-domain=\"GALA\" target=\"_blank\" rel=\"noopener\">t, le pr\u00e9sident des \u00c9tats-Unis faisait visiter la Maison-Blanche<\/a>\u00a0\u00e0 Laura Ingraham, de la cha\u00eene Fox News\u00a0: celle-ci a alors questionn\u00e9 le milliardaire sur son possible successeur. Barron Trump pourrait-il un jour devenir pr\u00e9sident\u00a0? Mais Donald Trump n\u2019a pas donn\u00e9 une r\u00e9ponse claire\u2026 La journaliste et le chef de l\u2019\u00c9tat se baladaient dans la r\u00e9sidence pr\u00e9sidentielle toute r\u00e9nov\u00e9e. \u00ab Est-ce que l\u2019un de vos enfants a le m\u00eame sens du d\u00e9tail que vous\u00a0?\u00a0\u00bb, lui a demand\u00e9 Laura Ingraham. \u00ab Je pense qu\u2019Eric est tr\u00e8s dou\u00e9, Don aussi, d\u2019une mani\u00e8re tr\u00e8s diff\u00e9rente\u2026 et Ivanka, bien s\u00fbr\u00a0\u00bb, a-t-il r\u00e9pondu. Avant d\u2019ajouter\u00a0: \u00ab Tiffany est tr\u00e8s intelligente. E<a href=\"http:\/\/www.gala.fr\/l_actu\/news_de_stars\/barron-trump-19-ans-et-deja-businessman-il-a-decroche-un-beau-jackpot-20251006\" data-fig-type=\"Article\" data-gtm-custom-categorie=\"navigation\" data-gtm-custom-action=\"crossclick\" data-gtm-custom-label=\"Contextuel\" data-gtm-event=\"customEventSPE\" data-fig-domain=\"GALA\" target=\"_blank\" rel=\"noopener\">t Barron\u2026 Barron va \u00eatre formidable<\/a> . Il est tr\u00e8s m\u00e9ticuleux.\u00a0\u00bb<\/p>\n<p class=\"fig-paragraph\">Le jeune homme se trouve d\u2019ailleurs \u00ab juste \u00e0 l\u2019\u00e9tage\u00a0\u00bb, a pr\u00e9cis\u00e9 l\u2019entrepreneur, visiblement fier de son fils. \u00ab Il fait du bon travail. Il est grand. Tr\u00e8s grand\u00a0\u00bb, ajoute-t-il, en riant. En effet, son fils mesure 1m98\u00a0! Laura Ingraham a alors essay\u00e9 d\u2019en savoir plus\u00a0: \u00ab Beaucoup de gens pensent que Barron pourrait \u00eatre le prochain pr\u00e9sident Trump.\u00a0\u00bb Une question qui, pour une fois, a provoqu\u00e9 l\u2019h\u00e9sitation chez le mari de Melania Trump\u00a0: \u00ab Je ne sais pas\u2026\u00a0\u00bb. Le pr\u00e9sident am\u00e9ricain a finalement tranch\u00e9\u00a0: \u00ab D\u2019une certaine mani\u00e8re, ils pourraient tous l\u2019\u00eatre.\u00a0\u00bb Apr\u00e8s une ann\u00e9e d\u2019\u00e9tudes \u00e0 l\u2019universit\u00e9 de New York, le fils cadet de Donald Trump est de retour \u00e0 Washington. Barron aurait \u00e9t\u00e9 transf\u00e9r\u00e9 sur le campus de D.C., \u00e0 quelques rues de la Maison-Blanche. Une proximit\u00e9 qui ne passe pas inaper\u00e7ue.<\/p>\n<p>    <a href=\"#slideshow-header\"><\/p>\n<p class=\"fig-slideshow__title\">\n                    PHOTOS \u2013 Donald Trump\u00a0: Melania, Ivanka, Tiffany, Barron\u2026 Qui est qui dans la famille Trump\u00a0?\n                <\/p>\n<p>    <\/a><\/p>\n<p>                                    <a class=\"fig-a11y-skip a11y-hidden\" href=\"#fig-a11y-skip-main-inarticle\"><br \/>\n        Passer la publicit\u00e9<br \/>\n    <\/a><\/p>\n<p>Barron Trump de retour \u00e0 Washington<\/p>\n<p class=\"fig-paragraph\">Si Barron reste pour l\u2019instant encore discret dans la vie publique,\u00a0<a href=\"http:\/\/www.gala.fr\/l_actu\/news_de_stars\/donald-trump-fier-de-son-fils-barron-etudiant-dans-une-prestigieuse-ecole-de-commerce-il-donne-de-ses-nouvelles-apres-la-rentree-20251013\" data-fig-type=\"Article\" data-gtm-custom-categorie=\"navigation\" data-gtm-custom-action=\"crossclick\" data-gtm-custom-label=\"Contextuel\" data-gtm-event=\"customEventSPE\" data-fig-domain=\"GALA\" target=\"_blank\" rel=\"noopener\">le fils de Donald Trump aurait d\u00e9j\u00e0 une influence en priv\u00e9<\/a>. Apr\u00e8s la victoire de son \u00e9poux en 2024,<a href=\"http:\/\/www.gala.fr\/l_actu\/news_de_stars\/melania-trump-une-first-lady-attentionnee-ce-geste-passe-inapercu-pendant-la-fete-d-halloween-20251101\" data-fig-type=\"Article\" data-gtm-custom-categorie=\"navigation\" data-gtm-custom-action=\"crossclick\" data-gtm-custom-label=\"Contextuel\" data-gtm-event=\"customEventSPE\" data-fig-domain=\"GALA\" target=\"_blank\" rel=\"noopener\">\u00a0la Premi\u00e8re Dame<\/a>\u00a0avait confi\u00e9 que Barron avait \u00e9t\u00e9 \u00ab tr\u00e8s vocal\u00a0\u00bb et aurait donn\u00e9 \u00e0 son p\u00e8re des conseils strat\u00e9giques. \u00ab Il savait exactement qui Donald devait appeler \u00bb, expliquait-elle, soulignant son influence aupr\u00e8s des jeunes \u00e9lecteurs.<\/p>\n<p class=\"fig-paragraph\">Article \u00e9crit en collaboration avec 6M\u00e9dias.<\/p>\n","protected":false},"excerpt":{"rendered":"Lors d\u2019une visite de la Maison-Blanche avec la pr\u00e9sentatrice Laura Ingraham, Donald Trump s\u2019est confi\u00e9 sur l\u2019avenir de&hellip;\n","protected":false},"author":2,"featured_media":538539,"comment_status":"","ping_status":"","sticky":false,"template":"","format":"standard","meta":{"footnotes":""},"categories":[1589],"tags":[11,29673,75,73,1866,652,12,4919,1864,1865,1863,308],"class_list":{"0":"post-538538","1":"post","2":"type-post","3":"status-publish","4":"format-standard","5":"has-post-thumbnail","7":"category-etats-unis","8":"tag-actualites","9":"tag-barron-trump","10":"tag-donald-trump","11":"tag-etats-unis","12":"tag-etats-unis-damerique","13":"tag-famille","14":"tag-news","15":"tag-president","16":"tag-united-states","17":"tag-united-states-of-america","18":"tag-us","19":"tag-usa"},"share_on_mastodon":{"url":"https:\/\/pubeurope.com\/@fr\/115560572286260146","error":""},"_links":{"self":[{"href":"https:\/\/www.europesays.com\/fr\/wp-json\/wp\/v2\/posts\/538538","targetHints":{"allow":["GET"]}}],"collection":[{"href":"https:\/\/www.europesays.com\/fr\/wp-json\/wp\/v2\/posts"}],"about":[{"href":"https:\/\/www.europesays.com\/fr\/wp-json\/wp\/v2\/types\/post"}],"author":[{"embeddable":true,"href":"https:\/\/www.europesays.com\/fr\/wp-json\/wp\/v2\/users\/2"}],"replies":[{"embeddable":true,"href":"https:\/\/www.europesays.com\/fr\/wp-json\/wp\/v2\/comments?post=538538"}],"version-history":[{"count":0,"href":"https:\/\/www.europesays.com\/fr\/wp-json\/wp\/v2\/posts\/538538\/revisions"}],"wp:featuredmedia":[{"embeddable":true,"href":"https:\/\/www.europesays.com\/fr\/wp-json\/wp\/v2\/media\/538539"}],"wp:attachment":[{"href":"https:\/\/www.europesays.com\/fr\/wp-json\/wp\/v2\/media?parent=538538"}],"wp:term":[{"taxonomy":"category","embeddable":true,"href":"https:\/\/www.europesays.com\/fr\/wp-json\/wp\/v2\/categories?post=538538"},{"taxonomy":"post_tag","embeddable":true,"href":"https:\/\/www.europesays.com\/fr\/wp-json\/wp\/v2\/tags?post=538538"}],"curies":[{"name":"wp","href":"https:\/\/api.w.org\/{rel}","templated":true}]}}