{"id":538542,"date":"2025-11-16T17:33:11","date_gmt":"2025-11-16T17:33:11","guid":{"rendered":"https:\/\/www.europesays.com\/fr\/538542\/"},"modified":"2025-11-16T17:33:11","modified_gmt":"2025-11-16T17:33:11","slug":"des-survivants-de-la-shoah-exigent-lannulation-dune-vente-aux-encheres-dobjets-nazis-en-allemagne","status":"publish","type":"post","link":"https:\/\/www.europesays.com\/fr\/538542\/","title":{"rendered":"Des Survivants De La Shoah Exigent L\u2019annulation D\u2019une Vente Aux Ench\u00e8res D\u2019objets Nazis En Allemagne"},"content":{"rendered":"<p class=\"\" data-is=\"component-paragraph\">\u00c0 Berlin, un groupe de survivants de la Shoah appelle une maison de ventes aux ench\u00e8res allemande \u00e0 renoncer \u00e0 la mise en vente de centaines d\u2019artefacts li\u00e9s aux pers\u00e9cutions nazies, qualifiant l\u2019initiative de \u00ab cynique \u00bb et \u00ab honteuse \u00bb.<\/p>\n<p class=\"\" data-is=\"component-paragraph\">Le Comit\u00e9 international d\u2019Auschwitz demande l\u2019annulation imm\u00e9diate de cette vente intitul\u00e9e \u00ab Le syst\u00e8me de la terreur \u00bb, organis\u00e9e par la maison Felzmann et pr\u00e9vue lundi \u00e0 Neuss, pr\u00e8s de D\u00fcsseldorf.<\/p>\n<p class=\"\" data-is=\"component-paragraph\">La collection comprend plus de 600 lots, parmi lesquels des lettres \u00e9crites par des d\u00e9tenus de camps de concentration \u00e0 leurs proches, des fiches d\u2019index de la Gestapo et d\u2019autres documents administratifs mentionnant nomm\u00e9ment des victimes. Selon l\u2019agence allemande dpa, de nombreux artefacts portent l\u2019identit\u00e9 pr\u00e9cise de personnes pers\u00e9cut\u00e9es.<\/p>\n<p><img alt=\"Video poster\" class=\"video-poster\" data-is=\"lazy-image\" data-observed-item-id=\"https:\/\/api.i24news.tv\/fr\/brightcove\/6385174164112\/poster\"\/>Vente de F-35 \u00e0 l&rsquo;Arabie saoudite <\/p>\n<p class=\"\" data-is=\"component-paragraph\">Pour Christoph Heubner, vice-pr\u00e9sident ex\u00e9cutif du Comit\u00e9 international d\u2019Auschwitz, cette vente constitue \u00ab une entreprise cynique et sans vergogne \u00bb qui \u00ab laisse les survivants outr\u00e9s et sans voix \u00bb.<\/p>\n<p class=\"\" data-is=\"component-paragraph\">Il estime que l\u2019histoire des victimes est exploit\u00e9e \u00ab \u00e0 des fins commerciales \u00bb, d\u00e9plorant que des t\u00e9moignages aussi sensibles soient trait\u00e9s comme de simples objets marchands.<\/p>\n<p class=\"\" data-is=\"component-paragraph\">Selon le Comit\u00e9, ces documents devraient revenir aux familles concern\u00e9es ou \u00eatre conserv\u00e9s dans des mus\u00e9es et lieux de m\u00e9moire, \u00ab non transform\u00e9s en marchandises d\u00e9grad\u00e9es \u00bb.<\/p>\n<p class=\"\" data-is=\"component-paragraph\">Face \u00e0 la controverse, l\u2019annonce de la vente a disparu dimanche apr\u00e8s-midi du site de la maison Felzmann, sans que celle-ci ne fournisse d\u2019explications. Les tentatives de contact de la presse \u2014 par t\u00e9l\u00e9phone, courriel et message \u2014 sont rest\u00e9es sans r\u00e9ponse.<\/p>\n<p class=\"\" data-is=\"component-paragraph\">Les survivants esp\u00e8rent que la pression publique conduira Felzmann \u00e0 renoncer d\u00e9finitivement \u00e0 cette vente jug\u00e9e moralement inacceptable.<\/p>\n","protected":false},"excerpt":{"rendered":"\u00c0 Berlin, un groupe de survivants de la Shoah appelle une maison de ventes aux ench\u00e8res allemande \u00e0&hellip;\n","protected":false},"author":2,"featured_media":538543,"comment_status":"","ping_status":"","sticky":false,"template":"","format":"standard","meta":{"footnotes":""},"categories":[1587],"tags":[11,672,1804,1805,1803,1777,674,1801,12,1802],"class_list":{"0":"post-538542","1":"post","2":"type-post","3":"status-publish","4":"format-standard","5":"has-post-thumbnail","7":"category-allemagne","8":"tag-actualites","9":"tag-allemagne","10":"tag-bundesrepublik-deutschland","11":"tag-de","12":"tag-deutschland","13":"tag-eu","14":"tag-europe","15":"tag-germany","16":"tag-news","17":"tag-republique-federale-dallemagne"},"share_on_mastodon":{"url":"https:\/\/pubeurope.com\/@fr\/115560579518905709","error":""},"_links":{"self":[{"href":"https:\/\/www.europesays.com\/fr\/wp-json\/wp\/v2\/posts\/538542","targetHints":{"allow":["GET"]}}],"collection":[{"href":"https:\/\/www.europesays.com\/fr\/wp-json\/wp\/v2\/posts"}],"about":[{"href":"https:\/\/www.europesays.com\/fr\/wp-json\/wp\/v2\/types\/post"}],"author":[{"embeddable":true,"href":"https:\/\/www.europesays.com\/fr\/wp-json\/wp\/v2\/users\/2"}],"replies":[{"embeddable":true,"href":"https:\/\/www.europesays.com\/fr\/wp-json\/wp\/v2\/comments?post=538542"}],"version-history":[{"count":0,"href":"https:\/\/www.europesays.com\/fr\/wp-json\/wp\/v2\/posts\/538542\/revisions"}],"wp:featuredmedia":[{"embeddable":true,"href":"https:\/\/www.europesays.com\/fr\/wp-json\/wp\/v2\/media\/538543"}],"wp:attachment":[{"href":"https:\/\/www.europesays.com\/fr\/wp-json\/wp\/v2\/media?parent=538542"}],"wp:term":[{"taxonomy":"category","embeddable":true,"href":"https:\/\/www.europesays.com\/fr\/wp-json\/wp\/v2\/categories?post=538542"},{"taxonomy":"post_tag","embeddable":true,"href":"https:\/\/www.europesays.com\/fr\/wp-json\/wp\/v2\/tags?post=538542"}],"curies":[{"name":"wp","href":"https:\/\/api.w.org\/{rel}","templated":true}]}}