{"id":538564,"date":"2025-11-16T17:49:16","date_gmt":"2025-11-16T17:49:16","guid":{"rendered":"https:\/\/www.europesays.com\/fr\/538564\/"},"modified":"2025-11-16T17:49:16","modified_gmt":"2025-11-16T17:49:16","slug":"une-oeuvre-dart-belge-au-louvre-2-tiktokeurs-dejouent-la-securite-et-accrochent-un-tableau-pres-de-la-joconde","status":"publish","type":"post","link":"https:\/\/www.europesays.com\/fr\/538564\/","title":{"rendered":"\u00ab\u00a0Une \u0153uvre d&rsquo;art belge au Louvre\u00a0\u00bb : 2 Tiktokeurs d\u00e9jouent la s\u00e9curit\u00e9 et accrochent un tableau pr\u00e8s de la Joconde"},"content":{"rendered":"<ul class=\"jsx-862013697 ArticleChapo__List\">\n<li class=\"jsx-862013697 ArticleChapo__List_Item flex\">Les deux jeunes Belges sont parvenus \u00e0 accrocher illicitement leur \u0153uvre non loin du portrait de Monna Lisa.<\/li>\n<li class=\"jsx-862013697 ArticleChapo__List_Item flex\">Ils ont d\u00e9taill\u00e9 leur stratag\u00e8me sur les r\u00e9seaux sociaux.<\/li>\n<li class=\"jsx-862013697 ArticleChapo__List_Item flex\">Ils avaient d\u00e9j\u00e0 fait parler d\u2019eux en s\u2019introduisant dans l\u2019Allianz Arena de Munich lors de la finale de Ligue des champions en mai dernier.<\/li>\n<\/ul>\n<p data-module=\"article-paragraph\" class=\"jsx-3046738180 Paragraph\">Neal et Senne, deux Tiktokeurs belges connus pour leurs canulars, ont r\u00e9ussi \u00e0 d\u00e9jouer le service de s\u00e9curit\u00e9 du <a href=\"https:\/\/www.tf1info.fr\/traditions-et-patrimoine\/vol-au-louvre-les-bijoux-seront-retrouves-reaffirme-emmanuel-macron-2405498.html\" target=\"_blank\" rel=\"noopener\">Louvre<\/a>, quelques semaines seulement apr\u00e8s le casse qui a vu neuf bijoux de la Couronne \u00eatre d\u00e9rob\u00e9s.<\/p>\n<p data-module=\"article-paragraph\" class=\"jsx-3046738180 Paragraph Paragraph__End\">Les deux adolescents sont entr\u00e9s dans le mus\u00e9e avec une \u0153uvre d&rsquo;art en kit avant de l&rsquo;assembler et de l&rsquo;accrocher pr\u00e8s du tableau de <a href=\"https:\/\/www.tf1info.fr\/justice-faits-divers\/video-cambriolage-au-louvre-des-bijoux-beaucoup-plus-celebres-que-la-joconde-derobes-selon-l-historien-eric-anceau-2401685.html\" target=\"_blank\" rel=\"noopener\">la Joconde<\/a>. \u00ab\u00a0C&rsquo;est fait, on d\u00e9colle. Yes, il est accroch\u00e9, il est accroch\u00e9, juste \u00e0 c\u00f4t\u00e9 de la Joconde. Et une dame l&rsquo;a vu. Yes, au tout dernier moment, une \u0153uvre d&rsquo;art belge au Louvre\u00a0\u00bb, peut-on entendre sur la vid\u00e9o post\u00e9e par les deux Tiktokeurs sur les r\u00e9seaux sociaux.\u00a0<\/p>\n<p><a href=\"https:\/\/www.tf1info.fr\/justice-faits-divers\/cambriolage-du-louvre-ce-jour-ou-la-joconde-a-ete-derobee-par-vincenzo-peruggia-un-ouvrier-italien-en-1911-2401597.html\" rel=\"noopener\" class=\"jsx-3308031228 Link flex\" target=\"_blank\"><img decoding=\"async\" src=\"https:\/\/www.europesays.com\/fr\/wp-content\/uploads\/2025\/11\/joconde-2-a364a9-0@1x.jpeg\" alt=\"La Joconde est actuellement expos\u00e9e  dans la salle des Etats, face au plus grand tableau du Louvre, &quot;Les Noces de Cana&quot; de V\u00e9ron\u00e8se.\" loading=\"lazy\" importance=\"low\" fetchpriority=\"low\" class=\"\" aria-hidden=\"true\"\/><\/p>\n<p class=\"jsx-3657663356 ReadMoreArticle__Title\">Lire aussi<\/p>\n<p class=\"jsx-3657663356\">Cambriolage du Louvre : ce jour o\u00f9 \u00ab\u00a0La Joconde\u00a0\u00bb a \u00e9t\u00e9 d\u00e9rob\u00e9e par un ouvrier italien <\/p>\n<p><\/a><\/p>\n<p data-module=\"article-paragraph\" class=\"jsx-3046738180 Paragraph\">Depuis le casse spectaculaire du 19 octobre dernier, la s\u00e9curit\u00e9 a \u00e9t\u00e9 drastiquement renforc\u00e9e au Louvre.\u00a0<\/p>\n<p data-module=\"article-paragraph\" class=\"jsx-3046738180 Paragraph Paragraph__End\">Neal et Senne avaient d\u00e9j\u00e0 fait parler d\u2019eux en s\u2019introduisant dans l\u2019Allianz Arena de Munich lors de la finale de Ligue des champions, en mai dernier, apr\u00e8s avoir pass\u00e9 vingt-sept heures dans les toilettes.<\/p>\n<p>Thibault JEANNIN<\/p>\n","protected":false},"excerpt":{"rendered":"Les deux jeunes Belges sont parvenus \u00e0 accrocher illicitement leur \u0153uvre non loin du portrait de Monna Lisa.&hellip;\n","protected":false},"author":2,"featured_media":538565,"comment_status":"","ping_status":"","sticky":false,"template":"","format":"standard","meta":{"footnotes":""},"categories":[1358],"tags":[1111,11,1921,1348,1384,1385,828,62336,1386,58,59,1011,27,1922,6225,2439,133,5010],"class_list":{"0":"post-538564","1":"post","2":"type-post","3":"status-publish","4":"format-standard","5":"has-post-thumbnail","7":"category-arts-et-design","8":"tag-actu","9":"tag-actualites","10":"tag-article-video","11":"tag-arts","12":"tag-arts-and-design","13":"tag-arts-et-design","14":"tag-belgique","15":"tag-des-bijoux-inestimables-derobes-au-musee-du-louvre","16":"tag-design","17":"tag-divertissement","18":"tag-entertainment","19":"tag-fr","20":"tag-france","21":"tag-info","22":"tag-la-matinale","23":"tag-tiktok","24":"tag-video","25":"tag-video-sujets-de-societe"},"share_on_mastodon":{"url":"https:\/\/pubeurope.com\/@fr\/115560642897520264","error":""},"_links":{"self":[{"href":"https:\/\/www.europesays.com\/fr\/wp-json\/wp\/v2\/posts\/538564","targetHints":{"allow":["GET"]}}],"collection":[{"href":"https:\/\/www.europesays.com\/fr\/wp-json\/wp\/v2\/posts"}],"about":[{"href":"https:\/\/www.europesays.com\/fr\/wp-json\/wp\/v2\/types\/post"}],"author":[{"embeddable":true,"href":"https:\/\/www.europesays.com\/fr\/wp-json\/wp\/v2\/users\/2"}],"replies":[{"embeddable":true,"href":"https:\/\/www.europesays.com\/fr\/wp-json\/wp\/v2\/comments?post=538564"}],"version-history":[{"count":0,"href":"https:\/\/www.europesays.com\/fr\/wp-json\/wp\/v2\/posts\/538564\/revisions"}],"wp:featuredmedia":[{"embeddable":true,"href":"https:\/\/www.europesays.com\/fr\/wp-json\/wp\/v2\/media\/538565"}],"wp:attachment":[{"href":"https:\/\/www.europesays.com\/fr\/wp-json\/wp\/v2\/media?parent=538564"}],"wp:term":[{"taxonomy":"category","embeddable":true,"href":"https:\/\/www.europesays.com\/fr\/wp-json\/wp\/v2\/categories?post=538564"},{"taxonomy":"post_tag","embeddable":true,"href":"https:\/\/www.europesays.com\/fr\/wp-json\/wp\/v2\/tags?post=538564"}],"curies":[{"name":"wp","href":"https:\/\/api.w.org\/{rel}","templated":true}]}}