{"id":538570,"date":"2025-11-16T17:53:17","date_gmt":"2025-11-16T17:53:17","guid":{"rendered":"https:\/\/www.europesays.com\/fr\/538570\/"},"modified":"2025-11-16T17:53:17","modified_gmt":"2025-11-16T17:53:17","slug":"wonder-woman-1984-le-retour-perdant-de-la-super-heroine-feministe","status":"publish","type":"post","link":"https:\/\/www.europesays.com\/fr\/538570\/","title":{"rendered":"\u201cWonder Woman 1984\u201d, le retour perdant de la super-h\u00e9ro\u00efne f\u00e9ministe"},"content":{"rendered":"\n<p class=\"article__chapeau\">En transposant dans les ann\u00e9es 1980 ses aventures, la r\u00e9alisatrice Patty Jenkins ne fait qu\u2019aseptiser la fameuse amazone.<\/p>\n<ul class=\"sheet__notation-container \">\n<li class=\"sheet__notation\"><img decoding=\"async\" src=\"https:\/\/www.telerama.fr\/dist\/assets\/img\/icons\/notation\/notation-2.svg\" alt=\"Bof\"\/><\/li>\n<li class=\"sheet__notation-label\">Bof<\/li>\n<\/ul>\n<p>               <a href=\"https:\/\/www.europesays.com\/fr\/wp-content\/uploads\/2025\/11\/9c360ca_1645640666948-5-wonderwoman1984201908jp-rmiptc.jpg\" data-pswp-width=\"\" data-pswp-height=\"\" class=\"media__hd\" target=\"_blank\">      <img decoding=\"async\" fetchpriority=\"high\" src=\"https:\/\/www.europesays.com\/fr\/wp-content\/uploads\/2025\/11\/9c360ca_1645640666948-5-wonderwoman1984201908jp-rmiptc.jpg\" class=\"media__picture js-media-zoom-main \" alt=\"Gal Gadot. \" title=\"Clay Enos - DC Entertainment - Warner Bros.\"\/>      <\/p>\n<p class=\"media__legend\"> Gal Gadot.   Clay Enos &#8211; DC Entertainment &#8211; Warner Bros.  <\/p>\n<p>     <\/a>                    <\/p>\n<p class=\"author author--simple\">Par  <a class=\"author author--link\" href=\"https:\/\/www.telerama.fr\/recherche\/articles?q=Fr%C3%A9d%C3%A9ric+Strauss\" target=\"_blank\" rel=\"noopener\"> Fr\u00e9d\u00e9ric Strauss <\/a>    <\/p>\n<p class=\"publication__date\">Publi\u00e9 le 16 novembre 2025 \u00e0 17h30<\/p>\n<p>   Partager   <\/p>\n<ul class=\"sharing-popin--results\">\n<li class=\"sharing-popin--item sharing-popin--item-container\"> Partage  <\/li>\n<li data-share=\"linkedin\" class=\"sharing-popin--item\">  LinkedIn <\/li>\n<li data-share=\"facebook\" class=\"sharing-popin--item\">  Facebook <\/li>\n<li data-share=\"mail\" data-social=\"mail\" class=\"sharing-popin--item\">  Envoyer par email <\/li>\n<li data-share=\"copy\" class=\"sharing-popin--item\">  Copier le lien <\/li>\n<\/ul>\n<p>        Favoris       <\/p>\n<p>           Noter (0)          Critiquer (0)      <a class=\"openapp__link\" data-event=\"click-open-app\" data-deep-link=\"tlrm:\/\/element?id=cinema\/wonder-woman-1984-le-retour-perdant-de-la-super-heroine-feministe_cri-7041534.php&amp;source=deeplink_site\">  Lire dans l&rsquo;application<br \/>\n  <\/a>                         <\/p>\n<p class=\"paragraph\">La vie est dure pour les super-h\u00e9ros\u00a0: depuis des mois, on attendait le retour en salles de la nouvelle Wonder Woman. Elle finit par arriver, seulement en DVD\/VOD, et on lui fait grise mine\u2026 Comment imaginer que, sur la lanc\u00e9e du film s\u00e9duisant qui relan\u00e7a le personnage en 2017, la r\u00e9alisatrice Patty Jenkins allait faire moins bien\u00a0? En se chargeant, cette fois, elle-m\u00eame du sc\u00e9nario, elle a fait fausse route. Pour alimenter deux heures et demie d\u2019aventures \u00e0 grand spectacle, elle raconte qu\u2019une pierre magique donne \u00e0 ceux qui la touchent le pouvoir de r\u00e9aliser leur v\u0153u le plus cher, et qu\u2019un homme r\u00eavant de dominer le monde s\u2019en empare. C\u2019est un peu court.<\/p>\n<p class=\"paragraph\">Bien s\u00fbr, la l\u00e9g\u00e8ret\u00e9 est de mise. Le choix des ann\u00e9es 1980 comme toile de fond se veut un retour divertissant \u00e0 l\u2019h\u00e9ro\u00efsme am\u00e9ricain na\u00eff qui survivait encore \u00e0 cette \u00e9poque, apr\u00e8s le triomphe du Superman cr\u00e9\u00e9 par Christopher Reeves en 1978. Mais il est dommage d\u2019avoir jou\u00e9, dans le premier volet, sur la sophistication de Wonder Woman, amazone \u00e9lev\u00e9e loin des pr\u00e9jug\u00e9s sexistes dans un monde antique o\u00f9 elle devint une guerri\u00e8re invincible, pour nous la pr\u00e9senter maintenant comme une gentille justici\u00e8re. Gal Gadot a beau rester l\u2019interpr\u00e8te id\u00e9ale, le charme est bris\u00e9. L\u2019intrigue serait m\u00eame absolument d\u00e9nu\u00e9e d\u2019int\u00e9r\u00eat sans le personnage secondaire de Barbara Minerva. Avec cette femme timide, brim\u00e9e, qui va r\u00e9ussir \u00e0 s\u2019affirmer et \u00e0 reprendre le pouvoir que les hommes voulaient avoir sur elle, le film ouvre des pistes int\u00e9ressantes. Mais pour les refermer tr\u00e8s vite, en faisant d\u2019elle une figure monstrueuse, totalement n\u00e9gative. Les combats de la femme ne sont plus que de la castagne chez Wonder Woman.<\/p>\n<p class=\"edito__prefixe\">   Lire la critique   <\/p>\n<p class=\"edito__text-container\">   q    <a alt=\"Lire aussi\" href=\"https:\/\/www.telerama.fr\/cinema\/films\/wonder-woman,504916.php\" class=\"article__title--edito\" target=\"_blank\" rel=\"noopener\">\u201cWonder Woman\u201d\u00a0: Patty Jenkins\u00a0et Gal Gadot nous offrent un beau personnage de femme forte<\/a>  <\/p>\n","protected":false},"excerpt":{"rendered":"En transposant dans les ann\u00e9es 1980 ses aventures, la r\u00e9alisatrice Patty Jenkins ne fait qu\u2019aseptiser la fameuse amazone.&hellip;\n","protected":false},"author":2,"featured_media":538571,"comment_status":"","ping_status":"","sticky":false,"template":"","format":"standard","meta":{"footnotes":""},"categories":[1354],"tags":[58,59,1346,1011,27,1360],"class_list":{"0":"post-538570","1":"post","2":"type-post","3":"status-publish","4":"format-standard","5":"has-post-thumbnail","7":"category-films","8":"tag-divertissement","9":"tag-entertainment","10":"tag-films","11":"tag-fr","12":"tag-france","13":"tag-movies"},"share_on_mastodon":{"url":"https:\/\/pubeurope.com\/@fr\/115560659355140423","error":""},"_links":{"self":[{"href":"https:\/\/www.europesays.com\/fr\/wp-json\/wp\/v2\/posts\/538570","targetHints":{"allow":["GET"]}}],"collection":[{"href":"https:\/\/www.europesays.com\/fr\/wp-json\/wp\/v2\/posts"}],"about":[{"href":"https:\/\/www.europesays.com\/fr\/wp-json\/wp\/v2\/types\/post"}],"author":[{"embeddable":true,"href":"https:\/\/www.europesays.com\/fr\/wp-json\/wp\/v2\/users\/2"}],"replies":[{"embeddable":true,"href":"https:\/\/www.europesays.com\/fr\/wp-json\/wp\/v2\/comments?post=538570"}],"version-history":[{"count":0,"href":"https:\/\/www.europesays.com\/fr\/wp-json\/wp\/v2\/posts\/538570\/revisions"}],"wp:featuredmedia":[{"embeddable":true,"href":"https:\/\/www.europesays.com\/fr\/wp-json\/wp\/v2\/media\/538571"}],"wp:attachment":[{"href":"https:\/\/www.europesays.com\/fr\/wp-json\/wp\/v2\/media?parent=538570"}],"wp:term":[{"taxonomy":"category","embeddable":true,"href":"https:\/\/www.europesays.com\/fr\/wp-json\/wp\/v2\/categories?post=538570"},{"taxonomy":"post_tag","embeddable":true,"href":"https:\/\/www.europesays.com\/fr\/wp-json\/wp\/v2\/tags?post=538570"}],"curies":[{"name":"wp","href":"https:\/\/api.w.org\/{rel}","templated":true}]}}