{"id":538572,"date":"2025-11-16T17:54:15","date_gmt":"2025-11-16T17:54:15","guid":{"rendered":"https:\/\/www.europesays.com\/fr\/538572\/"},"modified":"2025-11-16T17:54:15","modified_gmt":"2025-11-16T17:54:15","slug":"devriez-vous-faire-surveiller-la-tension-de-votre-enfant","status":"publish","type":"post","link":"https:\/\/www.europesays.com\/fr\/538572\/","title":{"rendered":"devriez-vous faire surveiller la tension de votre enfant\u00a0?"},"content":{"rendered":"<p>    Selon une recommandation d\u2019experts datant de 2020, il faudrait, au moins une fois par an, mesurer la tension art\u00e9rielle des enfants d\u00e8s l\u2019\u00e2ge de 3 ans.<br \/>\n                malkov konstantin \/ stock28studio &#8211; stock.adobe.com<\/p>\n<p>\n    Des chercheurs montrent dans le Lancet que l\u2019hypertension n\u2019est pas rare chez les enfants et adolescents, et qu\u2019elle est en augmentation. Faut-il surveiller leur tension, comme on le fait chez les adultes\u00a0?<\/p>\n<p class=\"fig-paragraph\">C\u2019est une recommandation de 2020 qui semble \u00eatre pass\u00e9e un peu inaper\u00e7ue aupr\u00e8s des p\u00e9diatres et g\u00e9n\u00e9ralistes\u00a0: selon la Soci\u00e9t\u00e9 fran\u00e7aise d\u2019<a href=\"https:\/\/sante.lefigaro.fr\/sante\/maladie\/hypertension-arterielle\/quelles-valeurs\" target=\"_blank\" data-fig-type=\"Keyword\" rel=\"sponsored noopener\" data-gtm-custom-categorie=\"navigation\" data-gtm-custom-action=\"crossclick\" data-gtm-custom-label=\"Contextuel\" data-gtm-event=\"customEventSPE\" data-fig-domain=\"SANTE\">hypertension art\u00e9rielle<\/a>, il conviendrait de d\u00e9pister cette derni\u00e8re une fois par an, \u00ab\u00a0au m\u00eame titre que\u00a0<a href=\"https:\/\/sante.lefigaro.fr\/sante\/bebe\/croissance-developpement\/croissance-tres-rapide-cours-premiere-annee#:~:text=%C3%80%20partir%20de%20l%C3%A0%20et,partir%20du%206%20%C3%A8me%20mois.\" target=\"_blank\" data-fig-type=\"Keyword\" rel=\"sponsored noopener\" data-gtm-custom-categorie=\"navigation\" data-gtm-custom-action=\"crossclick\" data-gtm-custom-label=\"Contextuel\" data-gtm-event=\"customEventSPE\" data-fig-domain=\"SANTE\">le poids, la taille et l\u2019IMC<\/a> \u00a0\u00bb&#8230; chez tous les enfants d\u00e8s l\u2019\u00e2ge de 3 ans\u00a0! Et pour cause\u00a0: \u00ab\u00a0L\u2019incidence de l\u2019hypertension dite \u201cessentielle\u201d, c\u2019est-\u00e0-dire qui n\u2019est pas li\u00e9e \u00e0 une anomalie cardiaque ou r\u00e9nale, augmente dans cette population\u00a0\u00bb, plaide le Dr S\u00e9bastien Hascoet, chef du service de cardiologie p\u00e9diatrique de l\u2019h\u00f4pital Marie-Lannelongue (Le Plessis-Robinson) qui en avait \u00e9t\u00e9 le relecteur.<\/p>\n<p class=\"fig-paragraph\">L\u2019hypertension, un mal que l\u2019on croit souvent r\u00e9serv\u00e9 \u00e0 l\u2019adulte vieillissant, \u00ab\u00a0touche une proportion importante et croissante de la population p\u00e9diatrique mondiale\u00a0\u00bb, confirme une m\u00e9ta-analyse publi\u00e9e ce jeudi dans le Lancet Child &amp; Adolescent. Les auteurs se sont pench\u00e9s sur les donn\u00e9es de plus de 440\u00a0000 enfants et\u2026<\/p>\n<p class=\"fig-premium-paywall__infos\">\n        Cet article est r\u00e9serv\u00e9 aux abonn\u00e9s.        Il vous reste 86% \u00e0 d\u00e9couvrir.\n    <\/p>\n<p>                <img  data- alt=\"Le Figaro\" class=\"fig-img--complete fig-img\"\/><\/p>\n<p class=\"fig-premium-paywall__title\">Black Friday<\/p>\n<p class=\"fig-premium-paywall__subtitle\">-70% sur l&rsquo;abonnement num\u00e9rique<\/p>\n<p class=\"fig-premium-paywall__connect\">\n                D\u00e9j\u00e0 abonn\u00e9\u00a0?                <a class=\"fig-premium-paywall__connect-link\" href=\"https:\/\/connect.lefigaro.fr\/login?client=sante_web&amp;type=main&amp;redirect_uri=https%3A%2F%2Fsante.lefigaro.fr%2Fsocial%2Fsante-publique%2Ffaut-il-s-inquieter-d-une-epidemie-d-hypertension-chez-l-enfant-20251116\" data-js-gtm=\"{&quot;customCategorie&quot;: &quot;conversion&quot;, &quot;customAction&quot;: &quot;before_Landing_Connexion_paywall_auto&quot;, &quot;customLabel&quot;: &quot;c2FudGUubGVmaWdhcm8uZnJfXzFmMGMwYWEzLTBiNzEtNmZiNC1hZDE5LWIxZjRiYzNjNTkwMl9fQXJ0aWNsZQ==_\u00ab\u00c9pid\u00e9mie\u00bb d\u2019hypertension infantile: devriez-vous faire surveiller la tension de votre enfant\u00a0?_323&quot;, &quot;customIDSPE&quot;: &quot;c2FudGUubGVmaWdhcm8uZnJfXzFmMGMwYWEzLTBiNzEtNmZiNC1hZDE5LWIxZjRiYzNjNTkwMl9fQXJ0aWNsZQ==&quot;, &quot;event&quot;: &quot;customEventSPE&quot;}\" target=\"_blank\" rel=\"noopener\"><br \/>\n                    Connectez-vous<br \/>\n                <\/a>\n            <\/p>\n","protected":false},"excerpt":{"rendered":"Selon une recommandation d\u2019experts datant de 2020, il faudrait, au moins une fois par an, mesurer la tension&hellip;\n","protected":false},"author":2,"featured_media":538573,"comment_status":"","ping_status":"","sticky":false,"template":"","format":"standard","meta":{"footnotes":""},"categories":[10],"tags":[1011,27,72,47328,65737,233,71],"class_list":{"0":"post-538572","1":"post","2":"type-post","3":"status-publish","4":"format-standard","5":"has-post-thumbnail","7":"category-sante","8":"tag-fr","9":"tag-france","10":"tag-health","11":"tag-hypertension-arterielle","12":"tag-hypertension-arterielle-et-activite-physique","13":"tag-obesite","14":"tag-sante"},"share_on_mastodon":{"url":"https:\/\/pubeurope.com\/@fr\/115560661989996422","error":""},"_links":{"self":[{"href":"https:\/\/www.europesays.com\/fr\/wp-json\/wp\/v2\/posts\/538572","targetHints":{"allow":["GET"]}}],"collection":[{"href":"https:\/\/www.europesays.com\/fr\/wp-json\/wp\/v2\/posts"}],"about":[{"href":"https:\/\/www.europesays.com\/fr\/wp-json\/wp\/v2\/types\/post"}],"author":[{"embeddable":true,"href":"https:\/\/www.europesays.com\/fr\/wp-json\/wp\/v2\/users\/2"}],"replies":[{"embeddable":true,"href":"https:\/\/www.europesays.com\/fr\/wp-json\/wp\/v2\/comments?post=538572"}],"version-history":[{"count":0,"href":"https:\/\/www.europesays.com\/fr\/wp-json\/wp\/v2\/posts\/538572\/revisions"}],"wp:featuredmedia":[{"embeddable":true,"href":"https:\/\/www.europesays.com\/fr\/wp-json\/wp\/v2\/media\/538573"}],"wp:attachment":[{"href":"https:\/\/www.europesays.com\/fr\/wp-json\/wp\/v2\/media?parent=538572"}],"wp:term":[{"taxonomy":"category","embeddable":true,"href":"https:\/\/www.europesays.com\/fr\/wp-json\/wp\/v2\/categories?post=538572"},{"taxonomy":"post_tag","embeddable":true,"href":"https:\/\/www.europesays.com\/fr\/wp-json\/wp\/v2\/tags?post=538572"}],"curies":[{"name":"wp","href":"https:\/\/api.w.org\/{rel}","templated":true}]}}