{"id":538586,"date":"2025-11-16T18:06:21","date_gmt":"2025-11-16T18:06:21","guid":{"rendered":"https:\/\/www.europesays.com\/fr\/538586\/"},"modified":"2025-11-16T18:06:21","modified_gmt":"2025-11-16T18:06:21","slug":"apres-laffaissement-un-chantier-complique-a-lecole-fauriel","status":"publish","type":"post","link":"https:\/\/www.europesays.com\/fr\/538586\/","title":{"rendered":"apr\u00e8s l\u2019affaissement, un chantier compliqu\u00e9 \u00e0 l\u2019\u00e9cole Fauriel"},"content":{"rendered":"<p>R\u00e9actifs. Les services de la Ville l\u2019ont \u00e9t\u00e9 pour traiter et r\u00e9soudre l\u2019incident qui a perturb\u00e9, durant quelques jours, le fonctionnement de l\u2019\u00e9cole maternelle Fauriel, situ\u00e9e au 32 rue des Francs-Ma\u00e7ons.<\/p>\n<p>On rembobine. Mi-octobre, des investigations sont men\u00e9es par les agents municipaux pour identifier la source des odeurs persistantes qui incommodent l\u2019\u00e9quipe des enseignants et les \u00e9l\u00e8ves de cet \u00e9tablissement qui accueille 124 \u00e9l\u00e8ves, r\u00e9partis en six classes.<\/p>\n<p>La grande r\u00e9activit\u00e9 des agents de la Ville<\/p>\n<p>Le vide sanitaire est \u00e0 l\u2019origine des \u00e9manations, mais des recherches plus pouss\u00e9es dans le secteur identifient un affaissement partiel d\u2019une galerie d\u2019assainissement sous le p\u00f4le sanitaire o\u00f9 coule le&#8230;<\/p>\n","protected":false},"excerpt":{"rendered":"R\u00e9actifs. Les services de la Ville l\u2019ont \u00e9t\u00e9 pour traiter et r\u00e9soudre l\u2019incident qui a perturb\u00e9, durant quelques&hellip;\n","protected":false},"author":2,"featured_media":538587,"comment_status":"","ping_status":"","sticky":false,"template":"","format":"standard","meta":{"footnotes":""},"categories":[9653],"tags":[1111,11,2430,7539,1057,1777,674,1011,27,10425,12,25,4001,7538],"class_list":{"0":"post-538586","1":"post","2":"type-post","3":"status-publish","4":"format-standard","5":"has-post-thumbnail","7":"category-saint-etienne","8":"tag-actu","9":"tag-actualites","10":"tag-auvergne-rhone-alpes","11":"tag-edition-loire-sud","12":"tag-education","13":"tag-eu","14":"tag-europe","15":"tag-fr","16":"tag-france","17":"tag-maternelle-elementaire","18":"tag-news","19":"tag-republique-francaise","20":"tag-saint-etienne","21":"tag-saint-etienne-ville"},"share_on_mastodon":{"url":"https:\/\/pubeurope.com\/@fr\/115560709116099859","error":""},"_links":{"self":[{"href":"https:\/\/www.europesays.com\/fr\/wp-json\/wp\/v2\/posts\/538586","targetHints":{"allow":["GET"]}}],"collection":[{"href":"https:\/\/www.europesays.com\/fr\/wp-json\/wp\/v2\/posts"}],"about":[{"href":"https:\/\/www.europesays.com\/fr\/wp-json\/wp\/v2\/types\/post"}],"author":[{"embeddable":true,"href":"https:\/\/www.europesays.com\/fr\/wp-json\/wp\/v2\/users\/2"}],"replies":[{"embeddable":true,"href":"https:\/\/www.europesays.com\/fr\/wp-json\/wp\/v2\/comments?post=538586"}],"version-history":[{"count":0,"href":"https:\/\/www.europesays.com\/fr\/wp-json\/wp\/v2\/posts\/538586\/revisions"}],"wp:featuredmedia":[{"embeddable":true,"href":"https:\/\/www.europesays.com\/fr\/wp-json\/wp\/v2\/media\/538587"}],"wp:attachment":[{"href":"https:\/\/www.europesays.com\/fr\/wp-json\/wp\/v2\/media?parent=538586"}],"wp:term":[{"taxonomy":"category","embeddable":true,"href":"https:\/\/www.europesays.com\/fr\/wp-json\/wp\/v2\/categories?post=538586"},{"taxonomy":"post_tag","embeddable":true,"href":"https:\/\/www.europesays.com\/fr\/wp-json\/wp\/v2\/tags?post=538586"}],"curies":[{"name":"wp","href":"https:\/\/api.w.org\/{rel}","templated":true}]}}