{"id":538588,"date":"2025-11-16T18:07:14","date_gmt":"2025-11-16T18:07:14","guid":{"rendered":"https:\/\/www.europesays.com\/fr\/538588\/"},"modified":"2025-11-16T18:07:14","modified_gmt":"2025-11-16T18:07:14","slug":"saint-etienne-controle-en-pleine-nuit-avec-une-moto-volee-qui-depasse-de-son-coffre","status":"publish","type":"post","link":"https:\/\/www.europesays.com\/fr\/538588\/","title":{"rendered":"Saint-\u00c9tienne. Contr\u00f4l\u00e9 en pleine nuit avec une moto vol\u00e9e qui d\u00e9passe de son coffre"},"content":{"rendered":"<p>C\u2019est une d\u00e9couverte pour le moins inhabituelle qu\u2019ont r\u00e9alis\u00e9e les agents de police de la brigade de nuit le mardi 11\u00a0novembre, vers 23\u00a0h\u00a030.<\/p>\n<p>Alors que leur \u00e9quipage se trouve en faction dans la grande rue de Saint-Etienne, au niveau de la rue du 11-novembre, dans le quartier de Centre-Deux, les fonctionnaires rep\u00e8rent un v\u00e9hicule circulant le coffre ouvert, avec une motocross qui d\u00e9passe de l\u2019habitacle.<\/p>\n<p>  Les num\u00e9ros de s\u00e9rie effac\u00e9s<\/p>\n<p>Au cours du contr\u00f4le, les policiers vont se rendre compte que les num\u00e9ros de s\u00e9rie du deux-roues de petite cylindr\u00e9e ont \u00e9t\u00e9 effac\u00e9s et remplac\u00e9s. Ils parviennent toutefois \u00e0 retrouver les informations d\u2019origine en poursuivant leurs investigations et d\u00e9couvrent que l\u2019engin a \u00e9t\u00e9 d\u00e9clar\u00e9 vol\u00e9 en ao\u00fbt\u00a02024.<\/p>\n<p>Le conducteur, \u00e2g\u00e9 de 39 ans, a d\u00e8s lors \u00e9t\u00e9 interpell\u00e9 puis plac\u00e9 en garde \u00e0 vue. \u00c0 l\u2019issue et malgr\u00e9 ses tentatives d\u2019explication qui n\u2019ont pas convaincu les forces de l\u2019ordre, il s\u2019est vu signifier une convocation devant le tribunal correctionnel de Saint-\u00c9tienne au cours des prochaines semaines. Il devra notamment r\u00e9pondre de recel de vol.<\/p>\n","protected":false},"excerpt":{"rendered":"C\u2019est une d\u00e9couverte pour le moins inhabituelle qu\u2019ont r\u00e9alis\u00e9e les agents de police de la brigade de nuit&hellip;\n","protected":false},"author":2,"featured_media":538589,"comment_status":"","ping_status":"","sticky":false,"template":"","format":"standard","meta":{"footnotes":""},"categories":[9653],"tags":[1111,11,2430,271,272,7539,1777,674,274,1011,27,3367,12,25,4001,7538,104],"class_list":{"0":"post-538588","1":"post","2":"type-post","3":"status-publish","4":"format-standard","5":"has-post-thumbnail","7":"category-saint-etienne","8":"tag-actu","9":"tag-actualites","10":"tag-auvergne-rhone-alpes","11":"tag-crime","12":"tag-delit-et-contravention","13":"tag-edition-loire-sud","14":"tag-eu","15":"tag-europe","16":"tag-faits-divers-justice","17":"tag-fr","18":"tag-france","19":"tag-loire","20":"tag-news","21":"tag-republique-francaise","22":"tag-saint-etienne","23":"tag-saint-etienne-ville","24":"tag-societe"},"share_on_mastodon":{"url":"https:\/\/pubeurope.com\/@fr\/115560713122612767","error":""},"_links":{"self":[{"href":"https:\/\/www.europesays.com\/fr\/wp-json\/wp\/v2\/posts\/538588","targetHints":{"allow":["GET"]}}],"collection":[{"href":"https:\/\/www.europesays.com\/fr\/wp-json\/wp\/v2\/posts"}],"about":[{"href":"https:\/\/www.europesays.com\/fr\/wp-json\/wp\/v2\/types\/post"}],"author":[{"embeddable":true,"href":"https:\/\/www.europesays.com\/fr\/wp-json\/wp\/v2\/users\/2"}],"replies":[{"embeddable":true,"href":"https:\/\/www.europesays.com\/fr\/wp-json\/wp\/v2\/comments?post=538588"}],"version-history":[{"count":0,"href":"https:\/\/www.europesays.com\/fr\/wp-json\/wp\/v2\/posts\/538588\/revisions"}],"wp:featuredmedia":[{"embeddable":true,"href":"https:\/\/www.europesays.com\/fr\/wp-json\/wp\/v2\/media\/538589"}],"wp:attachment":[{"href":"https:\/\/www.europesays.com\/fr\/wp-json\/wp\/v2\/media?parent=538588"}],"wp:term":[{"taxonomy":"category","embeddable":true,"href":"https:\/\/www.europesays.com\/fr\/wp-json\/wp\/v2\/categories?post=538588"},{"taxonomy":"post_tag","embeddable":true,"href":"https:\/\/www.europesays.com\/fr\/wp-json\/wp\/v2\/tags?post=538588"}],"curies":[{"name":"wp","href":"https:\/\/api.w.org\/{rel}","templated":true}]}}