{"id":538601,"date":"2025-11-16T18:14:18","date_gmt":"2025-11-16T18:14:18","guid":{"rendered":"https:\/\/www.europesays.com\/fr\/538601\/"},"modified":"2025-11-16T18:14:18","modified_gmt":"2025-11-16T18:14:18","slug":"le-festival-this-is-england-revient-a-rouen-avec-49-courts-metrages-british","status":"publish","type":"post","link":"https:\/\/www.europesays.com\/fr\/538601\/","title":{"rendered":"Le festival THIS IS ENGLAND revient \u00e0 Rouen avec 49 courts-m\u00e9trages british."},"content":{"rendered":"<p>            Le festival de court-m\u00e9trage britannique d\u00e9barque du 15 au 23 novembre \u00e0 l\u2019Omnia et Kinepolis pour sa 14\u00e8me \u00e9dition<\/p>\n<p>Le <strong>festival THIS IS ENGLAND<\/strong> fait son grand retour \u00e0 Rouen du <strong>15 au 23 novembre 2025<\/strong> pour une nouvelle \u00e9dition qui s\u2019annonce aussi p\u00e9tillante qu\u2019un afternoon tea arros\u00e9 de gin. Au programme : <strong>49 courts-m\u00e9trages british et irlandais<\/strong> en VOST, des r\u00e9alisateurs qui viennent de Londres sp\u00e9cialement pour vous, et des soir\u00e9es qui vont vous faire kiffer le cin\u00e9ma d\u2019outre-Manche.<\/p>\n<p>Une ouverture en mode Cannes (mais \u00e0 Rouen)<\/p>\n<p>Le <strong>samedi 15 novembre \u00e0 20h<\/strong>, l\u2019<strong>Omnia<\/strong> accueille la soir\u00e9e d\u2019ouverture avec <strong>URCHIN<\/strong>, le film de Harris Dickinson qui a rafl\u00e9 le <strong>prix du Meilleur Acteur \u00e0 Cannes<\/strong> cette ann\u00e9e dans la section Un Certain Regard. L\u2019histoire ? Mike, un gars paum\u00e9 dans les rues de Londres qui encha\u00eene les gal\u00e8res jusqu\u2019\u00e0 finir en taule. \u00c0 sa sortie, il tente de se reconstruire. Spoiler : c\u2019est pas gagn\u00e9, mais c\u2019est puissant. Et vous le verrez <strong>avant tout le monde<\/strong> puisque la sortie nationale n\u2019est pr\u00e9vue qu\u2019en 2026.<\/p>\n<blockquote class=\"instagram-media\" data-instgrm-permalink=\"https:\/\/www.instagram.com\/p\/DPRo09iDB7r\/?utm_source=ig_embed&amp;utm_campaign=loading\" data-instgrm-version=\"14\" style=\" background:#FFF; border:0; border-radius:3px; box-shadow:0 0 1px 0 rgba(0,0,0,0.5),0 1px 10px 0 rgba(0,0,0,0.15); margin: 1px; max-width:540px; min-width:326px; padding:0; width:99.375%; width:-webkit-calc(100% - 2px); width:calc(100% - 2px);\" wp_automatic_readability=\"-0.23595505617978\"\/><p>Six soir\u00e9es pour tomber amoureux du court-m\u00e9trage<\/p>\n<p>Du <strong>dimanche 16 au vendredi 21 novembre<\/strong>, c\u2019est <strong>six programmes de 90 minutes<\/strong> r\u00e9partis entre l\u2019<strong>Omnia<\/strong> et <strong>Kinepolis<\/strong>. Fiction, docu, animation : il y en aura pour tous les go\u00fbts. Le concept ? Chaque soir, vous d\u00e9couvrez des p\u00e9pites en pr\u00e9sence des \u00e9quipes des films (oui, les vrais r\u00e9alisateurs, acteurs et producteurs qui traversent la Manche pour vous). Et cerise sur le cake : reprise des films le lendemain dans chaque cin\u00e9ma si vous avez rat\u00e9 le coche.<\/p>\n<p>Le jury ? <strong>100% british<\/strong>, \u00e9videmment. Et pas n\u2019importe qui : des anciens laur\u00e9ats du festival dont certains ont \u00e9t\u00e9 s\u00e9lectionn\u00e9s aux <strong>BAFTA<\/strong> et aux <strong>Oscar<\/strong>. Classe, non ?<\/p>\n<p>Une masterclass et une table ronde pour les passionn\u00e9s<\/p>\n<p><strong>Le mercredi 19 novembre<\/strong>, \u00e7a devient s\u00e9rieux (mais toujours cool). \u00c0 14h, direction l\u2019<strong>H\u00f4tel de R\u00e9gion<\/strong> pour une <strong>table ronde sur la musique de film<\/strong> avec <strong>Christopher Austin<\/strong>, compositeur britannique de renom, et <strong>Vincent Blanchard<\/strong>, le compositeur rouennais c\u00e9saris\u00e9 en 2019. Les deux vont causer de leurs m\u00e9thodes de travail, des diff\u00e9rences entre la France et le UK, et de comment l\u2019IA menace leur m\u00e9tier (spoiler bis : c\u2019est chaud).<\/p>\n<p>\u00c0 <strong>16h30<\/strong>, Christopher Austin encha\u00eene avec une <strong>masterclass \u00ab\u00a0Composing for Film\u00a0\u00bb<\/strong> o\u00f9 il balance ses secrets de fabrication, ses anecdotes et son amour de la musique de cin\u00e9. Et en plus, le mec parle fran\u00e7ais comme Moli\u00e8re.<\/p>\n<p>Ces deux \u00e9v\u00e9nements sont <strong>gratuits sur inscription<\/strong> (envoyez un mail \u00e0 evenements.tie@gmail.com, vite fait bien fait).<\/p>\n<p>Une rencontre insolite avec Will Shears<\/p>\n<p><strong>Vendredi 21 novembre de 18h \u00e0 19h15<\/strong> \u00e0 l\u2019Omnia, venez papoter avec <strong>Will Shears<\/strong>, le r\u00e9alisateur de <strong>Making Tea for Ireland<\/strong>. Son truc ? Il fait des road-trips, pose sa cam\u00e9ra, offre une tasse de th\u00e9 \u00e0 des inconnus et les laisse raconter leur vie. Simple, authentique, et tellement \u00e0 contre-courant des r\u00e9seaux sociaux toxiques. Une belle le\u00e7on d\u2019humanit\u00e9 servie avec du th\u00e9.<\/p>\n<p>La cl\u00f4ture avec un feel-good movie irlandais<\/p>\n<p><strong>Samedi 22 novembre \u00e0 20h<\/strong> au <strong>Kinepolis<\/strong>, c\u2019est l\u2019annonce du <strong>palmar\u00e8s<\/strong> suivie de la projection de <strong>FOUR MOTHERS<\/strong> (distribu\u00e9 par mk2). L\u2019histoire d\u2019Edward, un romancier timide qui doit s\u2019occuper de quatre mamies hautes en couleur (dont sa daronne) le temps d\u2019un week-end. Entre fous rires et moments d\u2019\u00e9motion, c\u2019est le feel-good movie parfait pour clore le festival.<\/p>\n<p style=\"margin: 0; color: #000000; font-size: 16px; font-weight: bold;\">\u00c0 voir aussi sur Rouen Bouge<\/p>\n<\/p>\n<p>                    \u2716\n                <\/p>\n<p>Le <strong>dimanche 23 novembre<\/strong>, s\u00e9ance bonus avec la projection des <strong>films r\u00e9compens\u00e9s<\/strong> \u00e0 l\u2019Omnia (16h) et au Kinepolis (17h).<\/p>\n<p>Infos pratiques<\/p>\n<p>\ud83d\udccd <strong>O\u00f9 ?<\/strong> Omnia &amp; Kinepolis Rouen<br \/>\ud83d\udcc5 <strong>Quand ?<\/strong> Du 15 au 23 novembre 2025<br \/>\ud83d\udcb0 <strong>Combien ?<\/strong> 6\u20ac (tarif r\u00e9duit 4\u20ac)<br \/>\ud83c\udf9f\ufe0f <strong>R\u00e9servations<\/strong> : sur les sites des cin\u00e9mas partenaires<\/p>\n<p><strong>90 professionnels du cin\u00e9ma britannique et irlandais<\/strong> d\u00e9barquent \u00e0 Rouen pour cette \u00e9dition. R\u00e9alisateurs, producteurs, acteurs : ils seront l\u00e0 pour \u00e9changer avec vous chaque soir. Parce que THIS IS ENGLAND, c\u2019est aussi \u00e7a : du partage, de la simplicit\u00e9, et de la vraie rencontre autour du <strong>7\u00e8me art<\/strong>.<\/p>\n<p>Alors, on se retrouve sous les projecteurs ? \ud83c\udfac<\/p>\n<p><strong>Plus d\u2019infos :<\/strong><br \/>\ud83d\udc49 <a href=\"https:\/\/www.thisisengland-festival.com\/\" target=\"_blank\" rel=\"noopener nofollow\">Festival THIS IS ENGLAND<\/a><br \/>\ud83d\udce7 marie.thevenet@thisisengland-festival.com<br \/>\ud83d\udcf1 Instagram : @thisisenglandfestival<\/p>\n<p>            <script async src=\"\/\/www.instagram.com\/embed.js\"><\/script><\/p>\n","protected":false},"excerpt":{"rendered":"Le festival de court-m\u00e9trage britannique d\u00e9barque du 15 au 23 novembre \u00e0 l\u2019Omnia et Kinepolis pour sa 14\u00e8me&hellip;\n","protected":false},"author":2,"featured_media":538602,"comment_status":"","ping_status":"","sticky":false,"template":"","format":"standard","meta":{"footnotes":""},"categories":[9587],"tags":[1111,11,1777,674,1011,27,12,5161,25,9590],"class_list":{"0":"post-538601","1":"post","2":"type-post","3":"status-publish","4":"format-standard","5":"has-post-thumbnail","7":"category-rouen","8":"tag-actu","9":"tag-actualites","10":"tag-eu","11":"tag-europe","12":"tag-fr","13":"tag-france","14":"tag-news","15":"tag-normandie","16":"tag-republique-francaise","17":"tag-rouen"},"share_on_mastodon":{"url":"https:\/\/pubeurope.com\/@fr\/115560740758960036","error":""},"_links":{"self":[{"href":"https:\/\/www.europesays.com\/fr\/wp-json\/wp\/v2\/posts\/538601","targetHints":{"allow":["GET"]}}],"collection":[{"href":"https:\/\/www.europesays.com\/fr\/wp-json\/wp\/v2\/posts"}],"about":[{"href":"https:\/\/www.europesays.com\/fr\/wp-json\/wp\/v2\/types\/post"}],"author":[{"embeddable":true,"href":"https:\/\/www.europesays.com\/fr\/wp-json\/wp\/v2\/users\/2"}],"replies":[{"embeddable":true,"href":"https:\/\/www.europesays.com\/fr\/wp-json\/wp\/v2\/comments?post=538601"}],"version-history":[{"count":0,"href":"https:\/\/www.europesays.com\/fr\/wp-json\/wp\/v2\/posts\/538601\/revisions"}],"wp:featuredmedia":[{"embeddable":true,"href":"https:\/\/www.europesays.com\/fr\/wp-json\/wp\/v2\/media\/538602"}],"wp:attachment":[{"href":"https:\/\/www.europesays.com\/fr\/wp-json\/wp\/v2\/media?parent=538601"}],"wp:term":[{"taxonomy":"category","embeddable":true,"href":"https:\/\/www.europesays.com\/fr\/wp-json\/wp\/v2\/categories?post=538601"},{"taxonomy":"post_tag","embeddable":true,"href":"https:\/\/www.europesays.com\/fr\/wp-json\/wp\/v2\/tags?post=538601"}],"curies":[{"name":"wp","href":"https:\/\/api.w.org\/{rel}","templated":true}]}}