{"id":538603,"date":"2025-11-16T18:15:41","date_gmt":"2025-11-16T18:15:41","guid":{"rendered":"https:\/\/www.europesays.com\/fr\/538603\/"},"modified":"2025-11-16T18:15:41","modified_gmt":"2025-11-16T18:15:41","slug":"aquavital-spa-privilege-on-a-decouvert-un-des-plus-grands-spa-a-15min-de-rouen","status":"publish","type":"post","link":"https:\/\/www.europesays.com\/fr\/538603\/","title":{"rendered":"Aquavital SPA Privil\u00e8ge : on a d\u00e9couvert un des plus grands spa \u00e0 15min de Rouen"},"content":{"rendered":"<p>            Aquavital SPA Privil\u00e8ge au Mesnil-Esnard : le temple du bien-\u00eatre accessible sans gal\u00e8re de parking<\/p>\n<p>Vous savez ce moment o\u00f9 votre corps vous supplie de ralentir, mais que vous n\u2019avez ni le temps ni l\u2019envie de traverser la moiti\u00e9 de la Normandie pour un moment de d\u00e9tente ? Bonne nouvelle : <strong><a href=\"https:\/\/www.institut-aquavital.fr\/\" target=\"_blank\" rel=\"noopener nofollow\">Aquavital SPA Privil\u00e8ge<\/a><\/strong> est \u00e0 <strong>15 minutes chrono du centre de Rouen<\/strong>, avec un parking facile. Exit le stress de tourner 20 minutes pour se garer, ici on arrive zen et on repart encore plus zen.<\/p>\n<p>Un spa qui ne fait pas semblant<\/p>\n<p>Oubliez les instituts de beaut\u00e9 basiques avec une bougie parfum\u00e9e et de la musique relaxante en boucle. Chez Aquavital, on parle d\u2019un <strong>vrai spa<\/strong> avec tout l\u2019\u00e9quipement qui va bien : <strong>jacuzzi<\/strong> avec chromoth\u00e9rapie, <strong>hammam traditionnel<\/strong> carrel\u00e9 comme il faut, et m\u00eame un <strong>sauna norv\u00e9gien<\/strong> pour ceux qui aiment transpirer leurs toxines (et leur stress du boulot).<\/p>\n<p>Le tout dans un espace pens\u00e9 pour accueillir tout le monde : <strong>femmes, hommes, couples, amis<\/strong>, ou m\u00eame en solo si vous avez juste besoin de vous reconnecter avec vous-m\u00eame loin du chaos quotidien.<\/p>\n<blockquote class=\"instagram-media\" data-instgrm-permalink=\"https:\/\/www.instagram.com\/reel\/DQuJB33DeeX\/?utm_source=ig_embed&amp;utm_campaign=loading\" data-instgrm-version=\"14\" style=\" background:#FFF; border:0; border-radius:3px; box-shadow:0 0 1px 0 rgba(0,0,0,0.5),0 1px 10px 0 rgba(0,0,0,0.15); margin: 1px; max-width:540px; min-width:326px; padding:0; width:99.375%; width:-webkit-calc(100% - 2px); width:calc(100% - 2px);\" wp_automatic_readability=\"-0.16030534351145\"\/><p>Des massages qui changent vraiment la donne<\/p>\n<p>Ici, pas de praticienne sortie de nulle part. La boss des lieux est <strong>certifi\u00e9e r\u00e9flexologue<\/strong> par l\u2019\u00c9cole Sup\u00e9rieure de R\u00e9flexologie de l\u2019Institut de M\u00e9decine \u00c9nerg\u00e9tique de Paris, affili\u00e9e \u00e0 la China Foot Reflexology Association. Traduction ? Elle sait exactement o\u00f9 appuyer pour d\u00e9bloquer vos tensions.<\/p>\n<p>Au menu des soins :<\/p>\n<ul class=\"wp-block-list\">\n<li><strong>R\u00e9flexologie plantaire, palmaire et faciale<\/strong> (vos pieds, mains et visage vont enfin respirer)<\/li>\n<li><strong>Digitopuncture<\/strong> : cette technique tib\u00e9taine qui agit par points de pression sur vos circuits nerveux<\/li>\n<li><strong>Amma assis<\/strong> : le massage express en position assise, parfait pour les press\u00e9s<\/li>\n<li><strong>S\u00e9ances Digito-Shiatsu<\/strong> pour relancer l\u2019\u00e9nergie vitale<\/li>\n<\/ul>\n<p>Et si vous venez <strong>en duo<\/strong>, des salles de massage sont pr\u00e9vues pour partager ce moment avec votre moiti\u00e9.<\/p>\n<p>L\u2019espace VIP bien-\u00eatre dont vous r\u00eaviez<\/p>\n<p>Aquavital, c\u2019est aussi un <strong>espace VIP<\/strong> o\u00f9 tout est pens\u00e9 pour votre confort :<\/p>\n<ul class=\"wp-block-list\">\n<li>Une <strong>tisanerie<\/strong> et des <strong>assiettes fra\u00eecheur<\/strong> sur commande (parce qu\u2019apr\u00e8s un hammam, on m\u00e9rite bien un snack healthy)<\/li>\n<li>Des <strong>douches italiennes<\/strong> pour se rincer tranquillement<\/li>\n<li>Un <strong>coin remise en beaut\u00e9<\/strong> avec s\u00e8che-cheveux<\/li>\n<li>Peignoir, drap de bains et tongs fournis (vous n\u2019avez qu\u2019\u00e0 venir les mains dans les poches)<\/li>\n<\/ul>\n<p>Purifier, r\u00e9g\u00e9n\u00e9rer, d\u00e9stresser<\/p>\n<p>Au-del\u00e0 du c\u00f4t\u00e9 \u00ab spa Instagram-friendly \u00bb, Aquavital mise sur les <strong>vrais bienfaits<\/strong> : am\u00e9liorer votre sant\u00e9, booster votre \u00e9nergie vitale, g\u00e9rer votre stress et renforcer vos d\u00e9fenses immunitaires. Les soins sont personnalis\u00e9s selon vos besoins, que vous veniez pour <strong>mincir<\/strong>, vous <strong>d\u00e9toxifier<\/strong> ou simplement <strong>ralentir les effets de l\u2019\u00e2ge<\/strong>.<\/p>\n<p>Les forfaits sont <strong>valables 1 an<\/strong>, histoire de ne pas vous mettre la pression et de revenir quand \u00e7a vous chante.<\/p>\n<p><strong>Aquavital SPA Privil\u00e8ge<\/strong><br \/>\ud83d\udccd Le Mesnil-Esnard (\u00e0 10 min de Rouen)<br \/>\ud83d\ude97 Parking facile<br \/>\ud83d\udc6b Ouvert aux femmes, hommes, couples et groupes<\/p>\n<p style=\"margin: 0; color: #000000; font-size: 16px; font-weight: bold;\">\u00c0 voir aussi sur Rouen Bouge<\/p>\n<\/p>\n<p>                    \u2716\n                <\/p>\n<p>Votre dose de bien-\u00eatre normand vous attend.<\/p>\n<p>            <script async src=\"\/\/www.instagram.com\/embed.js\"><\/script><\/p>\n","protected":false},"excerpt":{"rendered":"Aquavital SPA Privil\u00e8ge au Mesnil-Esnard : le temple du bien-\u00eatre accessible sans gal\u00e8re de parking Vous savez ce&hellip;\n","protected":false},"author":2,"featured_media":538604,"comment_status":"","ping_status":"","sticky":false,"template":"","format":"standard","meta":{"footnotes":""},"categories":[9587],"tags":[1111,11,1777,674,1011,27,12,5161,25,9590],"class_list":{"0":"post-538603","1":"post","2":"type-post","3":"status-publish","4":"format-standard","5":"has-post-thumbnail","7":"category-rouen","8":"tag-actu","9":"tag-actualites","10":"tag-eu","11":"tag-europe","12":"tag-fr","13":"tag-france","14":"tag-news","15":"tag-normandie","16":"tag-republique-francaise","17":"tag-rouen"},"share_on_mastodon":{"url":"https:\/\/pubeurope.com\/@fr\/115560744430454787","error":""},"_links":{"self":[{"href":"https:\/\/www.europesays.com\/fr\/wp-json\/wp\/v2\/posts\/538603","targetHints":{"allow":["GET"]}}],"collection":[{"href":"https:\/\/www.europesays.com\/fr\/wp-json\/wp\/v2\/posts"}],"about":[{"href":"https:\/\/www.europesays.com\/fr\/wp-json\/wp\/v2\/types\/post"}],"author":[{"embeddable":true,"href":"https:\/\/www.europesays.com\/fr\/wp-json\/wp\/v2\/users\/2"}],"replies":[{"embeddable":true,"href":"https:\/\/www.europesays.com\/fr\/wp-json\/wp\/v2\/comments?post=538603"}],"version-history":[{"count":0,"href":"https:\/\/www.europesays.com\/fr\/wp-json\/wp\/v2\/posts\/538603\/revisions"}],"wp:featuredmedia":[{"embeddable":true,"href":"https:\/\/www.europesays.com\/fr\/wp-json\/wp\/v2\/media\/538604"}],"wp:attachment":[{"href":"https:\/\/www.europesays.com\/fr\/wp-json\/wp\/v2\/media?parent=538603"}],"wp:term":[{"taxonomy":"category","embeddable":true,"href":"https:\/\/www.europesays.com\/fr\/wp-json\/wp\/v2\/categories?post=538603"},{"taxonomy":"post_tag","embeddable":true,"href":"https:\/\/www.europesays.com\/fr\/wp-json\/wp\/v2\/tags?post=538603"}],"curies":[{"name":"wp","href":"https:\/\/api.w.org\/{rel}","templated":true}]}}