{"id":538605,"date":"2025-11-16T18:17:24","date_gmt":"2025-11-16T18:17:24","guid":{"rendered":"https:\/\/www.europesays.com\/fr\/538605\/"},"modified":"2025-11-16T18:17:24","modified_gmt":"2025-11-16T18:17:24","slug":"saint-ismier-une-soiree-consacree-a-la-voix-des-femmes-a-lagora-ce-mardi","status":"publish","type":"post","link":"https:\/\/www.europesays.com\/fr\/538605\/","title":{"rendered":"Saint-Ismier. Une soir\u00e9e consacr\u00e9e \u00e0 la voix des femmes \u00e0 l\u2019Agora ce mardi"},"content":{"rendered":"<p>\u00ab\u00a0Woman est un tr\u00e8s beau film qui date de 2010 et qui a recueilli le t\u00e9moignage de pr\u00e8s de 2000 femmes \u00e0 travers 50 pays diff\u00e9rents\u00a0\u00bb, affirme avec enthousiasme la directrice de la m\u00e9diath\u00e8que de Saint-Ismier, Marie-Ang\u00e8le Guichard.<\/p>\n<p>Ce long m\u00e9trage sera diffus\u00e9 \u00e0 l\u2019espace Agora le mardi 18\u00a0novembre \u00e0 19\u00a0h\u00a030. L\u2019entr\u00e9e est ouverte \u00e0 toutes et \u00e0 tous et gratuite. Ce film documentaire intimiste, sur des images de Yann Arthus-Bertrand, tente de r\u00e9v\u00e9ler au grand jour les in\u00e9galit\u00e9s et les injustices que subissent les femmes partout dans le monde, \u00e0 des degr\u00e9s divers\u00a0: conditions de vie, \u00e9ducation, mariage forc\u00e9, maternit\u00e9, ind\u00e9pendance financi\u00e8re, sexualit\u00e9&#8230; \u00ab Vous d\u00e9couvrirez la parole des femmes comme vous ne l\u2019aviez jamais entendue auparavant\u00a0\u00bb, poursuit la directrice.<\/p>\n<p>Une cinquantaine de lyc\u00e9ens du lyc\u00e9e horticole de Saint-Ismier en classe de premi\u00e8re et une quarantaine de coll\u00e9giens du coll\u00e8ge du Gr\u00e9sivaudan seront pr\u00e9sents avec leurs professeurs dans l\u2019espace Agora \u00e0 cette occasion. <\/p>\n<p>  Les \u00e9l\u00e8ves travaillent sur la condition f\u00e9minines et la place des femmes dans la science<\/p>\n<p>Ils travaillent dans leurs \u00e9tablissements respectifs sur la condition f\u00e9minine pour les premiers et la place des femmes dans la science pour les seconds. Tout un (beau) programme conduit durant cette ann\u00e9e scolaire par les professeurs et les documentalistes des deux \u00e9tablissements secondaires.<\/p>\n<p>\u00c0 noter que les anciennes Ism\u00e9rusiennes se souviennent que le lyc\u00e9e \u00e9tait auparavant une \u00e9cole m\u00e9nag\u00e8re o\u00f9 l\u2019on apprenait \u00e0 faire la couture, la cuisine et d\u2019autres t\u00e2ches m\u00e9nag\u00e8res. Quelques anciennes \u00e9l\u00e8ves viendront t\u00e9moigner de cette \u00e9poque.<\/p>\n<p>Pour animer le d\u00e9bat qui suivra la projection, Sandrine Heuzey, pr\u00e9sidente de l\u2019association Soroptimist et Mireille Lavagna, membre de l\u2019association Femmes et Sciences et directrice de recherche \u00e9m\u00e9rite au CNRS, se tiendront \u00e0 la disposition des spectateurs. Nul doute que les questions et les argumentations seront nombreuses, accompagn\u00e9es de belles \u00e9motions.<\/p>\n<p>Une belle soir\u00e9e citoyenne en perspective.<\/p>\n<p class=\"note\">Le bar sera ouvert d\u00e8s 19\u00a0h. L\u2019accueil sera assur\u00e9 par les deux associations.<\/p>\n","protected":false},"excerpt":{"rendered":"\u00ab\u00a0Woman est un tr\u00e8s beau film qui date de 2010 et qui a recueilli le t\u00e9moignage de pr\u00e8s&hellip;\n","protected":false},"author":2,"featured_media":538606,"comment_status":"","ping_status":"","sticky":false,"template":"","format":"standard","meta":{"footnotes":""},"categories":[9566],"tags":[1111,11,2430,650,1687,113,1777,674,1011,27,2731,28171,12,25,26980],"class_list":{"0":"post-538605","1":"post","2":"type-post","3":"status-publish","4":"format-standard","5":"has-post-thumbnail","7":"category-grenoble","8":"tag-actu","9":"tag-actualites","10":"tag-auvergne-rhone-alpes","11":"tag-cinema","12":"tag-culture-loisirs","13":"tag-edition-gresivaudan-oisans","14":"tag-eu","15":"tag-europe","16":"tag-fr","17":"tag-france","18":"tag-grenoble","19":"tag-montbonnot-saint-martin-et-autour","20":"tag-news","21":"tag-republique-francaise","22":"tag-saint-ismier"},"share_on_mastodon":{"url":"https:\/\/pubeurope.com\/@fr\/115560752488462550","error":""},"_links":{"self":[{"href":"https:\/\/www.europesays.com\/fr\/wp-json\/wp\/v2\/posts\/538605","targetHints":{"allow":["GET"]}}],"collection":[{"href":"https:\/\/www.europesays.com\/fr\/wp-json\/wp\/v2\/posts"}],"about":[{"href":"https:\/\/www.europesays.com\/fr\/wp-json\/wp\/v2\/types\/post"}],"author":[{"embeddable":true,"href":"https:\/\/www.europesays.com\/fr\/wp-json\/wp\/v2\/users\/2"}],"replies":[{"embeddable":true,"href":"https:\/\/www.europesays.com\/fr\/wp-json\/wp\/v2\/comments?post=538605"}],"version-history":[{"count":0,"href":"https:\/\/www.europesays.com\/fr\/wp-json\/wp\/v2\/posts\/538605\/revisions"}],"wp:featuredmedia":[{"embeddable":true,"href":"https:\/\/www.europesays.com\/fr\/wp-json\/wp\/v2\/media\/538606"}],"wp:attachment":[{"href":"https:\/\/www.europesays.com\/fr\/wp-json\/wp\/v2\/media?parent=538605"}],"wp:term":[{"taxonomy":"category","embeddable":true,"href":"https:\/\/www.europesays.com\/fr\/wp-json\/wp\/v2\/categories?post=538605"},{"taxonomy":"post_tag","embeddable":true,"href":"https:\/\/www.europesays.com\/fr\/wp-json\/wp\/v2\/tags?post=538605"}],"curies":[{"name":"wp","href":"https:\/\/api.w.org\/{rel}","templated":true}]}}