{"id":538609,"date":"2025-11-16T18:19:15","date_gmt":"2025-11-16T18:19:15","guid":{"rendered":"https:\/\/www.europesays.com\/fr\/538609\/"},"modified":"2025-11-16T18:19:15","modified_gmt":"2025-11-16T18:19:15","slug":"cest-tres-impressionnant-ce-chantier-du-centre-de-rennes-attire-les-curieux","status":"publish","type":"post","link":"https:\/\/www.europesays.com\/fr\/538609\/","title":{"rendered":"\u00ab\u00a0C\u2019est tr\u00e8s impressionnant\u00a0\u00bb\u00a0: ce chantier du centre de Rennes attire les curieux"},"content":{"rendered":"<p>\u00ab Ils ne sont pas pr\u00e8s d\u2019arriver au bout. Mais quand se sera fini \u00e7a devrait \u00eatre chouette \u00bb lance un passant perch\u00e9 sur la pointe des pieds pour faire une photo des travaux par-dessus les grilles. Comme lui beaucoup de passants s\u2019arr\u00eatent voir \u00ab le chantier \u00bb en ce dimanche apr\u00e8s-midi. Car c\u2019est une importante <a href=\"https:\/\/www.letelegramme.fr\/ille-et-vilaine\/rennes-35000\/destruction-du-parking-vilaine-a-rennes-tout-savoir-sur-un-chantier-qui-divise-6805023.php?utm_source=chatgpt.com\" target=\"_blank\" rel=\"noopener\">transformation du paysage du centre<\/a> de Rennes qui s\u2019op\u00e8re actuellement. Le parking Vilaine, construit dans les ann\u00e9es 60, qui s\u2019\u00e9tendait de la place de Bretagne \u00e0 la place de la R\u00e9publique, va \u00eatre enti\u00e8rement d\u00e9moli. L\u2019objectif est ainsi de pouvoir redonner \u00e0 la Vilaine toute sa visibilit\u00e9 en r\u00e9am\u00e9nageant notamment les quais avec des espaces plus naturels, v\u00e9g\u00e9talis\u00e9s et cr\u00e9er des \u00ab \u00eelots de fra\u00eecheur \u00bb. Une m\u00e9tamorphose qui s\u2019inscrit dans un vaste projet de r\u00e9am\u00e9nagement du quartier R\u00e9publique.<\/p>\n<p><img decoding=\"async\" src=\"https:\/\/www.europesays.com\/fr\/wp-content\/uploads\/2025\/11\/691a0d0227da9bf75c0fbd20.1.jpeg\" width=\"480\" height=\"300\" class=\"web_golden_m\" loading=\"lazy\" alt=\"\u00ab\u00a0On a voulu voir ce que \u00e7a donnait. C\u2019est tr\u00e8s impressionnant. On peut voir l\u2019envers du d\u00e9cor\u00a0\u00bb.\"\/>\u00ab\u00a0On a voulu voir ce que \u00e7a donnait. C\u2019est tr\u00e8s impressionnant. On peut voir l\u2019envers du d\u00e9cor\u00a0\u00bb. (Le T\u00e9l\u00e9gramme\/Erwan Miloux)\u00ab Ce sera plus agr\u00e9able que le tout b\u00e9ton \u00bb<\/p>\n<p>La premi\u00e8re phase des travaux a d\u00e9but\u00e9 le 13 octobre dernier avec le rabotage de l\u2019enrob\u00e9 recouvrant la dalle. Les op\u00e9rations de sciage de la dalle ont, elles, commenc\u00e9 mercredi 12 novembre. C\u2019est ce que sont venus d\u00e9couvrir Guillaume et Louise : \u00ab On a voulu voir ce que \u00e7a donnait. C\u2019est tr\u00e8s impressionnant. On peut voir l\u2019envers du d\u00e9cor. \u00c7a rappelle un peu le genre d\u2019\u00e9v\u00e8nement du chantier du m\u00e9tro pour les Rennais. On attend de voir l\u2019am\u00e9nagement plus vert. Pour l\u2019instant \u00e7a reste technique mais on ne comprend pas trop comment \u00e7a marche \u00bb. Quand une ouverture de 25 m\u00e8tres sera r\u00e9alis\u00e9e<a href=\"https:\/\/www.letelegramme.fr\/ille-et-vilaine\/rennes-35000\/elle-pese-50-tonnes-a-rennes-la-grignoteuse-flottante-va-bientot-commencer-a-devorer-le-parking-vilaine-6920791.php\" target=\"_blank\" rel=\"noopener\"> une grue pos\u00e9e sur une barge<\/a> entamera son lent parcours de grignotage de la carapace de b\u00e9ton qui devrait se terminer place de la R\u00e9publique dans environ sept mois. D\u2019ici l\u00e0 les commentaires vont bon train : \u00ab Quand on est venus la premi\u00e8re fois il n\u2019y avait rien. L\u00e0 on commence \u00e0 voir l\u2019avanc\u00e9e avec ce trou sur la Vilaine. Au final, ce sera bien plus agr\u00e9able que le tout b\u00e9ton \u00bb constatent Marcel et Annette. M\u00eame avis pour Marianne et Didier : \u00ab C\u2019est un chantier gigantesque avec les barges pour d\u00e9gager les gravats. C\u2019est toujours bien lorsqu\u2019on enl\u00e8ve du b\u00e9ton. Et revoir la Vilaine appara\u00eetre on trouve \u00e7a super. Une fois la v\u00e9g\u00e9tation install\u00e9e, \u00e7a apportera plus de nature, \u00e7a va \u00eatre joli. Ce sera un grand changement. On compte suivre l\u2019avanc\u00e9e des travaux \u00bb<\/p>\n<p><img decoding=\"async\" src=\"https:\/\/www.europesays.com\/fr\/wp-content\/uploads\/2025\/11\/691a0d0283a7a9d6770ff220.1.jpeg\" width=\"480\" height=\"300\" class=\"web_golden_m\" loading=\"lazy\" alt=\"\u00ab\u00a0Quand on est venus la premi\u00e8re fois il n\u2019y avait rien. L\u00e0 on commence \u00e0 voir l\u2019avanc\u00e9e avec ce trou sur la Vilaine\u00a0\u00bb.\"\/>\u00ab\u00a0Quand on est venus la premi\u00e8re fois il n\u2019y avait rien. L\u00e0 on commence \u00e0 voir l\u2019avanc\u00e9e avec ce trou sur la Vilaine\u00a0\u00bb. (Le T\u00e9l\u00e9gramme\/Erwan Miloux)Fin des travaux pr\u00e9vue \u00e0 l\u2019\u00e9t\u00e9 2028<\/p>\n<p>Cette premi\u00e8re partie achev\u00e9e, plusieurs \u00e9tapes du chantier se succ\u00e9deront ensuite, \u00e0 partir du printemps 2026 autour de la place de la R\u00e9publique. La r\u00e9habilitation de la dalle \u00e0 cet endroit d\u00e9butera fin mars 2026 et se d\u00e9roulera durant 14 mois. Fin 2026, la phase de construction d\u2019une passerelle, de pontons et de jardins flottants ainsi que de gradins pr\u00e8s des ponts de la Mission et de Nemours durera 18 mois. D\u00e9but 2027 l\u2019am\u00e9nagement des espaces publics s\u2019\u00e9talera sur 18 mois. Enfin les am\u00e9nagements des abords du Palais du Commerce dureront huit mois \u00e0 partir de d\u00e9but 2028. L\u2019ensemble du projet, chiffr\u00e9 \u00e0 29 M\u20ac, devrait ainsi prendre fin \u00e0 l\u2019\u00e9t\u00e9 2028.<\/p>\n","protected":false},"excerpt":{"rendered":"\u00ab Ils ne sont pas pr\u00e8s d\u2019arriver au bout. Mais quand se sera fini \u00e7a devrait \u00eatre chouette&hellip;\n","protected":false},"author":2,"featured_media":538610,"comment_status":"","ping_status":"","sticky":false,"template":"","format":"standard","meta":{"footnotes":""},"categories":[2821],"tags":[1111,11,829,765,1777,674,1011,27,848,12,584,25],"class_list":{"0":"post-538609","1":"post","2":"type-post","3":"status-publish","4":"format-standard","5":"has-post-thumbnail","7":"category-rennes","8":"tag-actu","9":"tag-actualites","10":"tag-bretagne","11":"tag-en-continu","12":"tag-eu","13":"tag-europe","14":"tag-fr","15":"tag-france","16":"tag-ille-et-vilaine","17":"tag-news","18":"tag-rennes","19":"tag-republique-francaise"},"share_on_mastodon":{"url":"https:\/\/pubeurope.com\/@fr\/115560760928661807","error":""},"_links":{"self":[{"href":"https:\/\/www.europesays.com\/fr\/wp-json\/wp\/v2\/posts\/538609","targetHints":{"allow":["GET"]}}],"collection":[{"href":"https:\/\/www.europesays.com\/fr\/wp-json\/wp\/v2\/posts"}],"about":[{"href":"https:\/\/www.europesays.com\/fr\/wp-json\/wp\/v2\/types\/post"}],"author":[{"embeddable":true,"href":"https:\/\/www.europesays.com\/fr\/wp-json\/wp\/v2\/users\/2"}],"replies":[{"embeddable":true,"href":"https:\/\/www.europesays.com\/fr\/wp-json\/wp\/v2\/comments?post=538609"}],"version-history":[{"count":0,"href":"https:\/\/www.europesays.com\/fr\/wp-json\/wp\/v2\/posts\/538609\/revisions"}],"wp:featuredmedia":[{"embeddable":true,"href":"https:\/\/www.europesays.com\/fr\/wp-json\/wp\/v2\/media\/538610"}],"wp:attachment":[{"href":"https:\/\/www.europesays.com\/fr\/wp-json\/wp\/v2\/media?parent=538609"}],"wp:term":[{"taxonomy":"category","embeddable":true,"href":"https:\/\/www.europesays.com\/fr\/wp-json\/wp\/v2\/categories?post=538609"},{"taxonomy":"post_tag","embeddable":true,"href":"https:\/\/www.europesays.com\/fr\/wp-json\/wp\/v2\/tags?post=538609"}],"curies":[{"name":"wp","href":"https:\/\/api.w.org\/{rel}","templated":true}]}}