{"id":538611,"date":"2025-11-16T18:20:26","date_gmt":"2025-11-16T18:20:26","guid":{"rendered":"https:\/\/www.europesays.com\/fr\/538611\/"},"modified":"2025-11-16T18:20:26","modified_gmt":"2025-11-16T18:20:26","slug":"trafic-fortement-perturbe-a-rennes-voici-ou-il-sera-difficile-de-circuler-a-partir-du-lundi-17-novembre","status":"publish","type":"post","link":"https:\/\/www.europesays.com\/fr\/538611\/","title":{"rendered":"Trafic fortement perturb\u00e9 \u00e0 Rennes\u00a0: voici o\u00f9 il sera difficile de circuler \u00e0 partir du lundi 17\u00a0novembre"},"content":{"rendered":"<p><strong>&#8211; Rocade sud &#8211; porte de Nantes et RN137<\/strong><strong>:<\/strong> la circulation dans le sens entrant vers Rennes <a href=\"https:\/\/www.letelegramme.fr\/ille-et-vilaine\/rennes-35000\/10-septembre-a-rennes-lincendie-du-bus-a-ete-allume-par-lun-des-auteurs-du-blocage-de-la-rocade-selon-le-parquet-6887538.php\" target=\"_blank\" rel=\"noopener\">sera ferm\u00e9e sur le pont d\u2019Alma<\/a> du vendredi 21 novembre \u00e0 21 h, jusqu\u2019au jeudi 27 novembre \u00e0 7 h. Pour les v\u00e9hicules arrivant de Nantes, une d\u00e9viation sera mise en place par la rocade ext\u00e9rieure et la porte d\u2019Angers o\u00f9 les automobilistes pourront faire demi-tour vers la rocade int\u00e9rieure.<\/p>\n<p>La rocade ext\u00e9rieure (sens ouest &gt; est) sera r\u00e9duite \u00e0 une voie de circulation au niveau de l\u2019\u00e9changeur de la porte de Nantes. La bretelle d\u2019insertion sur la rocade ext\u00e9rieure depuis l\u2019avenue Henri Fr\u00e9ville sera \u00e9galement ferm\u00e9e \u00e0 la circulation. De tr\u00e8s fortes perturbations sont attendues \u00e0 partir de la journ\u00e9e du samedi 22 novembre.<\/p>\n<p><strong>&#8211; RD187 :<\/strong> du vendredi 21 novembre \u00e0 21 h au jeudi 27 novembre \u00e0 7 h, la bretelle d\u2019acc\u00e8s \u00e0 la rocade ext\u00e9rieure (sens ouest &gt; est) sera ferm\u00e9e \u00e0 la circulation, compte tenu des perturbations attendues sur la rocade ext\u00e9rieure.<\/p>\n<p><strong>&#8211; Avenue Henri Fr\u00e9ville :<\/strong> du lundi 17 au vendredi 21 novembre, la chauss\u00e9e sera r\u00e9tr\u00e9cie entre le boulevard Albert 1er et la rue de Su\u00e8de, pour permettre \u00e0 Rennes M\u00e9tropole de proc\u00e9der \u00e0 l\u2019installation d\u2019une station de recharge pour les bus \u00e9lectriques.<\/p>\n<p><strong>&#8211; Avenue Jules Maniez :<\/strong> du vendredi 21 novembre \u00e0 janvier 2026, la circulation sera interdite dans le sens ouest &gt; est entre la place Jeanne Laurent et le boulevard Pierre Mend\u00e8s France, afin de permettre \u00e0 Enersud de r\u00e9aliser des travaux sur le r\u00e9seau de chauffage urbain. Une d\u00e9viation sera mise en service par la place Jeanne Laurent, le boulevard Jean Mermoz et le boulevard Pierre Mend\u00e8s France.<\/p>\n<p><strong>&#8211; Rue de Foug\u00e8res :<\/strong> du lundi 17 au vendredi 28 novembre, la circulation sera altern\u00e9e au niveau de la rue Ernest Hello, afin de permettre \u00e0 GRDF de proc\u00e9der \u00e0 une intervention sur le r\u00e9seau de gaz.<\/p>\n<p><strong>&#8211; Avenue du Gallet :<\/strong> du lundi 17 novembre au mercredi 17 d\u00e9cembre, la circulation sera altern\u00e9e, afin de permettre \u00e0 Rennes M\u00e9tropole de r\u00e9aliser des travaux sur le r\u00e9seau d\u2019\u00e9clairage public.<\/p>\n<p><strong>&#8211; Rue Durafour et rue Ren\u00e9 Marcill\u00e9 :<\/strong> du lundi 17 au vendredi 21 novembre, les rues seront ferm\u00e9es \u00e0 la circulation pour permettre \u00e0 Rennes M\u00e9tropole de r\u00e9aliser des travaux d\u2019entretien de chauss\u00e9e.<\/p>\n","protected":false},"excerpt":{"rendered":"&#8211; Rocade sud &#8211; porte de Nantes et RN137: la circulation dans le sens entrant vers Rennes sera&hellip;\n","protected":false},"author":2,"featured_media":538612,"comment_status":"","ping_status":"","sticky":false,"template":"","format":"standard","meta":{"footnotes":""},"categories":[2821],"tags":[1111,11,829,21017,1777,674,1011,27,848,12,584,25],"class_list":{"0":"post-538611","1":"post","2":"type-post","3":"status-publish","4":"format-standard","5":"has-post-thumbnail","7":"category-rennes","8":"tag-actu","9":"tag-actualites","10":"tag-bretagne","11":"tag-deplacements-a-rennes","12":"tag-eu","13":"tag-europe","14":"tag-fr","15":"tag-france","16":"tag-ille-et-vilaine","17":"tag-news","18":"tag-rennes","19":"tag-republique-francaise"},"share_on_mastodon":{"url":"https:\/\/pubeurope.com\/@fr\/115560764179819533","error":""},"_links":{"self":[{"href":"https:\/\/www.europesays.com\/fr\/wp-json\/wp\/v2\/posts\/538611","targetHints":{"allow":["GET"]}}],"collection":[{"href":"https:\/\/www.europesays.com\/fr\/wp-json\/wp\/v2\/posts"}],"about":[{"href":"https:\/\/www.europesays.com\/fr\/wp-json\/wp\/v2\/types\/post"}],"author":[{"embeddable":true,"href":"https:\/\/www.europesays.com\/fr\/wp-json\/wp\/v2\/users\/2"}],"replies":[{"embeddable":true,"href":"https:\/\/www.europesays.com\/fr\/wp-json\/wp\/v2\/comments?post=538611"}],"version-history":[{"count":0,"href":"https:\/\/www.europesays.com\/fr\/wp-json\/wp\/v2\/posts\/538611\/revisions"}],"wp:featuredmedia":[{"embeddable":true,"href":"https:\/\/www.europesays.com\/fr\/wp-json\/wp\/v2\/media\/538612"}],"wp:attachment":[{"href":"https:\/\/www.europesays.com\/fr\/wp-json\/wp\/v2\/media?parent=538611"}],"wp:term":[{"taxonomy":"category","embeddable":true,"href":"https:\/\/www.europesays.com\/fr\/wp-json\/wp\/v2\/categories?post=538611"},{"taxonomy":"post_tag","embeddable":true,"href":"https:\/\/www.europesays.com\/fr\/wp-json\/wp\/v2\/tags?post=538611"}],"curies":[{"name":"wp","href":"https:\/\/api.w.org\/{rel}","templated":true}]}}