{"id":538615,"date":"2025-11-16T18:22:19","date_gmt":"2025-11-16T18:22:19","guid":{"rendered":"https:\/\/www.europesays.com\/fr\/538615\/"},"modified":"2025-11-16T18:22:19","modified_gmt":"2025-11-16T18:22:19","slug":"avec-lorchestre-philharmonique-et-la-trompettiste-lucienne-renaudin-vary-la-lumiere-fut","status":"publish","type":"post","link":"https:\/\/www.europesays.com\/fr\/538615\/","title":{"rendered":"avec l\u2019orchestre philharmonique et la trompettiste Lucienne Renaudin Vary, la lumi\u00e8re fut !"},"content":{"rendered":"<p>Malgr\u00e9 sa forte connotation politique, le concerto pour trompette et orchestre Nobody knows de trouble I see de Bernd Alois Zimmerman intercal\u00e9 entre les deux g\u00e9ants symphonistes s\u2019inscrit pleinement, par ses influences jazz, dans un mouvement g\u00e9n\u00e9ral optimiste. La jeunesse et le sens de l\u2019expressivit\u00e9 de Lucienne Renaudin Vary, devant orchestre, font honneur \u00e0 la trop rare tribune offerte \u00e0 son instrument.<\/p>\n<p>Devant un tutti \u00e0 la coloration&#8230;<\/p>\n","protected":false},"excerpt":{"rendered":"Malgr\u00e9 sa forte connotation politique, le concerto pour trompette et orchestre Nobody knows de trouble I see de&hellip;\n","protected":false},"author":2,"featured_media":538616,"comment_status":"","ping_status":"","sticky":false,"template":"","format":"standard","meta":{"footnotes":""},"categories":[2820],"tags":[1111,11,1687,2880,1777,674,107,1011,27,775,873,12,25,640,2879],"class_list":{"0":"post-538615","1":"post","2":"type-post","3":"status-publish","4":"format-standard","5":"has-post-thumbnail","7":"category-strasbourg","8":"tag-actu","9":"tag-actualites","10":"tag-culture-loisirs","11":"tag-edition-strasbourg","12":"tag-eu","13":"tag-europe","14":"tag-fil-info","15":"tag-fr","16":"tag-france","17":"tag-grand-est","18":"tag-musique","19":"tag-news","20":"tag-republique-francaise","21":"tag-strasbourg","22":"tag-strasbourg-ville"},"share_on_mastodon":{"url":"https:\/\/pubeurope.com\/@fr\/115560772064010396","error":""},"_links":{"self":[{"href":"https:\/\/www.europesays.com\/fr\/wp-json\/wp\/v2\/posts\/538615","targetHints":{"allow":["GET"]}}],"collection":[{"href":"https:\/\/www.europesays.com\/fr\/wp-json\/wp\/v2\/posts"}],"about":[{"href":"https:\/\/www.europesays.com\/fr\/wp-json\/wp\/v2\/types\/post"}],"author":[{"embeddable":true,"href":"https:\/\/www.europesays.com\/fr\/wp-json\/wp\/v2\/users\/2"}],"replies":[{"embeddable":true,"href":"https:\/\/www.europesays.com\/fr\/wp-json\/wp\/v2\/comments?post=538615"}],"version-history":[{"count":0,"href":"https:\/\/www.europesays.com\/fr\/wp-json\/wp\/v2\/posts\/538615\/revisions"}],"wp:featuredmedia":[{"embeddable":true,"href":"https:\/\/www.europesays.com\/fr\/wp-json\/wp\/v2\/media\/538616"}],"wp:attachment":[{"href":"https:\/\/www.europesays.com\/fr\/wp-json\/wp\/v2\/media?parent=538615"}],"wp:term":[{"taxonomy":"category","embeddable":true,"href":"https:\/\/www.europesays.com\/fr\/wp-json\/wp\/v2\/categories?post=538615"},{"taxonomy":"post_tag","embeddable":true,"href":"https:\/\/www.europesays.com\/fr\/wp-json\/wp\/v2\/tags?post=538615"}],"curies":[{"name":"wp","href":"https:\/\/api.w.org\/{rel}","templated":true}]}}