{"id":538633,"date":"2025-11-16T18:32:13","date_gmt":"2025-11-16T18:32:13","guid":{"rendered":"https:\/\/www.europesays.com\/fr\/538633\/"},"modified":"2025-11-16T18:32:13","modified_gmt":"2025-11-16T18:32:13","slug":"le-cafe-jean-de-lille-rouvre-bientot-ses-portes","status":"publish","type":"post","link":"https:\/\/www.europesays.com\/fr\/538633\/","title":{"rendered":"le Caf\u00e9 Jean de Lille rouvre bient\u00f4t ses portes\u00a0!"},"content":{"rendered":"<p>                    Par<br \/>\n        <strong><br \/>\n            <a href=\"https:\/\/actu.fr\/auteur\/amandine-vachez\" title=\"Consulter tous les articles de Amandine Vachez\" target=\"_blank\" rel=\"noopener\">Amandine Vachez<\/a><br \/>\n                    <\/strong><\/p>\n<p>        Publi\u00e9 le<\/p>\n<p>            16 nov. 2025 \u00e0 18h24        <\/p>\n<p>Plus de 100 ans, pour le <b>Caf\u00e9 Jean<\/b> ! Le<b> caf\u00e9 de quartier <\/b>de la rue des Postes ouvert dans les ann\u00e9es 1920 \u00e0 <a href=\"https:\/\/actu.fr\/lille\/\" target=\"_blank\" rel=\"noopener\">Lille<\/a> (Nord) avait \u00e9t\u00e9 <a href=\"https:\/\/actu.fr\/hauts-de-france\/lille_59350\/lille-garder-lambiance-bistrot-une-equipe-plus-jeune-recette-cafe-jean-depuis-7-ans_23592073.html\" target=\"_blank\" rel=\"noopener\">repris en 2012<\/a>. En<b> 2025<\/b>, il va vivre une nouvelle jeunesse, chapeaut\u00e9e par une <b>nouvelle \u00e9quipe. <\/b>Apr\u00e8s la fermeture de l\u2019\u00e9tablissement cet \u00e9t\u00e9, il va<b> rouvrir ses portes tr\u00e8s bient\u00f4t<\/b>, au terme d\u2019une p\u00e9riode de <b>gros travaux<\/b>, comme cela a \u00e9t\u00e9 d\u00e9voil\u00e9 par le nouveau g\u00e9rant \u00e0 Lille actu en avant-premi\u00e8re\u2026\u00a0<\/p>\n<p>Quelle ambiance et quelle date pour l\u2019ouverture ?\u00a0<\/p>\n<p class=\" wall-content\">Depuis quelques semaines, de gros travaux sont entrepris dans le local qui fait l\u2019angle de la rue des Postes et Delespaul. Le Caf\u00e9 Jean est repris par Fethi, qui vient d\u2019ouvrir un autre \u00e9tablissement\u2026 dans la m\u00eame rue ! Vous l\u2019avez peut-\u00eatre d\u00e9j\u00e0 vu derri\u00e8re le comptoir au temps de la Boulangerie Bar en 2012 ou de La R\u00e9serve d\u00e8s 2019, notamment. Lui qui voulait se lancer dans une autre aventure \u2013 il aime r\u00e9am\u00e9nager des lieux d\u00e9saffect\u00e9s ou tomb\u00e9s en d\u00e9su\u00e9tude pour en faire des \u00e9tablissements accueillants et originaux \u2013 a vu deux projets se pr\u00e9senter \u00e0 lui. \u00ab\u00a0J\u2019ai fait le choix\u2026 de ne pas choisir\u00a0\u00bb, confie-t-il avec humour. Alors que <a href=\"https:\/\/actu.fr\/hauts-de-france\/lille_59350\/lille-sista-le-nouveau-bar-jazzy-et-retro-de-wazemmes-ou-se-poser-au-calme_63436925.html\" target=\"_blank\" rel=\"noopener\">Sista est ouvert au num\u00e9ro 78 depuis quelques semaines<\/a>, le g\u00e9rant est en plein dans les travaux \u00e0 quelques m\u00e8tres de l\u00e0.\u00a0<\/p>\n<p class=\" wall-content\">Dans le Caf\u00e9 Jean, il a voulu faire du lieu \u00ab\u00a0ce qu\u2019il aurait pu \u00eatre \u00e0 une autre \u00e9poque.\u00a0\u00bb Le plafond a \u00e9t\u00e9 refait, les moulures aussi\u2026 De<b> grands lustres Art d\u00e9co<\/b> ont \u00e9t\u00e9 accroch\u00e9s dans la pi\u00e8ce principale, dont les <b>murs sont orn\u00e9s de carrelages<\/b>. Les finitions sont en cours, pour un lieu qui retrouvera son charme d\u2019antan.<\/p>\n<p class=\" wall-content\">Fethi a h\u00e2te de rouvrir cette adresse dans sa nouvelle version, d\u2019ici<b> fin novembre.<\/b> Pour rappel, elle se trouve au <b>117 bis, rue des Postes<\/b>, tout pr\u00e8s du \u00ab\u00a0rond point du Serpent\u2019 et de la station de m\u00e9tro Wazemmes. Vivement l\u2019inauguration !<\/p>\n<p class=\" wall-content\">Personnalisez votre actualit\u00e9 en ajoutant vos villes et m\u00e9dias en favori avec <a href=\"https:\/\/moncompte.actu.fr\" title=\"D\u00e9couvez Mon Actu\" rel=\"nofollow noopener\" data-trk=\"{&quot;cta&quot;:{&quot;action&quot;:&quot;https:\\\/\\\/moncompte.actu.fr&quot;,&quot;category&quot;:&quot;mon compte&quot;,&quot;from&quot;:&quot;article footer&quot;,&quot;name&quot;:&quot;Mon actu&quot;,&quot;type&quot;:&quot;cta&quot;}}\" target=\"_blank\">Mon Actu<\/a>.<\/p>\n","protected":false},"excerpt":{"rendered":"Par Amandine Vachez Publi\u00e9 le 16 nov. 2025 \u00e0 18h24 Plus de 100 ans, pour le Caf\u00e9 Jean&hellip;\n","protected":false},"author":2,"featured_media":538634,"comment_status":"","ping_status":"","sticky":false,"template":"","format":"standard","meta":{"footnotes":""},"categories":[2815],"tags":[1111,11,215,33,1777,674,1011,27,811,1307,12,3147,25],"class_list":{"0":"post-538633","1":"post","2":"type-post","3":"status-publish","4":"format-standard","5":"has-post-thumbnail","7":"category-lille","8":"tag-actu","9":"tag-actualites","10":"tag-commerce","11":"tag-economie","12":"tag-eu","13":"tag-europe","14":"tag-fr","15":"tag-france","16":"tag-hauts-de-france","17":"tag-lille","18":"tag-news","19":"tag-nouveaux-commerces","20":"tag-republique-francaise"},"share_on_mastodon":{"url":"https:\/\/pubeurope.com\/@fr\/115560811315083858","error":""},"_links":{"self":[{"href":"https:\/\/www.europesays.com\/fr\/wp-json\/wp\/v2\/posts\/538633","targetHints":{"allow":["GET"]}}],"collection":[{"href":"https:\/\/www.europesays.com\/fr\/wp-json\/wp\/v2\/posts"}],"about":[{"href":"https:\/\/www.europesays.com\/fr\/wp-json\/wp\/v2\/types\/post"}],"author":[{"embeddable":true,"href":"https:\/\/www.europesays.com\/fr\/wp-json\/wp\/v2\/users\/2"}],"replies":[{"embeddable":true,"href":"https:\/\/www.europesays.com\/fr\/wp-json\/wp\/v2\/comments?post=538633"}],"version-history":[{"count":0,"href":"https:\/\/www.europesays.com\/fr\/wp-json\/wp\/v2\/posts\/538633\/revisions"}],"wp:featuredmedia":[{"embeddable":true,"href":"https:\/\/www.europesays.com\/fr\/wp-json\/wp\/v2\/media\/538634"}],"wp:attachment":[{"href":"https:\/\/www.europesays.com\/fr\/wp-json\/wp\/v2\/media?parent=538633"}],"wp:term":[{"taxonomy":"category","embeddable":true,"href":"https:\/\/www.europesays.com\/fr\/wp-json\/wp\/v2\/categories?post=538633"},{"taxonomy":"post_tag","embeddable":true,"href":"https:\/\/www.europesays.com\/fr\/wp-json\/wp\/v2\/tags?post=538633"}],"curies":[{"name":"wp","href":"https:\/\/api.w.org\/{rel}","templated":true}]}}