{"id":538635,"date":"2025-11-16T18:35:35","date_gmt":"2025-11-16T18:35:35","guid":{"rendered":"https:\/\/www.europesays.com\/fr\/538635\/"},"modified":"2025-11-16T18:35:35","modified_gmt":"2025-11-16T18:35:35","slug":"le-guitariste-pierre-durand-en-concert-a-pelissanne-dans-le-cadre-du-festival-de-jazz-des-cinq-continents","status":"publish","type":"post","link":"https:\/\/www.europesays.com\/fr\/538635\/","title":{"rendered":"Le guitariste Pierre Durand en concert \u00e0 P\u00e9lissanne dans le cadre du Festival de jazz des cinq continents"},"content":{"rendered":"<p>La ville de <a href=\"https:\/\/www.laprovence.com\/bouches-du-rhone\/pelissanne-13069\" target=\"_blank\" rel=\"noopener\"><strong>P\u00e9lissanne<\/strong><\/a> (Bouches-du-Rh\u00f4ne)<strong> <\/strong>vous invite \u00e0 un week-end plac\u00e9 sous le signe de la musique et du partage. Du jazz voyageur aux musiques actuelles en passant par un concert classique dans le cadre enchanteur de l&rsquo;\u00e9glise Saint-Maurice, laissez vous emporter par la richesse et la diversit\u00e9 des sonorit\u00e9s.<\/p>\n<p>Concert de Jazz des 5 continents<\/p>\n<p><strong>Vendredi 21 novembre<\/strong> 2025 \u00e0 20 h salle Malacrida <a href=\"https:\/\/www.laprovence.com\/article\/culture-loisirs\/11105662303258\/marseille-jazz-des-cinq-continents-programme-concerts-nouveaux-lieux-une-photographie-mondiale-du-jazz-actuel\" target=\"_blank\" rel=\"noopener\">concert Jazz des 5 continents<\/a>. Pierre Durand est guitariste, compositeur et arrangeur, chanteur \u00e0 l&rsquo;occasion. \u00a0\u00bb Pour moi, le jazz est \u00e0 ma connaissance la seule musique qui allie deux principes qui me touchent : l&rsquo;improvisation et le m\u00e9lange de toutes les musiques du monde. Voil\u00e0 comment on peut r\u00e9unir sous le nom jazz aussi bien Rabih Abou Khalil que John Zorn, Sidney Bechet et Fred Frith \u00ab\u00a0.<\/p>\n<p>Musicien subtil, fin m\u00e9lodiste, Pierre Durand se pla\u00eet \u00e0 explorer les multiples facettes du jazz. Passant d&rsquo;un horizon \u00e0 un autre, il puise dans les racines de la musique afro-am\u00e9ricaine. Une sorte de d\u00e9claration raffin\u00e9e \u00e0 toutes les musiques. Une soir\u00e9e avec le soutien de la <a href=\"https:\/\/www.laprovence.com\/article\/societe\/68268325254565\/l-universite-du-temps-libre-promet-de-la-culture-de-proximite-pour-sa-saison-2025-2026-a-aubagne\" target=\"_blank\" rel=\"noopener\">M\u00e9tropole Aix-Marseille-Provence<\/a> et la Ville de P\u00e9lissanne.<\/p>\n<p>Concerts du conservatoire -M-<strong\/><\/p>\n<p>Le <a href=\"https:\/\/www.laprovence.com\/article\/region\/1113666532044115\/un-chef-d-oeuvre-de-la-musique-sacree-interprete-par-120-choristes-et-un-orchestre-symphonique-a-pelissanne\" target=\"_blank\" rel=\"noopener\">conservatoire -M-<\/a> vous donne rendez-vous&#8230;<\/p>\n","protected":false},"excerpt":{"rendered":"La ville de P\u00e9lissanne (Bouches-du-Rh\u00f4ne) vous invite \u00e0 un week-end plac\u00e9 sous le signe de la musique et&hellip;\n","protected":false},"author":2,"featured_media":538636,"comment_status":"","ping_status":"","sticky":false,"template":"","format":"standard","meta":{"footnotes":""},"categories":[2814],"tags":[17,1111,11,33781,1697,251,1446,15990,1777,674,1011,27,48382,884,12,65738,11850,882,25],"class_list":{"0":"post-538635","1":"post","2":"type-post","3":"status-publish","4":"format-standard","5":"has-post-thumbnail","7":"category-marseille","8":"tag-17","9":"tag-actu","10":"tag-actualites","11":"tag-cadre","12":"tag-concert","13":"tag-culture","14":"tag-dans","15":"tag-durand","16":"tag-eu","17":"tag-europe","18":"tag-fr","19":"tag-france","20":"tag-guitariste","21":"tag-marseille","22":"tag-news","23":"tag-pelissanne","24":"tag-pierre","25":"tag-provence-alpes-cote-dazur","26":"tag-republique-francaise"},"share_on_mastodon":{"url":"https:\/\/pubeurope.com\/@fr\/115560823360112328","error":""},"_links":{"self":[{"href":"https:\/\/www.europesays.com\/fr\/wp-json\/wp\/v2\/posts\/538635","targetHints":{"allow":["GET"]}}],"collection":[{"href":"https:\/\/www.europesays.com\/fr\/wp-json\/wp\/v2\/posts"}],"about":[{"href":"https:\/\/www.europesays.com\/fr\/wp-json\/wp\/v2\/types\/post"}],"author":[{"embeddable":true,"href":"https:\/\/www.europesays.com\/fr\/wp-json\/wp\/v2\/users\/2"}],"replies":[{"embeddable":true,"href":"https:\/\/www.europesays.com\/fr\/wp-json\/wp\/v2\/comments?post=538635"}],"version-history":[{"count":0,"href":"https:\/\/www.europesays.com\/fr\/wp-json\/wp\/v2\/posts\/538635\/revisions"}],"wp:featuredmedia":[{"embeddable":true,"href":"https:\/\/www.europesays.com\/fr\/wp-json\/wp\/v2\/media\/538636"}],"wp:attachment":[{"href":"https:\/\/www.europesays.com\/fr\/wp-json\/wp\/v2\/media?parent=538635"}],"wp:term":[{"taxonomy":"category","embeddable":true,"href":"https:\/\/www.europesays.com\/fr\/wp-json\/wp\/v2\/categories?post=538635"},{"taxonomy":"post_tag","embeddable":true,"href":"https:\/\/www.europesays.com\/fr\/wp-json\/wp\/v2\/tags?post=538635"}],"curies":[{"name":"wp","href":"https:\/\/api.w.org\/{rel}","templated":true}]}}