{"id":538637,"date":"2025-11-16T18:36:21","date_gmt":"2025-11-16T18:36:21","guid":{"rendered":"https:\/\/www.europesays.com\/fr\/538637\/"},"modified":"2025-11-16T18:36:21","modified_gmt":"2025-11-16T18:36:21","slug":"a-marseille-lfi-officialise-le-nom-de-son-candidat-pour-les-municipales-2026","status":"publish","type":"post","link":"https:\/\/www.europesays.com\/fr\/538637\/","title":{"rendered":"\u00c0 Marseille, LFI officialise le nom de son candidat pour les municipales 2026"},"content":{"rendered":"<p>        <img decoding=\"async\" loading=\"lazy\" src=\"https:\/\/www.europesays.com\/fr\/wp-content\/uploads\/2025\/11\/d098b8f_upload-1-r0gxidf4g9si-afp-20250107-36t99m4-v1-midres-francepoliticsjusticetrial.jpg\"  width=\"728\" height=\"409\" alt=\"Le d\u00e9put\u00e9 S\u00e9bastien Delogu a officiellement lanc\u00e9 sa campagne pour la mairie de Marseille ce dimanche 16\u00a0novembre 2025\u00a0avec pour objectif de \u00ab redonner le pouvoir au peuple \u00bb.\"\/>  <\/p>\n<p>MIGUEL MEDINA \/ AFP<\/p>\n<p>Le d\u00e9put\u00e9 S\u00e9bastien Delogu a officiellement lanc\u00e9 sa campagne pour la mairie de Marseille ce dimanche 16\u00a0novembre 2025\u00a0avec pour objectif de \u00ab redonner le pouvoir au peuple \u00bb.<\/p>\n<p class=\"asset asset-text\">POLITIQUE &#8211; Le d\u00e9put\u00e9 des Bouches-du-Rh\u00f4ne <a href=\"https:\/\/www.huffingtonpost.fr\/politique\/article\/lfi-prend-ses-distances-avec-sebastien-delogu-apres-ses-propos-en-algerie_252086.html\" target=\"_blank\" rel=\"noopener\">S\u00e9bastien Delogu<\/a> a \u00e9t\u00e9 officiellement investi par La France insoumise pour \u00eatre la t\u00eate de liste du parti aux \u00e9lections municipales <a href=\"https:\/\/www.huffingtonpost.fr\/politique\/article\/le-film-chretien-sacre-c-ur-devra-bien-etre-reprogramme-a-marseille-ordonne-la-justice_256408.html\" target=\"_blank\" rel=\"noopener\">\u00e0 Marseille<\/a> en mars\u00a02026. Dans la deuxi\u00e8me ville de France, LFI fait donc cavalier seul, comme \u00e0 Lyon et Paris. Le maire sortant divers gauche<a href=\"https:\/\/www.huffingtonpost.fr\/politique\/article\/benoit-payan-devoile-les-menaces-de-mort-recues-a-marseille-pour-avoir-mange-un-couscous_254558.html\" target=\"_blank\" rel=\"noopener\"> Beno\u00eet Payan<\/a> n\u2019a pas encore officialis\u00e9 sa candidature mais il devrait rassembler lui socialistes, communistes et une partie des \u00e9cologistes.<\/p>\n<p class=\"asset asset-text\">\u00ab\u00a0Je connais la moindre rue de Marseille par mon ancien travail de chauffeur de taxi\u00a0\u00bb, a d\u00e9clar\u00e9 S\u00e9bastien Delogu dans un entretien \u00e0 l\u2019AFP. Celui qui a grandi dans<a href=\"https:\/\/www.huffingtonpost.fr\/politique\/article\/macron-a-marseille-promet-dans-les-quartiers-nord-que-ca-ira-mieux-malgre-des-mois-durs-a-venir_219771.html\" target=\"_blank\" rel=\"noopener\"> les quartiers nord<\/a> assure vouloir \u00ab\u00a0ramener le peuple au pouvoir\u00a0\u00bb, et surtout \u00ab\u00a0ne pas laisser Marseille aux magouilleurs qui font du favoritisme et du client\u00e9lisme\u00a0\u00bb.<\/p>\n<p class=\"asset asset-text\">Coutumier des coups d\u2019\u00e9clat qui lui valent soutiens mais aussi nombreuses critiques, l\u2019\u00e9lu s\u2019est notamment illustr\u00e9 en brandissant un<a href=\"https:\/\/www.huffingtonpost.fr\/politique\/article\/drapeau-palestinien-a-l-assemblee-ce-que-dit-le-reglement-de-l-hemicycle_234633.html\" target=\"_blank\" rel=\"noopener\"> drapeau palestinien \u00e0 l\u2019Assembl\u00e9e nationale<\/a> ou en donnant son appui muscl\u00e9 \u00e0 un blocus lyc\u00e9en en 2023.<\/p>\n<p class=\"asset asset-text\">Cette action lui a valu une condamnation pour<a href=\"https:\/\/www.huffingtonpost.fr\/politique\/article\/sebastien-delogu-condamne-a-marseille-pour-avoir-frappe-un-cpe-et-un-proviseur-adjoint_246203.html\" target=\"_blank\" rel=\"noopener\"> violences envers deux cadres de l\u2019\u00c9ducation nationale<\/a>, des faits qu\u2019il conteste mais pour lesquels il n\u2019a pas fait appel. Il a par ailleurs \u00e9t\u00e9 entendu au printemps dans le cadre d\u2019une enqu\u00eate pr\u00e9liminaire sur des documents priv\u00e9s vol\u00e9s \u00e0 un chef d\u2019entreprise dans le contexte d\u2019un conflit social, documents que le d\u00e9put\u00e9 a diffus\u00e9s sur les r\u00e9seaux sociaux. Les investigations se poursuivent.<\/p>\n<p>                     Une liste compos\u00e9e de \u00ab\u00a0gens engag\u00e9s pour Marseille\u00a0\u00bb    <\/p>\n<p class=\"asset asset-text\">La liste de S\u00e9bastien Delogu comportera \u00ab\u00a0des gens engag\u00e9s pour Marseille\u00a0\u00bb et son programme pr\u00e9sent\u00e9 ult\u00e9rieurement, sera ax\u00e9 autour du logement, de la sant\u00e9 et de l\u2019urgence \u00e9cologique. L\u2019\u00e9lu de 38\u00a0ans se r\u00eave d\u2019un destin<a href=\"https:\/\/www.huffingtonpost.fr\/politique\/article\/zohran-mamdani-elu-ces-insoumis-donnent-l-impression-d-avoir-gagne-la-municipale-a-new-york_256791.html\" target=\"_blank\" rel=\"noopener\"> \u00e0 la Zohran Mamdani<\/a>, le d\u00e9mocrate de l\u2019aile gauche du parti qui vient de remporter la mairie de New York, qui \u00ab\u00a0est parti \u00e0 1\u00a0% dans les sondages\u00a0\u00bb. \u00ab\u00a0Il avait 3-4 mesures phares qui lui ont permis de faire comprendre au peuple que c\u2019\u00e9tait un maire qui allait r\u00e9ellement s\u2019occuper des probl\u00e8mes\u00a0\u00bb, analyse-t-il.<\/p>\n<p class=\"asset asset-text\">De l\u2019autre c\u00f4t\u00e9 de l\u2019\u00e9chiquier politique, la droite et le centre partent unis autour de Martine Vassal qui a obtenu le soutien des R\u00e9publicains, d\u2019Horizons et tout r\u00e9cemment du parti pr\u00e9sidentiel Renaissance. <a href=\"https:\/\/www.huffingtonpost.fr\/politique\/article\/quelle-est-cette-proposition-de-loi-anti-rn-portee-par-les-socialistes-qui-fait-hurler-l-extreme-droite_256539.html\" target=\"_blank\" rel=\"noopener\">\u00c0 l\u2019extr\u00eame droite<\/a>, c\u2019est Franck Allisio (Rassemblement national) qui est candidat, avec le soutien d\u00e9sormais du s\u00e9nateur St\u00e9phane Ravier, qui avait un temps ralli\u00e9 \u00c9ric Zemmour et son parti Reconqu\u00eate. S\u00e9bastien Delogu se dit \u00e0 ce sujet \u00ab\u00a0tr\u00e8s serein sur le fait que Marseille est antiraciste, antifasciste et que Marseille se r\u00e9veillera pour faire exprimer la voix du peuple et que l\u2019extr\u00eame droite n\u2019arrivera pas au pouvoir\u00a0\u00bb.<\/p>\n<p class=\"asset asset-text\">Le lancement de la candidature de S\u00e9bastien Delogu se percute avec l\u2019onde de choc provoqu\u00e9 par l\u2019assassinat jeudi d\u2019un <a href=\"https:\/\/www.huffingtonpost.fr\/justice\/article\/mort-du-frere-d-amine-kessaci-a-marseille-ces-elements-qui-installent-la-piste-d-un-assassinat-d-avertissement_257151.html\" target=\"_blank\" rel=\"noopener\">deuxi\u00e8me fr\u00e8re d\u2019Amine Kessaci<\/a>, militant \u00e9cologiste marseillais engag\u00e9 dans la lutte contre le narcobanditisme, dont la justice \u00e9met l\u2019hypoth\u00e8se d\u2019un assassinat d\u2019avertissement. \u00ab\u00a0C\u2019est effroyable. Je travaille depuis le d\u00e9but de mon mandat, main dans la main, avec le collectif des familles de victimes pour alerter et agir. \u00c0 pr\u00e9sent, malheureusement, un cap est franchi\u00a0\u00bb, reconna\u00eet l\u2019\u00e9lu.<\/p>\n","protected":false},"excerpt":{"rendered":"MIGUEL MEDINA \/ AFP Le d\u00e9put\u00e9 S\u00e9bastien Delogu a officiellement lanc\u00e9 sa campagne pour la mairie de Marseille&hellip;\n","protected":false},"author":2,"featured_media":538638,"comment_status":"","ping_status":"","sticky":false,"template":"","format":"standard","meta":{"footnotes":""},"categories":[2814],"tags":[1111,11,1777,674,1011,27,1023,884,3554,12,316,882,25],"class_list":{"0":"post-538637","1":"post","2":"type-post","3":"status-publish","4":"format-standard","5":"has-post-thumbnail","7":"category-marseille","8":"tag-actu","9":"tag-actualites","10":"tag-eu","11":"tag-europe","12":"tag-fr","13":"tag-france","14":"tag-la-france-insoumise-lfi","15":"tag-marseille","16":"tag-municipales","17":"tag-news","18":"tag-politique","19":"tag-provence-alpes-cote-dazur","20":"tag-republique-francaise"},"share_on_mastodon":{"url":"https:\/\/pubeurope.com\/@fr\/115560827856493523","error":""},"_links":{"self":[{"href":"https:\/\/www.europesays.com\/fr\/wp-json\/wp\/v2\/posts\/538637","targetHints":{"allow":["GET"]}}],"collection":[{"href":"https:\/\/www.europesays.com\/fr\/wp-json\/wp\/v2\/posts"}],"about":[{"href":"https:\/\/www.europesays.com\/fr\/wp-json\/wp\/v2\/types\/post"}],"author":[{"embeddable":true,"href":"https:\/\/www.europesays.com\/fr\/wp-json\/wp\/v2\/users\/2"}],"replies":[{"embeddable":true,"href":"https:\/\/www.europesays.com\/fr\/wp-json\/wp\/v2\/comments?post=538637"}],"version-history":[{"count":0,"href":"https:\/\/www.europesays.com\/fr\/wp-json\/wp\/v2\/posts\/538637\/revisions"}],"wp:featuredmedia":[{"embeddable":true,"href":"https:\/\/www.europesays.com\/fr\/wp-json\/wp\/v2\/media\/538638"}],"wp:attachment":[{"href":"https:\/\/www.europesays.com\/fr\/wp-json\/wp\/v2\/media?parent=538637"}],"wp:term":[{"taxonomy":"category","embeddable":true,"href":"https:\/\/www.europesays.com\/fr\/wp-json\/wp\/v2\/categories?post=538637"},{"taxonomy":"post_tag","embeddable":true,"href":"https:\/\/www.europesays.com\/fr\/wp-json\/wp\/v2\/tags?post=538637"}],"curies":[{"name":"wp","href":"https:\/\/api.w.org\/{rel}","templated":true}]}}