{"id":538639,"date":"2025-11-16T18:37:15","date_gmt":"2025-11-16T18:37:15","guid":{"rendered":"https:\/\/www.europesays.com\/fr\/538639\/"},"modified":"2025-11-16T18:37:15","modified_gmt":"2025-11-16T18:37:15","slug":"la-ville-veut-les-steriliser-la-prefecture-dit-non","status":"publish","type":"post","link":"https:\/\/www.europesays.com\/fr\/538639\/","title":{"rendered":"la Ville veut les st\u00e9riliser, la Pr\u00e9fecture dit non"},"content":{"rendered":"<p>Cach\u00e9s derri\u00e8re les roseaux des jardins aquatiques du quartier de la Confluence, ils pointent timidement le bout de leur museau.<\/p>\n<p>Avec leur poil ras brun fonc\u00e9, ces grands cousins du castor sont \u00e0 nouveau sous le feu des projecteurs. Class\u00e9s par l\u2019Europe comme \u00ab\u00a0esp\u00e8ce exotique envahissante pr\u00e9occupante\u00a0\u00bb &#8211; l\u2019une des deux nouvelles cat\u00e9gories pour dire nuisibles -, ils sont au c\u0153ur d\u2019un combat entre la majorit\u00e9 \u00e9cologiste de la ville de Lyon et la pr\u00e9fecture, sous fond de <a href=\"https:\/\/www.google.com\/url?sa=t&amp;rct=j&amp;q=&amp;esrc=s&amp;source=web&amp;cd=&amp;cad=rja&amp;uact=8&amp;ved=2ahUKEwiPwtCC8PGQAxVkfKQEHXZrPYEQFnoECCMQAw&amp;url=https%3A%2F%2Fwww.mesopinions.com%2Fpetition%2Fanimaux%2Fprefete-lyon-stop-massacre-ragondins-a%2F271245%23%3A~%3Atext%3DAux%20c%C3%B4t%C3%A9s%20de%20PAZ%2C%20nous%2Caquatique%20de%20Ouagadougou%20de%20Lyon.%26text%3Davec%20votre%20email-%2CEncore%202%20391%20signatures%20pour%20que%20cette%20p%C3%A9tition%20attire%20l%2Cde%20passer%20dans%20la%20presse.&amp;usg=AOvVaw0y16WR1rEhj4F_6XESR4IZ&amp;opi=89978449\" target=\"_blank\" rel=\"noopener\">p\u00e9tition aux 20\u00a0000 signatures en quatre jours.<\/a><\/p>\n<p>L\u2019affaire des ragondins de Confluence ne remonte pas \u00e0 ce mois de novembre\u00a02025. En mars\u00a02022, <a href=\"https:\/\/www.google.com\/url?sa=t&amp;rct=j&amp;q=&amp;esrc=s&amp;source=web&amp;cd=&amp;cad=rja&amp;uact=8&amp;ved=2ahUKEwibvdrf7_GQAxXuK_sDHeB0FLUQFnoECBsQAQ&amp;url=https%3A%2F%2Fwww.leprogres.fr%2Fenvironnement%2F2022%2F03%2F22%2F17-ragondins-tues-a-la-confluence-par-la-mairie-ecologiste-ce-n-est-pas-de-gaite-de-coeur-que-j-ai-pris-cette-decision&amp;usg=AOvVaw0sk7g2pt5j2thvDr492oY9&amp;opi=89978449\" target=\"_blank\" rel=\"noopener\">17 ragondins avaient \u00e9t\u00e9 abattus sur ordre du maire<\/a> \u00e9cologiste, <a href=\"https:\/\/www.leprogres.fr\/p\/gregory-doucet\" target=\"_blank\" rel=\"noopener\">Gr\u00e9gory Doucet<\/a>, apr\u00e8s une alerte des services de l\u2019\u00c9tat face \u00e0 la pr\u00e9sence \u00ab\u00a0massive\u00a0\u00bb de ragondins dans le quartier. Il y a trois ans, l\u2019adjoint de l\u2019\u00e9poque \u00e0 la biodiversit\u00e9 Nicolas Husson avait reconnu ne pas avoir pris la d\u00e9cision \u00ab\u00a0de gaiet\u00e9 de c\u0153ur\u00a0\u00bb. Aujourd\u2019hui, il semblerait que les positions aient quelque&#8230;<\/p>\n","protected":false},"excerpt":{"rendered":"Cach\u00e9s derri\u00e8re les roseaux des jardins aquatiques du quartier de la Confluence, ils pointent timidement le bout de&hellip;\n","protected":false},"author":2,"featured_media":538640,"comment_status":"","ping_status":"","sticky":false,"template":"","format":"standard","meta":{"footnotes":""},"categories":[1889],"tags":[1111,11,1867,2430,2757,436,1777,674,107,1011,27,2428,2756,12,25,2429,801,104],"class_list":{"0":"post-538639","1":"post","2":"type-post","3":"status-publish","4":"format-standard","5":"has-post-thumbnail","7":"category-lyon","8":"tag-actu","9":"tag-actualites","10":"tag-animaux","11":"tag-auvergne-rhone-alpes","12":"tag-edition-lyon-villeurbanne","13":"tag-environnement","14":"tag-eu","15":"tag-europe","16":"tag-fil-info","17":"tag-fr","18":"tag-france","19":"tag-lyon","20":"tag-lyon-bassin","21":"tag-news","22":"tag-republique-francaise","23":"tag-rhone","24":"tag-social","25":"tag-societe"},"share_on_mastodon":{"url":"https:\/\/pubeurope.com\/@fr\/115560831039189099","error":""},"_links":{"self":[{"href":"https:\/\/www.europesays.com\/fr\/wp-json\/wp\/v2\/posts\/538639","targetHints":{"allow":["GET"]}}],"collection":[{"href":"https:\/\/www.europesays.com\/fr\/wp-json\/wp\/v2\/posts"}],"about":[{"href":"https:\/\/www.europesays.com\/fr\/wp-json\/wp\/v2\/types\/post"}],"author":[{"embeddable":true,"href":"https:\/\/www.europesays.com\/fr\/wp-json\/wp\/v2\/users\/2"}],"replies":[{"embeddable":true,"href":"https:\/\/www.europesays.com\/fr\/wp-json\/wp\/v2\/comments?post=538639"}],"version-history":[{"count":0,"href":"https:\/\/www.europesays.com\/fr\/wp-json\/wp\/v2\/posts\/538639\/revisions"}],"wp:featuredmedia":[{"embeddable":true,"href":"https:\/\/www.europesays.com\/fr\/wp-json\/wp\/v2\/media\/538640"}],"wp:attachment":[{"href":"https:\/\/www.europesays.com\/fr\/wp-json\/wp\/v2\/media?parent=538639"}],"wp:term":[{"taxonomy":"category","embeddable":true,"href":"https:\/\/www.europesays.com\/fr\/wp-json\/wp\/v2\/categories?post=538639"},{"taxonomy":"post_tag","embeddable":true,"href":"https:\/\/www.europesays.com\/fr\/wp-json\/wp\/v2\/tags?post=538639"}],"curies":[{"name":"wp","href":"https:\/\/api.w.org\/{rel}","templated":true}]}}